{"id":161465,"date":"2025-10-07T20:53:11","date_gmt":"2025-10-07T20:53:11","guid":{"rendered":"https:\/\/www.europesays.com\/es\/161465\/"},"modified":"2025-10-07T20:53:11","modified_gmt":"2025-10-07T20:53:11","slug":"dalilah-polanco-cuenta-a-su-amiga-lo-que-piensa-que-mar-le-hizo-frente-a-todos-no-deja-de-ser-una-tramposa-shows-famosos","status":"publish","type":"post","link":"https:\/\/www.europesays.com\/es\/161465\/","title":{"rendered":"Dal\u00edlah Polanco cuenta a su amiga lo que piensa que Mar le hizo frente a todos: \u00abNo deja de ser una tramposa\u00bb | Shows Famosos"},"content":{"rendered":"<p><b>La actriz insisti\u00f3 en que cree que Mar Contreras gan\u00f3 su pase a la final con trampas, pues percibi\u00f3 que la actriz la empuj\u00f3 frente a todos al momento de intentar agarrar la misma caja. <\/b><\/p>\n<p>Record\u00f3 que, tras ser descalificada, se fue enojada con sus compa\u00f1eros, soltando acusaciones, sin pensar en que estaba siendo grabada; sin embargo, sostuvo su creencia de trampa por parte de Mar.<\/p>\n<p>\u00abYa sabes, furiosa yo, despu\u00e9s dije, &#8216;hay c\u00e1maras, cab*\u00f3n&#8217;. <b>Ahora, no deja de ser una tramposa, no lo digo yo, lo dicen todos: &#8216;Ya Mar, una que la haga sin trampa&#8217;, &#8216; \u00c1ndale, pues, pero una que la hagas sin trampa&#8217;. No hay una persona, probablemente Alexis, pero porque \u00e9l no juega con nosotros en nada, pero ha sido un trampear todo el tiempo\u00bb,<\/b> dijo mientras Marta Guzm\u00e1n la escuchaba.<\/p>\n<p>Polanco mencion\u00f3 que, aunque la atenci\u00f3n en la prueba en ese momento estaba en otro lugar, siempre habr\u00e1 quien not\u00f3 su actitud.<\/p>\n<p>\u00abDigo, no cambio mi manera de pensar, pero lo que s\u00ed no me pareci\u00f3 correcto fue la forma, emitir juicios as\u00ed, avent\u00e1ndolo, cuando dices &#8216;estamos en una Gala&#8217;. Yo s\u00e9 que la atenci\u00f3n est\u00e1 en Galilea y en el juego, pero t\u00fa no sabes qui\u00e9n est\u00e1 viendo lo que yo estoy diciendo de este lado\u00bb, expres\u00f3.<\/p>\n<p>Le cont\u00f3 que, aunque sigue pensando que hubo trampa, reconoce que no estuvo bien soltar juicios mientras estaba molesta y por eso ofreci\u00f3 una disculpa a Mar.<\/p>\n<p><b>\u00abFui y le ofrec\u00ed una disculpa porque estaba muy ardida y muy enojada por lo que sucedi\u00f3 ah\u00ed. Ya lo que ella haya pensado&#8230; le ofrec\u00ed una disculpa por eso y fui honesta\u00bb, <\/b>dijo.<\/p>\n<p><b>\u00abOfrecer una disculpa no es f\u00e1cil. Tiene su valor\u00bb,<\/b> reconoci\u00f3 Marta Guzm\u00e1n.<\/p>\n<p>Dal\u00edlah Polanco mencion\u00f3 que, pese a su disculpa, las cosas que dijo no se borran instant\u00e1neamente.<\/p>\n<p><b>\u00abPero tambi\u00e9n eso no se borra, tambi\u00e9n se dan cuenta. No nada m\u00e1s porque ya ofrec\u00ed una disculpa lo otro ya se olvid\u00f3\u00bb,<\/b> reconoci\u00f3.<\/p>\n<p>Sigue cada detalle de La Casa de los Famosos M\u00e9xico 2025 por <b><a target=\"_blank\" href=\"https:\/\/www.lasestrellas.tv\/\" rel=\"nofollow noopener\">Las Estrellas,<\/a> Canal 5 y 24\/7 por ViX.<\/b> <\/p>\n","protected":false},"excerpt":{"rendered":"La actriz insisti\u00f3 en que cree que Mar Contreras gan\u00f3 su pase a la final con trampas, pues&hellip;\n","protected":false},"author":2,"featured_media":161466,"comment_status":"","ping_status":"","sticky":false,"template":"","format":"standard","meta":{"footnotes":""},"categories":[171],"tags":[47697,146,147,25,24,22497,23,214],"class_list":{"0":"post-161465","1":"post","2":"type-post","3":"status-publish","4":"format-standard","5":"has-post-thumbnail","7":"category-tv","8":"tag-dalilah-polanco","9":"tag-entertainment","10":"tag-entretenimiento","11":"tag-es","12":"tag-espana","13":"tag-la-casa-de-los-famosos-mexico-2025","14":"tag-spain","15":"tag-tv"},"share_on_mastodon":{"url":"","error":""},"_links":{"self":[{"href":"https:\/\/www.europesays.com\/es\/wp-json\/wp\/v2\/posts\/161465","targetHints":{"allow":["GET"]}}],"collection":[{"href":"https:\/\/www.europesays.com\/es\/wp-json\/wp\/v2\/posts"}],"about":[{"href":"https:\/\/www.europesays.com\/es\/wp-json\/wp\/v2\/types\/post"}],"author":[{"embeddable":true,"href":"https:\/\/www.europesays.com\/es\/wp-json\/wp\/v2\/users\/2"}],"replies":[{"embeddable":true,"href":"https:\/\/www.europesays.com\/es\/wp-json\/wp\/v2\/comments?post=161465"}],"version-history":[{"count":0,"href":"https:\/\/www.europesays.com\/es\/wp-json\/wp\/v2\/posts\/161465\/revisions"}],"wp:featuredmedia":[{"embeddable":true,"href":"https:\/\/www.europesays.com\/es\/wp-json\/wp\/v2\/media\/161466"}],"wp:attachment":[{"href":"https:\/\/www.europesays.com\/es\/wp-json\/wp\/v2\/media?parent=161465"}],"wp:term":[{"taxonomy":"category","embeddable":true,"href":"https:\/\/www.europesays.com\/es\/wp-json\/wp\/v2\/categories?post=161465"},{"taxonomy":"post_tag","embeddable":true,"href":"https:\/\/www.europesays.com\/es\/wp-json\/wp\/v2\/tags?post=161465"}],"curies":[{"name":"wp","href":"https:\/\/api.w.org\/{rel}","templated":true}]}}