{"id":161467,"date":"2025-10-07T20:56:07","date_gmt":"2025-10-07T20:56:07","guid":{"rendered":"https:\/\/www.europesays.com\/es\/161467\/"},"modified":"2025-10-07T20:56:07","modified_gmt":"2025-10-07T20:56:07","slug":"lebron-james-anuncia-la-decision-de-todas-las-decisiones-era-un-anuncio","status":"publish","type":"post","link":"https:\/\/www.europesays.com\/es\/161467\/","title":{"rendered":"LeBron James anuncia \u00abla decisi\u00f3n de todas las decisiones\u00bb: era un anuncio"},"content":{"rendered":"\n<p>LOS \u00c1NGELES\u00a0\u2014\u00a0El estadounidense LeBron James ten\u00eda otra \u201cdecisi\u00f3n\u201d que anunciar. Result\u00f3 ser un anuncio publicitario. La estrella de los Lakers de Los \u00c1ngeles brome\u00f3 con que tendr\u00eda algo que decir el martes. La referencia a la \u201cdecisi\u00f3n\u201d es un gui\u00f1o a c\u00f3mo anunci\u00f3 en julio de 2010 que se unir\u00eda al Heat de Miami.<\/p>\n<p>Se supon\u00eda que saldr\u00eda al mediod\u00eda, hora del Este, pero Hennessy \u2014la marca de co\u00f1ac con la que James ha estado asociado durante alg\u00fan tiempo\u2014 hizo p\u00fablico el anuncio unos 90 minutos antes de lo previsto. El calendario de entrenamiento de James para el d\u00eda cambi\u00f3, dijo la marca, lo que oblig\u00f3 al cambio en los planes de lanzamiento.<\/p>\n<p>\u201cEste oto\u00f1o, voy a llevar mi talento a Hennessy V.S.O.P\u201d, dijo James en el clip. Incluso la redacci\u00f3n que us\u00f3 en ese anuncio reflej\u00f3 c\u00f3mo anunci\u00f3 que se unir\u00eda al Heat hace 15 a\u00f1os con su infame frase \u201cllevar mi talento a South Beach\u201d.<\/p>\n<p>Hennessy anunci\u00f3 que lanzar\u00eda una botella naranja de edici\u00f3n limitada con el nombre de James en la etiqueta y su caracter\u00edstico gesto de \u201ccoronaci\u00f3n\u201d \u2014un gui\u00f1o a su apodo \u201cRey James\u201d (King James)\u2014. \u201cDonde el primer momento marc\u00f3 un movimiento profesional crucial, esta segunda decisi\u00f3n celebra una reuni\u00f3n creativa y un legado cultural compartido\u201d, dijo Hennessy en el comunicado que anunciaba la medida.<\/p>\n<p>James brome\u00f3 con la campa\u00f1a al publicar en X que tomar\u00eda \u201cla decisi\u00f3n de todas las decisiones\u201d. El video corto lo muestra caminando hacia una silla, luego tomando asiento frente a otro hombre sentado a pocos metros de distancia \u2014recordando vagamente la configuraci\u00f3n de su primera \u201cdecisi\u00f3n\u201d cuando se sent\u00f3 frente al locutor estadounidense Jim Gray para un anuncio televisado de la noticia de que se un\u00eda al Heat.<\/p>\n<p>Las redes sociales se volvieron locas con especulaciones, como era de esperar. James, el m\u00e1ximo anotador de todos los tiempos de la NBA, cumple 41 a\u00f1os en diciembre y no solo es el jugador m\u00e1s veterano actualmente en la NBA, sino que tambi\u00e9n est\u00e1 a punto de establecer un r\u00e9cord al aparecer en su temporada 23 en la liga. No tiene contrato m\u00e1s all\u00e1 de esta temporada, lo que provoc\u00f3 la obvia especulaci\u00f3n de si este ser\u00eda el modo en que anunciar\u00eda un plan de retiro.<\/p>\n<p>Los precios de las entradas para el \u00faltimo partido de la temporada regular de los Lakers en abril se dispararon el lunes en los mercados secundarios, con fan\u00e1ticos dispuestos a gastar mucho dinero por si acaso James decide que esta temporada es la \u00faltima.<\/p>\n<p>Tambi\u00e9n hubo muchas conjeturas en las redes sociales de que la \u00faltima \u201cdecisi\u00f3n\u201d ser\u00eda la participaci\u00f3n de James en una campa\u00f1a publicitaria de alg\u00fan tipo.<\/p>\n<p>\u201cMe gusta mi decisi\u00f3n\u201d, dice James al final del anuncio.<\/p>\n","protected":false},"excerpt":{"rendered":"LOS \u00c1NGELES\u00a0\u2014\u00a0El estadounidense LeBron James ten\u00eda otra \u201cdecisi\u00f3n\u201d que anunciar. Result\u00f3 ser un anuncio publicitario. La estrella de&hellip;\n","protected":false},"author":2,"featured_media":161468,"comment_status":"","ping_status":"","sticky":false,"template":"","format":"standard","meta":{"footnotes":""},"categories":[93],"tags":[1611,6243,658,2347,168,25,24,47884,47883,13783,3841,2568,47886,47885,905,2930,23,167,1152,28464],"class_list":{"0":"post-161467","1":"post","2":"type-post","3":"status-publish","4":"format-standard","5":"has-post-thumbnail","7":"category-deportes","8":"tag-ano","9":"tag-anuncio","10":"tag-campana","11":"tag-decision","12":"tag-deportes","13":"tag-es","14":"tag-espana","15":"tag-heat","16":"tag-hennessy","17":"tag-james","18":"tag-marca","19":"tag-plan","20":"tag-primero-momento","21":"tag-publicitario","22":"tag-red","23":"tag-social","24":"tag-spain","25":"tag-sports","26":"tag-temporada","27":"tag-ultimo-partido"},"share_on_mastodon":{"url":"","error":""},"_links":{"self":[{"href":"https:\/\/www.europesays.com\/es\/wp-json\/wp\/v2\/posts\/161467","targetHints":{"allow":["GET"]}}],"collection":[{"href":"https:\/\/www.europesays.com\/es\/wp-json\/wp\/v2\/posts"}],"about":[{"href":"https:\/\/www.europesays.com\/es\/wp-json\/wp\/v2\/types\/post"}],"author":[{"embeddable":true,"href":"https:\/\/www.europesays.com\/es\/wp-json\/wp\/v2\/users\/2"}],"replies":[{"embeddable":true,"href":"https:\/\/www.europesays.com\/es\/wp-json\/wp\/v2\/comments?post=161467"}],"version-history":[{"count":0,"href":"https:\/\/www.europesays.com\/es\/wp-json\/wp\/v2\/posts\/161467\/revisions"}],"wp:featuredmedia":[{"embeddable":true,"href":"https:\/\/www.europesays.com\/es\/wp-json\/wp\/v2\/media\/161468"}],"wp:attachment":[{"href":"https:\/\/www.europesays.com\/es\/wp-json\/wp\/v2\/media?parent=161467"}],"wp:term":[{"taxonomy":"category","embeddable":true,"href":"https:\/\/www.europesays.com\/es\/wp-json\/wp\/v2\/categories?post=161467"},{"taxonomy":"post_tag","embeddable":true,"href":"https:\/\/www.europesays.com\/es\/wp-json\/wp\/v2\/tags?post=161467"}],"curies":[{"name":"wp","href":"https:\/\/api.w.org\/{rel}","templated":true}]}}