{"id":161475,"date":"2025-10-07T21:01:09","date_gmt":"2025-10-07T21:01:09","guid":{"rendered":"https:\/\/www.europesays.com\/es\/161475\/"},"modified":"2025-10-07T21:01:09","modified_gmt":"2025-10-07T21:01:09","slug":"la-situacion-incierta-de-los-veinte-rehenes-israelies-presumiblemente-vivos-en-gaza","status":"publish","type":"post","link":"https:\/\/www.europesays.com\/es\/161475\/","title":{"rendered":"La situaci\u00f3n incierta de los veinte rehenes israel\u00edes presumiblemente vivos en Gaza"},"content":{"rendered":"<p>    <img src=\"https:\/\/www.europesays.com\/es\/wp-content\/uploads\/2025\/10\/2025-10-07T193A103A53Z-90129976.jpg\" width=\"552\" height=\"768\" alt=\"\" loading=\"eager\" decoding=\"sync\" fetchpriority=\"high\"\/><\/p>\n<p>            afp_tickers        <\/p>\n<p>        Este contenido fue publicado en    <\/p>\n<p>        07 octubre 2025 &#8211; 21:10\n<\/p>\n<p>Veinte rehenes israel\u00edes presuntamente vivos cumplieron el martes dos a\u00f1os de cautiverio en la Franja de Gaza, pero su destino sigue siendo incierto en un momento en que se celebran negociaciones indirectas en El Cairo con vistas a su liberaci\u00f3n y al fin de la guerra entre Israel y Ham\u00e1s.<\/p>\n<p>\u2013 Pruebas de vida \u2013<\/p>\n<p>El primer ministro israel\u00ed, Benjamin Netanyahu, proclam\u00f3 el 26 de septiembre ante la Asamblea General de la ONU los nombres de los 20 rehenes en Gaza que en ese momento se cre\u00edan vivos.<\/p>\n<p>Mientras contin\u00faan los bombardeos israel\u00edes y los combates en la Franja de Gaza, las familias no tienen ninguna certeza sobre el destino de sus seres queridos. En algunos casos, rehenes que se cre\u00edan vivos regresaron a Israel en un ata\u00fad. Este fue el caso, en febrero, del franco-israel\u00ed Ohad Yahalomi.<\/p>\n<p>Desde finales de julio, cuatro rehenes aparecieron vivos en videos difundidos por Ham\u00e1s y la Yihad Isl\u00e1mica, algunos de ellos visiblemente debilitados y desnutridos.<\/p>\n<p>\u2013 Dos posibles muertos \u2013<\/p>\n<p>En su discurso ante la ONU, Netanyahu no mencion\u00f3 los nombres del estudiante nepal\u00ed Bipin Joshi (de 22 a\u00f1os en el momento de su secuestro) y del soldado israel\u00ed Tamir Nimrodi (de 18 a\u00f1os en ese momento).<\/p>\n<p>Se trata de los dos \u00fanicos rehenes cuya muerte nunca ha sido confirmada por el ej\u00e9rcito israel\u00ed, pero de los que nunca ha habido pruebas de vida desde el d\u00eda de su secuestro, el 7 de octubre de 2023.<\/p>\n<p>\u2013 Solo hombres \u2013<\/p>\n<p>Los 20 rehenes que se cree que siguen con vida son todos hombres israel\u00edes (al menos nueve de ellos con doble nacionalidad). La mayor\u00eda tienen menos de 30 a\u00f1os.<\/p>\n<p>Tres son soldados, entre ellos Nimrod Cohen, que, con 21 a\u00f1os, ser\u00eda el reh\u00e9n m\u00e1s joven a\u00fan vivo en cautiverio, y Omri Miran, residente israel\u00ed-h\u00fangaro del kibutz Nahal Oz, en la frontera con Gaza, que ser\u00eda el de m\u00e1s edad (48 a\u00f1os).<\/p>\n<p>M\u00e1s de la mitad de los rehenes restantes (11) estaban en el festival de m\u00fasica Nova.<\/p>\n<p>\u2013 25 cuerpos todav\u00eda retenidos \u2013<\/p>\n<p>Ham\u00e1s y su aliado, la Yihad Isl\u00e1mica, tambi\u00e9n retienen los cad\u00e1veres de 25 rehenes del 7 de octubre, cuya muerte confirm\u00f3 el ej\u00e9rcito israel\u00ed. Al menos 17 de ellos fueron asesinados el d\u00eda del ataque y trasladados muertos a Gaza, seg\u00fan el ej\u00e9rcito israel\u00ed.<\/p>\n<p>Ham\u00e1s retiene adem\u00e1s a un soldado israel\u00ed muerto en 2014 durante una guerra anterior en Gaza.<\/p>\n<p>\u2013 146 rehenes liberados, 58 cuerpos repatriados \u2013<\/p>\n<p>El 7 de octubre de 2023, durante el ataque de Ham\u00e1s y sus aliados contra el sur de Israel, los comandos del movimiento islamista palestino se llevaron a Gaza a 251 personas y cad\u00e1veres.<\/p>\n<p>De ese total, 146 personas regresaron con vida a Israel y 58 cuerpos fueron repatriados.<\/p>\n<p>Las liberaciones tuvieron lugar principalmente durante dos treguas, una en noviembre de 2023, en la que se liber\u00f3 principalmente a mujeres, ni\u00f1os y trabajadores extranjeros, y otra del 19 de enero al 18 de marzo de 2025, que permiti\u00f3 la liberaci\u00f3n de las \u00faltimas mujeres vivas, personas mayores y rehenes con problemas de salud.<\/p>\n<p>Adem\u00e1s, ocho rehenes fueron liberados durante operaciones del ej\u00e9rcito israel\u00ed.<\/p>\n<p>Ning\u00fan reh\u00e9n ha sido liberado con vida desde el israel\u00ed-estadounidense Edan Alexander el 12 de mayo.<\/p>\n<p>\u2013 22 israel\u00ed-argentinos \u2013<\/p>\n<p>Durante el ataque del 7 de octubre de 2023, al menos 41 personas fueron asesinadas en la Franja de Gaza, entre ellas 11 de los 25 soldados capturados.\u00a0<\/p>\n<p>Del total de rehenes muertos o vivos, 144 eran hombres, 71 mujeres y 36 menores; 216 eran israel\u00edes o ten\u00edan doble nacionalidad, 31 eran trabajadores agr\u00edcolas tailandeses y 4 eran rehenes de otras nacionalidades.<\/p>\n<p>Entre los 102 con doble nacionalidad, hab\u00eda al menos 22 israel\u00ed-argentinos -entre ellos el beb\u00e9 Kfir y su hermano Ariel Bibas, que se convirtieron en s\u00edmbolos en Israel y cuyos cuerpos fueron repatriados el 20 de febrero-, 19 israel\u00ed-alemanes y 16 israel\u00ed-estadounidenses. Algunos de ellos fueron nacionalizados durante su cautiverio para facilitar su liberaci\u00f3n.<\/p>\n<p>En la frontera con la Franja de Gaza, Nir Oz es el kibutz donde se secuestr\u00f3 a m\u00e1s rehenes (76, incluidos los trabajadores extranjeros), por delante de Beeri (34) y Kfar Aza (19).<\/p>\n<p>Adem\u00e1s, 43 personas fueron secuestradas cuando intentaban huir del festival de m\u00fasica electr\u00f3nica Nova, al que asistieron m\u00e1s de 3.000 personas, de las cuales al menos 370 fueron masacradas.<\/p>\n<p>mib-jah\/maj\/mj\/gl\/hgs\/mb<\/p>\n","protected":false},"excerpt":{"rendered":"afp_tickers Este contenido fue publicado en 07 octubre 2025 &#8211; 21:10 Veinte rehenes israel\u00edes presuntamente vivos cumplieron el&hellip;\n","protected":false},"author":2,"featured_media":161476,"comment_status":"","ping_status":"","sticky":false,"template":"","format":"standard","meta":{"footnotes":""},"categories":[42],"tags":[635,11642,17,18,636,11643,83,13,14,4437,11,61,62,63,86,64,19,20,9,10,15,16,88,44965,90,12,21,22,3191,65,66,67],"class_list":{"0":"post-161475","1":"post","2":"type-post","3":"status-publish","4":"format-standard","5":"has-post-thumbnail","7":"category-internacional","8":"tag-armed-conflict","9":"tag-armed-forces","10":"tag-breaking-news","11":"tag-breakingnews","12":"tag-conflict","13":"tag-defence","14":"tag-diplomacy","15":"tag-featured-news","16":"tag-featurednews","17":"tag-government","18":"tag-headlines","19":"tag-internacional","20":"tag-international","21":"tag-international-news","22":"tag-international-relations","23":"tag-internationalnews","24":"tag-latest-news","25":"tag-latestnews","26":"tag-news","27":"tag-noticias","28":"tag-noticias-destacadas","29":"tag-noticiasdestacadas","30":"tag-politics","31":"tag-prisoners-and-detainees","32":"tag-ticker","33":"tag-titulares","34":"tag-ultimas-noticias","35":"tag-ultimasnoticias","36":"tag-war","37":"tag-world","38":"tag-world-news","39":"tag-worldnews"},"share_on_mastodon":{"url":"","error":""},"_links":{"self":[{"href":"https:\/\/www.europesays.com\/es\/wp-json\/wp\/v2\/posts\/161475","targetHints":{"allow":["GET"]}}],"collection":[{"href":"https:\/\/www.europesays.com\/es\/wp-json\/wp\/v2\/posts"}],"about":[{"href":"https:\/\/www.europesays.com\/es\/wp-json\/wp\/v2\/types\/post"}],"author":[{"embeddable":true,"href":"https:\/\/www.europesays.com\/es\/wp-json\/wp\/v2\/users\/2"}],"replies":[{"embeddable":true,"href":"https:\/\/www.europesays.com\/es\/wp-json\/wp\/v2\/comments?post=161475"}],"version-history":[{"count":0,"href":"https:\/\/www.europesays.com\/es\/wp-json\/wp\/v2\/posts\/161475\/revisions"}],"wp:featuredmedia":[{"embeddable":true,"href":"https:\/\/www.europesays.com\/es\/wp-json\/wp\/v2\/media\/161476"}],"wp:attachment":[{"href":"https:\/\/www.europesays.com\/es\/wp-json\/wp\/v2\/media?parent=161475"}],"wp:term":[{"taxonomy":"category","embeddable":true,"href":"https:\/\/www.europesays.com\/es\/wp-json\/wp\/v2\/categories?post=161475"},{"taxonomy":"post_tag","embeddable":true,"href":"https:\/\/www.europesays.com\/es\/wp-json\/wp\/v2\/tags?post=161475"}],"curies":[{"name":"wp","href":"https:\/\/api.w.org\/{rel}","templated":true}]}}