{"id":161477,"date":"2025-10-07T21:02:12","date_gmt":"2025-10-07T21:02:12","guid":{"rendered":"https:\/\/www.europesays.com\/es\/161477\/"},"modified":"2025-10-07T21:02:12","modified_gmt":"2025-10-07T21:02:12","slug":"decenas-de-mujeres-se-unen-para-llevar-a-la-justicia-el-escandalo-de-las-mamografias-en-andalucia-no-se-puede-jugar-con-sus-vidas-sociedad","status":"publish","type":"post","link":"https:\/\/www.europesays.com\/es\/161477\/","title":{"rendered":"Decenas de mujeres se unen para llevar a la justicia el esc\u00e1ndalo de las mamograf\u00edas en Andaluc\u00eda: \u201cNo se puede jugar con sus vidas\u201d | Sociedad"},"content":{"rendered":"<p class=\"\">De una en una, por parejas, en grupos\u2026 De Sevilla, de Torremolinos, de Antequera, del Puerto de Santamar\u00eda\u2026 Alrededor de las seis de la tarde de este martes, unas 60 mujeres han acudido hasta la sede de la Asociaci\u00f3n de mujeres v\u00edctimas de c\u00e1ncer de mama (Amama) en el centro de Sevilla para compartir su experiencia con los cribados del programa de prevenci\u00f3n de la Junta. <\/p>\n<p class=\"\">A ellas se han sumado varias decenas m\u00e1s que se han conectado en remoto. Todas comparten casos similares: o han desarrollado la enfermedad tras haberse hecho elel cribado y no haber recibido ning\u00fan resultado tras la prueba o bien han dejado de estar tranquilas pensando que al no haber sido notificadas por el Servicio Andaluz de Salud, estaban sanas. Temen estar dentro de esas 2.000 mujeres que la Consejer\u00eda de Salud ha confirmado que no han sido debidamente informadas de los diagn\u00f3sticos de sus casos. \u201cMuchas han dejado de estar felices en estos d\u00edas. Les hemos pedido a todas que si tienen amigas, hijas, conocidas, que se hayan hecho el cribado y no les hayan dicho nada, que se preocupen por ellas, que se revisen\u201d, ha dicho \u00c1ngela Claverol, presidenta de Amama, al t\u00e9rmino del encuentro.<\/p>\n<p class=\"\">Todas tienen claro que v<a href=\"https:\/\/elpais.com\/sociedad\/2025-10-07\/las-mujeres-afectadas-por-cancer-de-mama-denunciaran-al-gobierno-andaluz-por-el-escandalo-de-los-cribados.html\" target=\"_blank\" rel=\"noreferrer nofollow noopener\" title=\"https:\/\/elpais.com\/sociedad\/2025-10-07\/las-mujeres-afectadas-por-cancer-de-mama-denunciaran-al-gobierno-andaluz-por-el-escandalo-de-los-cribados.html\">an a exigir responsabilidades al SAS <\/a>por un fallo en el programa de prevenci\u00f3n que siguen exigiendo a la Junta que les aclare. El abogado de la entidad, Manuel Jim\u00e9nez, ha confirmado lo que por la ma\u00f1ana hab\u00eda adelantado Claverol en Onda Local de Andaluc\u00eda, que se van a unir para presentar una demanda por el esc\u00e1ndalo de los retrasos en diagn\u00f3stico de los cribados de c\u00e1ncer de mama. Pero el letrado prefiere ser cauto y esperar a analizar todos los casos: la documentaci\u00f3n que le han dejado la mujeres que han acudido a la reuni\u00f3n y la de 400 correos electr\u00f3nicos que esperan en la bandeja de entrada. \u201cVamos a estudiar uno a uno para ver cu\u00e1les encajan en una demanda colectiva y cu\u00e1les en una demanda individual\u201d, ha explicado Jim\u00e9nez, que tambi\u00e9n ha se\u00f1alado que algunas ser\u00e1n penales, si hay indicios, y tambi\u00e9n contencioso administrativas para exigir indemnizaci\u00f3n. \u201cMi finalidad \u00fanica y exclusiva es defender a las mujeres y reparar el perjuicio que se les ha ocasionado\u201d, ha se\u00f1alado.<\/p>\n<p><img decoding=\"auto\" class=\"_re lazyload a_m-h\" height=\"277\"  width=\"414\"  src=\"https:\/\/www.europesays.com\/es\/wp-content\/uploads\/2025\/10\/7FXM7XY3ERFUDKWUCYNC67S3FY.jpg\" loading=\"lazy\"\/>Varias de las mujeres miembros de la asociaci\u00f3n AMAMA, con su presidenta en el centro, \u00c1ngela Claverol, y el abogado, MAnuel Jim\u00e9nez Sotos, tras la reuni\u00f3n de las mujeres afectadas por los retrasos en los cribados de c\u00e1ncer de mama.PACO PUENTES<\/p>\n<p class=\"\">Las mujeres afectadas exigen responsabilidades, pero evitan apuntar directamente a la consejera de Salud, Roc\u00edo Hern\u00e1ndez, que mantuvo con ellas una tensa reuni\u00f3n la semana pasada. \u201cNo me corresponde a m\u00ed decir qui\u00e9n sale o se queda, deber\u00e1 ser la justicia\u201d, ha dicho Claverol. \u201cLo \u00fanico que quiero es lo que no hemos conseguido que llamen a todas las mujeres, que les hagan la ecograf\u00eda y la resonancia y todo lo que les corresponda, que no lo han hecho\u201d, ha precisado.<\/p>\n<p class=\"\">Mientras se concreta su demanda, quienes s\u00ed han presentado sendos <a href=\"https:\/\/elpais.com\/sociedad\/2025-10-06\/la-fiscalia-estudia-la-denuncia-por-los-fallos-en-el-cribado-de-cancer-de-mama-presentada-por-defensora-del-paciente.html\" target=\"_blank\" rel=\"noreferrer nofollow noopener\" title=\"https:\/\/elpais.com\/sociedad\/2025-10-06\/la-fiscalia-estudia-la-denuncia-por-los-fallos-en-el-cribado-de-cancer-de-mama-presentada-por-defensora-del-paciente.html\">escritos por la v\u00eda penal son Izquierda Unida <\/a>y Adelante Andaluc\u00eda ante la Fiscal\u00eda, donde incluyen delitos como el homicidio y lesiones imprudentes y omisi\u00f3n del deber del deber de prestar servicios sanitarios. En ambas se se\u00f1ala a la consejera como principal responsable, adem\u00e1s de a sus predecesores en el puesto y a otros altos cargos de la Consejer\u00eda. \u201cPlantear una querella criminal con la \u00fanica finalidad de cortar cabezas a m\u00ed no me soluciona el problema, que es defender los intereses de estas mujeres\u201d, ha insistido el letrado de Amama, que quiere desvincular a la asociaci\u00f3n de cualquier partido pol\u00edtico, como insinu\u00f3 la propia Hern\u00e1ndez la semana pasada. <\/p>\n<p class=\"\">No obstante, Jim\u00e9nez s\u00ed ha sido muy claro: \u201cClaro que exigimos responsabilidades, pero del primero al \u00faltimo, se llame gerente o conserje\u201d. El letrado tambi\u00e9n ha sido precavido sobre las informaciones de tres casos de mujeres que podr\u00edan haber fallecido por los errores en el cribado. \u201cHay que saber si han sido motivadas por este tema\u201d, ha precisado.<\/p>\n<p class=\"\">La reuni\u00f3n de todas estas mujeres que no saben si tienen c\u00e1ncer, porque no han recibido ninguna notificaci\u00f3n, o se preguntan ahora si el que padecen se desarroll\u00f3 porque no se les inform\u00f3 a tiempo de un diagn\u00f3stico dudoso ha sido cat\u00e1rtico. \u201cHay cosas que pueden pasar, pero jugar con la vida de las mujeres, eso no puede pasar nunca\u201d, se ha lamentado Claverol. \u201cNadie las hab\u00eda escuchado, nadie les hab\u00eda dicho nada, aqu\u00ed han recibido un apoyo y un consuelo\u201d, ha abundado. Un apoyo que, desde la \u00faltima reuni\u00f3n con la consejera el pasado jueves y pese a las palabras de aliento que les ha trasladado el presidente de la Junta, Juan Manuel Moreno, no sienten por parte de la administraci\u00f3n. \u201cMenos planes de choque y que se llame a las mujeres como se prometi\u00f3\u201d, ha demandado Jim\u00e9nez.<\/p>\n<p><img decoding=\"auto\" class=\"_re lazyload a_m-h\" height=\"277\"  width=\"414\"  src=\"https:\/\/www.europesays.com\/es\/wp-content\/uploads\/2025\/10\/JD4XGD2QI5ASLAXCR2RTNVNAP4.jpg\" loading=\"lazy\"\/> Varias de las mujeres miembros de la asociaci\u00f3n AMAMA, tras la reuni\u00f3n de las mujeres afectadas por los retrasos en los cribados de c\u00e1ncer de mama, este martes en Sevilla.PACO PUENTES<\/p>\n<p class=\"\">El abogado se refiere a<a href=\"https:\/\/elpais.com\/sociedad\/2025-10-03\/en-pleno-escandalo-por-los-retrasos-en-los-diagnosticos-andalucia-anuncia-que-ampliara-el-cribado-de-cancer-a-mujeres-de-entre-45-y-75-anos.html\" target=\"_blank\" rel=\"noreferrer nofollow noopener\" title=\"https:\/\/elpais.com\/sociedad\/2025-10-03\/en-pleno-escandalo-por-los-retrasos-en-los-diagnosticos-andalucia-anuncia-que-ampliara-el-cribado-de-cancer-a-mujeres-de-entre-45-y-75-anos.html\">l plan de choque para cambiar el protocolo<\/a> de comunicaci\u00f3n del programa de prevenci\u00f3n y que inclu\u00eda contactar de inmediato con todas las 2.000 afectadas para informarles de su situaci\u00f3n e incluirlas en un circuito de atenci\u00f3n preferente, tal y como Moreno anunci\u00f3 el pasado viernes. \u201cHemos preguntado a las asistentes y ninguna ha recibido la llamada\u201d, ha indicado Jim\u00e9nez.<\/p>\n<p class=\"\">Ese plan de choque est\u00e1 previsto que se presente este mismo mi\u00e9rcoles, seg\u00fan ha avanzado la portavoz de la Junta, Carolina Espa\u00f1a, esta ma\u00f1ana. Jim\u00e9nez ha ironizado sobre el protocolo que quiere cambiar la Junta y que, de acuerdo con lo que asegur\u00f3 el presidente andaluz, al no contener concreci\u00f3n sobre c\u00f3mo actuar en el caso de los diagn\u00f3sticos no concluyentes, se hab\u00eda decidido no informar de ese resultado \u201cpara <a href=\"https:\/\/elpais.com\/sociedad\/2025-10-03\/en-pleno-escandalo-por-los-retrasos-en-los-diagnosticos-andalucia-anuncia-que-ampliara-el-cribado-de-cancer-a-mujeres-de-entre-45-y-75-anos.html\" rel=\"nofollow noopener\" title=\"https:\/\/elpais.com\/sociedad\/2025-10-03\/en-pleno-escandalo-por-los-retrasos-en-los-diagnosticos-andalucia-anuncia-que-ampliara-el-cribado-de-cancer-a-mujeres-de-entre-45-y-75-anos.html\" target=\"_blank\">no introducir un elemento de ansiedad\u201d, seg\u00fan las palabras <\/a>del propio Moreno. \u201cEs una falta de \u00e9tica\u201d, ha dicho sobre este planteamiento el abogado. \u201cHasta esta ma\u00f1ana en la web del SAS hab\u00eda un protocolo el que se establec\u00edan unos plazos pero ha desaparecido de la web\u201d, ha dicho en referencia a un documento de 2011 que establece plazos de 30 y 15 d\u00edas para la comunicaci\u00f3n de los resultados, en funci\u00f3n de la gravedad del diagn\u00f3stico. \u201cLo del plan de choque me suena a querer cambiar de tema\u201d, ha incidido Claverol. <\/p>\n<p class=\"\">Moreno dijo el pasado viernes que ese plan de choque lo elaborar\u00edan teniendo en cuenta a las mujeres afectadas, pero ellas han confirmado que nadie de la Junta se ha puesto en contacto para abordar este asunto. Tampoco para informarles del fallo en el programa, como le exigieron a la consejera. \u201cNadie ha reconocido d\u00f3nde est\u00e1 el fallo, hablande planes de choque de ampliar los cribados, esto es jugar a la gynkana, re\u00edrse de nosotras&#8230; Que digan d\u00f3nde est\u00e1 para que no siga pasando y que atiendan a las mujers con c\u00e1ncer y a las que no lo tengan, que se queden con esa tranquilidad\u201d, ha reclamado Claverol. <\/p>\n<p class=\"\">En las cartas que han recibido algunas mujeres por parte del SAS, se apunta a una \u201cdisfunci\u00f3n en los sistemas inform\u00e1ticos que hace que no se detecten este tipo de solicitudes de exploraciones informadas por especialistas de otras \u00e1reas hospitalarias\u201d, tal y como ha avanzado la Cadena Ser. Una explicaci\u00f3n que no convence a las mujeres de Amama y tampoco a la ministra de Sanidad, M\u00f3nica Garc\u00eda, que en TVE ha sostenido que \u201ces un fallo estructural\u201d y ha avanzado que el Gobierno iniciar\u00e1 un estudio \u201cm\u00e1s pormenorizado\u201d sobre los programas de cribado de c\u00e1ncer a nivel nacional, que comenzar\u00e1 por Andaluc\u00eda. <\/p>\n","protected":false},"excerpt":{"rendered":"De una en una, por parejas, en grupos\u2026 De Sevilla, de Torremolinos, de Antequera, del Puerto de Santamar\u00eda\u2026&hellip;\n","protected":false},"author":2,"featured_media":161478,"comment_status":"","ping_status":"","sticky":false,"template":"","format":"standard","meta":{"footnotes":""},"categories":[8],"tags":[259,17,18,1066,17019,25,24,13,14,11,6138,26166,19,20,9,10,15,16,956,166,1811,17109,1171,492,23,12,21,22],"class_list":{"0":"post-161477","1":"post","2":"type-post","3":"status-publish","4":"format-standard","5":"has-post-thumbnail","7":"category-espana","8":"tag-andalucia","9":"tag-breaking-news","10":"tag-breakingnews","11":"tag-cancer","12":"tag-cancer-mama","13":"tag-es","14":"tag-espana","15":"tag-featured-news","16":"tag-featurednews","17":"tag-headlines","18":"tag-hospitales","19":"tag-juan-manuel-moreno","20":"tag-latest-news","21":"tag-latestnews","22":"tag-news","23":"tag-noticias","24":"tag-noticias-destacadas","25":"tag-noticiasdestacadas","26":"tag-pp","27":"tag-salud","28":"tag-sanidad","29":"tag-sanidad-publica","30":"tag-sevilla","31":"tag-sociedad","32":"tag-spain","33":"tag-titulares","34":"tag-ultimas-noticias","35":"tag-ultimasnoticias"},"share_on_mastodon":{"url":"","error":""},"_links":{"self":[{"href":"https:\/\/www.europesays.com\/es\/wp-json\/wp\/v2\/posts\/161477","targetHints":{"allow":["GET"]}}],"collection":[{"href":"https:\/\/www.europesays.com\/es\/wp-json\/wp\/v2\/posts"}],"about":[{"href":"https:\/\/www.europesays.com\/es\/wp-json\/wp\/v2\/types\/post"}],"author":[{"embeddable":true,"href":"https:\/\/www.europesays.com\/es\/wp-json\/wp\/v2\/users\/2"}],"replies":[{"embeddable":true,"href":"https:\/\/www.europesays.com\/es\/wp-json\/wp\/v2\/comments?post=161477"}],"version-history":[{"count":0,"href":"https:\/\/www.europesays.com\/es\/wp-json\/wp\/v2\/posts\/161477\/revisions"}],"wp:featuredmedia":[{"embeddable":true,"href":"https:\/\/www.europesays.com\/es\/wp-json\/wp\/v2\/media\/161478"}],"wp:attachment":[{"href":"https:\/\/www.europesays.com\/es\/wp-json\/wp\/v2\/media?parent=161477"}],"wp:term":[{"taxonomy":"category","embeddable":true,"href":"https:\/\/www.europesays.com\/es\/wp-json\/wp\/v2\/categories?post=161477"},{"taxonomy":"post_tag","embeddable":true,"href":"https:\/\/www.europesays.com\/es\/wp-json\/wp\/v2\/tags?post=161477"}],"curies":[{"name":"wp","href":"https:\/\/api.w.org\/{rel}","templated":true}]}}