{"id":161510,"date":"2025-10-07T21:39:09","date_gmt":"2025-10-07T21:39:09","guid":{"rendered":"https:\/\/www.europesays.com\/es\/161510\/"},"modified":"2025-10-07T21:39:09","modified_gmt":"2025-10-07T21:39:09","slug":"doble-eliminacion-provoca-fuertes-emociones-en-super-chef-celebrities-all-star-lo-se-todo","status":"publish","type":"post","link":"https:\/\/www.europesays.com\/es\/161510\/","title":{"rendered":"Doble eliminaci\u00f3n provoca fuertes emociones en Super Chef Celebrities All Star | Lo S\u00e9 Todo"},"content":{"rendered":"<p>En la jornada de anoche en Super Chef Celebrities All Star, el fog\u00f3n estuvo tan ardiente que dos celebridades se fueron achicharrados de la competencia. Se trata de Carla Cortijo y del querido Bizcocho.<\/p>\n<p>Aqu\u00ed te compartimos un resumen de todo lo que ocurri\u00f3 para que cuando veas el episodio de esta noche est\u00e9s al d\u00eda.<\/p>\n<p>Contenido Relacionado:<\/p>\n<p class=\"tnt-summary\">En la despedida, ambos recibieron aplausos y palabras de apoyo por parte de todos los participantes y jueces.<\/p>\n","protected":false},"excerpt":{"rendered":"En la jornada de anoche en Super Chef Celebrities All Star, el fog\u00f3n estuvo tan ardiente que dos&hellip;\n","protected":false},"author":2,"featured_media":161511,"comment_status":"","ping_status":"","sticky":false,"template":"","format":"standard","meta":{"footnotes":""},"categories":[171],"tags":[47896,47895,47892,47894,146,147,25,24,23,47893,214],"class_list":{"0":"post-161510","1":"post","2":"type-post","3":"status-publish","4":"format-standard","5":"has-post-thumbnail","7":"category-tv","8":"tag-bizcocho","9":"tag-carla-cortijo","10":"tag-doble-eliminacin-super-chef-cleebrities","11":"tag-eliminado-super-chef-celebrities-all-star","12":"tag-entertainment","13":"tag-entretenimiento","14":"tag-es","15":"tag-espana","16":"tag-spain","17":"tag-super-chef-celebrities-all-star","18":"tag-tv"},"share_on_mastodon":{"url":"","error":""},"_links":{"self":[{"href":"https:\/\/www.europesays.com\/es\/wp-json\/wp\/v2\/posts\/161510","targetHints":{"allow":["GET"]}}],"collection":[{"href":"https:\/\/www.europesays.com\/es\/wp-json\/wp\/v2\/posts"}],"about":[{"href":"https:\/\/www.europesays.com\/es\/wp-json\/wp\/v2\/types\/post"}],"author":[{"embeddable":true,"href":"https:\/\/www.europesays.com\/es\/wp-json\/wp\/v2\/users\/2"}],"replies":[{"embeddable":true,"href":"https:\/\/www.europesays.com\/es\/wp-json\/wp\/v2\/comments?post=161510"}],"version-history":[{"count":0,"href":"https:\/\/www.europesays.com\/es\/wp-json\/wp\/v2\/posts\/161510\/revisions"}],"wp:featuredmedia":[{"embeddable":true,"href":"https:\/\/www.europesays.com\/es\/wp-json\/wp\/v2\/media\/161511"}],"wp:attachment":[{"href":"https:\/\/www.europesays.com\/es\/wp-json\/wp\/v2\/media?parent=161510"}],"wp:term":[{"taxonomy":"category","embeddable":true,"href":"https:\/\/www.europesays.com\/es\/wp-json\/wp\/v2\/categories?post=161510"},{"taxonomy":"post_tag","embeddable":true,"href":"https:\/\/www.europesays.com\/es\/wp-json\/wp\/v2\/tags?post=161510"}],"curies":[{"name":"wp","href":"https:\/\/api.w.org\/{rel}","templated":true}]}}