{"id":161513,"date":"2025-10-07T21:44:13","date_gmt":"2025-10-07T21:44:13","guid":{"rendered":"https:\/\/www.europesays.com\/es\/161513\/"},"modified":"2025-10-07T21:44:13","modified_gmt":"2025-10-07T21:44:13","slug":"solo-es-un-amigo-especial","status":"publish","type":"post","link":"https:\/\/www.europesays.com\/es\/161513\/","title":{"rendered":"Solo es un amigo especial"},"content":{"rendered":"<p id=\"ezeZ0hsjhS\" data-wc=\"100\"><strong>Eva Gonz\u00e1lez no tiene nueva pareja<\/strong>, tal y como ha podido saber\u00a0\u00a1HOLA!\u00a0en exclusiva. Pese a las informaciones acerca de un nuevo posible romance, esta revista ha podido hablar con su entorno, que confirma que<strong>\u00a0el misterioso hombre con el que ha sido fotografiada \u00absolo es un amigo especial\u00bb<\/strong>. En las \u00faltimas horas ha trascendido que, este mi\u00e9rcoles, se iban a publicar unas im\u00e1genes de la presentadora en una actitud muy cari\u00f1osa junto a un hombre de identidad desconocida, de momento. Ante tales informaciones, algunas personas cercanas a la ex Miss Espa\u00f1a han querido ponerse en contacto para desmentirlo.\u00a0<\/p>\n<p> <img src=\"https:\/\/www.europesays.com\/es\/wp-content\/uploads\/2025\/10\/def144b0ca7b-dlu564568023.jpg\"   width=\"1024\" height=\"673\" loading=\"lazy\" decoding=\"async\" alt=\"Media Image\" fetchpriority=\"auto\" class=\"image ho-image\"\/>\u00a9 GTRES<\/p>\n<p id=\"eOsJDjsiZC\" data-wc=\"77\">En las fotograf\u00edas se les puede ver tom\u00e1ndose algo en una terraza, juntos en un coche y conduciendo por un barrio cercano a la casa que tiene la presentadora en Sevilla, pero no corresponden a su nueva pareja o romance, como \u00a1HOLA!\u00a0ha podido confirmar. <strong>Desde que se separara de Cayetano Rivera, la presentadora no hab\u00eda sido vista ni relacionada con nadie<\/strong>, y tampoco se le han conocido nuevas parejas tras su medi\u00e1tica relaci\u00f3n con el torero.\u00a0<\/p>\n<p id=\"e1AO5-gLEsd\" data-wc=\"139\"><a class=\"hm-link ho-link\" href=\"https:\/\/www.hola.com\/actualidad\/20250801847816\/eva-gonzalez-habla-claro-sobre-cayetano-rivera-y-las-recientes-polemicas-es-el-papa-de-mi-hijo-y-claro-que-le-apoyo\/\" data-mrf-recirculation=\"article-body-link\" rel=\"nofollow noopener\" target=\"_blank\">\u00abEs el pap\u00e1 de mi hijo y claro que le apoyo\u00bb<\/a>, dijo recientemente Eva tras la pol\u00e9mica detenci\u00f3n del diestro. <strong>Cayetano Rivera protagoniz\u00f3 una discusi\u00f3n en una conocida cadena de comida r\u00e1pida en el centro de Madrid\u00a0<\/strong>a finales del mes de junio, un encontronazo que le llev\u00f3 al calabozo donde permaneci\u00f3 tres horas esposado. Al torero se le acusaba de delito de resistencia y desobediencia a la autoridad. Al d\u00eda siguiente, fue al hospital Gregorio Mara\u00f1\u00f3n de Madrid para dar constancia de sus lesiones, y un mes despu\u00e9s <a class=\"hm-link ho-link\" href=\"https:\/\/www.hola.com\/actualidad\/20250731847586\/cayetano-rivera-lleva-a-los-tribunales-su-detencion-ilegal-todos-los-detalles-de-la-denuncia\/\" data-mrf-recirculation=\"article-body-link\" rel=\"nofollow noopener\" target=\"_blank\">admiti\u00f3 que llevar\u00eda su &#8216;detenci\u00f3n ilegal&#8217; a los tribunales<\/a>. La comunicadora se mostr\u00f3 muy discreta a la hora de valorar la pol\u00e9mica de su expareja, que vivi\u00f3 un episodio judicial de lo m\u00e1s medi\u00e1tico, pero cuando habl\u00f3 a los medios lo hizo para apoyar al padre de su peque\u00f1o Cayetano.\u00a0<\/p>\n<p> <img src=\"https:\/\/www.europesays.com\/es\/wp-content\/uploads\/2025\/10\/18bcc079f347-dlu307092022.jpg\"   width=\"1024\" height=\"681\" loading=\"lazy\" decoding=\"async\" alt=\"13\/05\/2016&#10;Granada\" fetchpriority=\"auto\" class=\"image ho-image\"\/>\u00a9 GTRES13\/05\/2016<br \/>\nGranada<br \/>\nCayetano Rivera, su \u00faltima relaci\u00f3n p\u00fablica<\/p>\n<p data-wc=\"139\" id=\"e866NbH-Zo\"><a class=\"hm-link ho-link\" href=\"https:\/\/www.hola.com\/actualidad\/galeria\/20190529142818\/eva-gonzalez-cayetano-rivera-amor-portada\/1\/\" data-mrf-recirculation=\"article-body-link\" rel=\"nofollow noopener\" target=\"_blank\">Eva Gonz\u00e1lez y Cayetano Rivera se conocieron en junio de 2008<\/a>, sin embargo, no fue hasta febrero de 2009 cuando la revista \u00a1HOLA!\u00a0public\u00f3 todas las claves de su relaci\u00f3n. Un mes despu\u00e9s, mostraba las primeras im\u00e1genes de la pareja en Roma, ciudad en la que, a\u00f1os m\u00e1s tarde, el torero pidi\u00f3 matrimonio a la presentadora. Su romance parec\u00eda de pel\u00edcula y no ten\u00edan prisa por casarse. \u00ab<strong>No tengo ganas de casarme ni de tener ni\u00f1os. Estoy muy a gusto con mi vida<\/strong>\u201d, dijo Eva en 2012. El diestro, por su parte, a\u00f1adi\u00f3: \u00abNos llevan casando mucho tiempo y si no nos casan nos separan y nos vuelven a casar. De momento estamos bien como estamos. Eso no quiere decir que en un futuro no lo hagamos, para consolidar m\u00e1s la relaci\u00f3n, pero desde luego no tenemos nada planificado\u00bb.<\/p>\n<p> <img src=\"https:\/\/www.europesays.com\/es\/wp-content\/uploads\/2025\/10\/d43eb5559dd3-cayetano-z.jpg\"   width=\"1024\" height=\"1024\" loading=\"lazy\" decoding=\"async\" alt=\"cayetano \" fetchpriority=\"auto\" class=\"image ho-image\"\/>\u00a9 Redes sociales<\/p>\n<p data-wc=\"105\" id=\"ez-6Z4AY4T\">En 2013, cuando nadie lo esperaba, <a class=\"hm-link ho-link\" href=\"https:\/\/www.hola.com\/actualidad\/20221027338680\/eva-gonzalez-cayetano-rivera-relacion-crisis\/\" data-mrf-recirculation=\"article-body-link\" rel=\"nofollow noopener\" target=\"_blank\">Cayetano y Eva se dieron un tiempo para decidir su futuro<\/a>. La presentadora abandon\u00f3 entonces la casa que compart\u00eda con el torero y se fue a vivir con su madre. Sin embargo, tras unos meses separados, decidieron darse una segunda oportunidad. \u00abCreo que en las relaciones, como en todo, hay que buscar un equilibro. Si hemos vuelto, es porque queremos estar a gusto\u00bb, declar\u00f3 en aquel momento el torero a LOC. \u00abNo hay planes de boda, que ya nos han casado varias veces. Ahora mismo nos hemos mudado al centro de Madrid, que ya es un cambio importante\u00bb, puntualiz\u00f3.<\/p>\n<p> <img src=\"https:\/\/www.europesays.com\/es\/wp-content\/uploads\/2025\/10\/aeb79d6cfb20-cayetanoyeva1-z.jpg\"   width=\"1024\" height=\"843\" loading=\"lazy\" decoding=\"async\" alt=\"cayetanoyeva1 \" fetchpriority=\"auto\" class=\"image ho-image\"\/><\/p>\n<p data-wc=\"109\" id=\"e0LhLzObxH\">El 30 de agosto de 2015, anunciaron que se casaban y el 6 de noviembre pronunciaron el &#8216;s\u00ed, quiero&#8217;. \u00ab<strong>Cuando Cayetano me lo pidi\u00f3 no tuve dude. S\u00e9 que es la persona con la que quiero compartir el resto de mi vida. Si no es \u00e9l, no es nadie<\/strong>\u00ab, declar\u00f3 Eva en \u00a1HOLA!. Su felicidad aument\u00f3 el 4 de marzo de 2018 con la llegada de su hijo Cayetano, pero a finales de 2019 vivieron su momento m\u00e1s complicado como pareja. Los primeros rumores de separaci\u00f3n y divorcio llegaron a finales de 2022, cuando esta revista confirm\u00f3 que viv\u00edan en casas distintas. En ese a\u00f1o se consum\u00f3 su ruptura.\u00a0<\/p>\n","protected":false},"excerpt":{"rendered":"Eva Gonz\u00e1lez no tiene nueva pareja, tal y como ha podido saber\u00a0\u00a1HOLA!\u00a0en exclusiva. Pese a las informaciones acerca&hellip;\n","protected":false},"author":2,"featured_media":161514,"comment_status":"","ping_status":"","sticky":false,"template":"","format":"standard","meta":{"footnotes":""},"categories":[91],"tags":[517,1393,146,147,25,24,2764,23],"class_list":{"0":"post-161513","1":"post","2":"type-post","3":"status-publish","4":"format-standard","5":"has-post-thumbnail","7":"category-entretenimiento","8":"tag-actualidad","9":"tag-cayetano-rivera","10":"tag-entertainment","11":"tag-entretenimiento","12":"tag-es","13":"tag-espana","14":"tag-eva-gonzalez","15":"tag-spain"},"share_on_mastodon":{"url":"","error":""},"_links":{"self":[{"href":"https:\/\/www.europesays.com\/es\/wp-json\/wp\/v2\/posts\/161513","targetHints":{"allow":["GET"]}}],"collection":[{"href":"https:\/\/www.europesays.com\/es\/wp-json\/wp\/v2\/posts"}],"about":[{"href":"https:\/\/www.europesays.com\/es\/wp-json\/wp\/v2\/types\/post"}],"author":[{"embeddable":true,"href":"https:\/\/www.europesays.com\/es\/wp-json\/wp\/v2\/users\/2"}],"replies":[{"embeddable":true,"href":"https:\/\/www.europesays.com\/es\/wp-json\/wp\/v2\/comments?post=161513"}],"version-history":[{"count":0,"href":"https:\/\/www.europesays.com\/es\/wp-json\/wp\/v2\/posts\/161513\/revisions"}],"wp:featuredmedia":[{"embeddable":true,"href":"https:\/\/www.europesays.com\/es\/wp-json\/wp\/v2\/media\/161514"}],"wp:attachment":[{"href":"https:\/\/www.europesays.com\/es\/wp-json\/wp\/v2\/media?parent=161513"}],"wp:term":[{"taxonomy":"category","embeddable":true,"href":"https:\/\/www.europesays.com\/es\/wp-json\/wp\/v2\/categories?post=161513"},{"taxonomy":"post_tag","embeddable":true,"href":"https:\/\/www.europesays.com\/es\/wp-json\/wp\/v2\/tags?post=161513"}],"curies":[{"name":"wp","href":"https:\/\/api.w.org\/{rel}","templated":true}]}}