{"id":161527,"date":"2025-10-07T21:51:10","date_gmt":"2025-10-07T21:51:10","guid":{"rendered":"https:\/\/www.europesays.com\/es\/161527\/"},"modified":"2025-10-07T21:51:10","modified_gmt":"2025-10-07T21:51:10","slug":"pablo-aguado-gana-el-capote-de-paseo-sobre-la-bocina","status":"publish","type":"post","link":"https:\/\/www.europesays.com\/es\/161527\/","title":{"rendered":"Pablo Aguado gana el Capote de Paseo sobre la bocina"},"content":{"rendered":"<p><a class=\"v-mdl-ath__fig-a\" href=\"https:\/\/www.ideal.es\/autor\/juanjo-aguilera-2157.html\" title=\"Juanjo Aguilera\" rel=\"nofollow noopener\" target=\"_blank\"><br \/>\n<img decoding=\"async\" class=\"v-mdl-ath__img\" src=\"https:\/\/www.europesays.com\/es\/wp-content\/uploads\/2025\/09\/autor-2157-foto-2.jpeg\" alt=\"Juanjo Aguilera\"\/><br \/>\n<\/a><\/p>\n<p class=\"v-mdl-ath__p v-mdl-ath__p--6\">\nMartes, 7 de octubre 2025, 23:28<\/p>\n<p class=\"v-p\">Por un solo voto y ante el \u00faltimo de la Feria Taurina de Almer\u00eda 2025, Pablo Aguado se convirti\u00f3, en la tarde del pasado lunes, en el nuevo triunfador del ciclo almeriense al imponerse en la votaci\u00f3n final del jurado que decidi\u00f3 concederle el prestigioso Capote de Pase\n<\/p>\n<p class=\"v-p\">Aguado se alz\u00f3 con el galard\u00f3n gracias a su faena al toro &#8216;Jacobero&#8217;, el n\u00famero 26 de la ganader\u00eda de El Pilar, colorado de capa, de 510 kilos y nacido en julio de 2021, que cerr\u00f3 la \u00faltima corrida de feria. Fue el sexto de la tarde y a \u00e9l se enfrent\u00f3 el diestro sevillano en una faena que recordar\u00e1 la afici\u00f3n almeriense por su aroma cl\u00e1sico y su elegancia. Aguado tore\u00f3 con temple y naturalidad, interpretando el toreo m\u00e1s puro de la escuela sevillana. Su inicio con la muleta tuvo un gusto exquisito, dando paso a una faena cargada de detalles y matices, en la que brillaron las series por el derecho, hondas y bien rematadas, y sobre todo los naturales, largos y de mano baja, que levantaron ol\u00e9s desde los tendidos. Cerr\u00f3 su obra con ayudados por alto y una estocada entera que rubric\u00f3 su triunfo. El p\u00fablico pidi\u00f3 las dos orejas, que fueron concedidas, y su nombre qued\u00f3 en la memoria de la feria almeriense.<\/p>\n<p class=\"v-p\"><strong>An\u00e1lisis<\/strong><\/p>\n<p class=\"v-p\">El jurado, reunido bajo la presidencia del concejal Diego Cruz, analiz\u00f3 lo ocurrido en la feria. En la mesa se sentaron Juan Rafael Aguilera, Manolo Montoya, Antonio Ruano, Paco Papis, Julio G\u00f3mez, Juanjo Aguilera, Baltasar G\u00e1lvez y Ruiz Manuel, representando a pe\u00f1as, medios de comunicaci\u00f3n y aficionados. En un clima distendido, se debati\u00f3 sobre el desarrollo del ciclo, la respuesta del p\u00fablico \u2013con una media cercana a los tres cuartos de entrada por tarde\u2013 y el nivel art\u00edstico de los festejos.<\/p>\n<p class=\"v-p\">Tambi\u00e9n surgi\u00f3 la posibilidad de dejar el premio desierto, una opci\u00f3n tomada en dos ocasiones (1986 y 1993), al considerar algunos miembros del jurado que no se hab\u00eda visto una faena redonda que justificara un galard\u00f3n de tanto prestigio. Paco Papis record\u00f3 las palabras de Juan Ortega, ganador del Capote en 2024, quien confes\u00f3 que de ni\u00f1o so\u00f1aba con conquistar este premio tras verlo en televisi\u00f3n y que aquel momento supuso para \u00e9l sentirse verdaderamente figura del toreo.<\/p>\n<p class=\"v-p\"><strong>Ajustado<\/strong><\/p>\n<p class=\"v-p\">Tras el debate, se procedi\u00f3 a la votaci\u00f3n. El resultado fue ajustad\u00edsimo, con tres votos para David de Miranda por su actuaci\u00f3n con el tercer toro de la tarde del 28 de agosto; cuatro votos para Pablo Aguado y cuatro votos a favor de dejar el premio desierto. Ante el empate, el presidente del jurado, Diego Cruz, utiliz\u00f3 su voto de calidad para deshacer la igualdad y otorgar el Capote al diestro sevillano. As\u00ed, Aguado sucede a su paisano Juan Ortega en el palmar\u00e9s y pasa a formar parte del selecto grupo de matadores que han conquistado este galard\u00f3n desde su creaci\u00f3n en 1983.<\/p>\n<p class=\"v-p\">El Capote de Paseo de la Virgen del Mar, s\u00edmbolo del toreo en Almer\u00eda, ser\u00e1 confeccionado en color blanco, tal como establecen las bases para quienes lo reciben por primera vez. Llevar\u00e1 bordada la imagen de la Patrona de la ciudad y se entregar\u00e1 durante la pr\u00f3xima Feria, siempre que el galardonado est\u00e9 incluido en el ciclo.<\/p>\n<p class=\"v-p\">Con Aguado, son ya 24 los toreros que han obtenido el Capote, con un total de 37 ediciones concedidas. La lista de premiados incluye nombres ilustres del toreo moderno y cl\u00e1sico. Manolo V\u00e1zquez fue el primero en recibirlo, en 1983, y desde entonces han pasado por figuras como Julio Robles, Ortega Cano, Curro V\u00e1zquez, Jos\u00e9 Tom\u00e1s, El Juli, Enrique Ponce, Jos\u00e9 Mar\u00eda Manzanares, Juan Ortega o los almerienses Ruiz Manuel, Jes\u00fas Almer\u00eda, Torres Jerez o el adoptivo Jorge Mart\u00ednez.<\/p>\n<p class=\"v-p\">De los 24 premiados, siete toreros han repetido galard\u00f3n, destacando Enrique Ponce, con cinco (1990, 1992, 2007, 2012 y 2014); Jos\u00e9 Tom\u00e1s, con cuatro (1998, 1999, 2000 y 2002); Ruiz Manuel (1997, 2001 y 2004) y El Juli (2009, 2013 y 2016), con tres cada uno; mientras que Julio Robles, Torres Jerez y Jorge Mart\u00ednez lo ganaron en dos ocasiones. En total, la historia del trofeo suma 37 premios v\u00e1lidos, al margen de las dos ediciones declaradas desiertas y de la anulada de 2003, cuando C\u00e9sar Jim\u00e9nez fue despose\u00eddo por no acudir al acto de entrega.<\/p>\n<p class=\"v-p\">El nuevo triunfo de Aguado devuelve al toreo sevillano al protagonismo en el coso almeriense, tras los \u00e9xitos consecutivos de Juan Ortega en 2024 y ahora el suyo en 2025. La faena de &#8216;Jacobero&#8217; ha sido considerada por el jurado como la m\u00e1s completa y de mayor empaque del ciclo, un broche art\u00edstico a una feria que recuper\u00f3 la emoci\u00f3n de los grandes d\u00edas y que, con este fallo, perpet\u00faa una tradici\u00f3n que cumple m\u00e1s de cuatro d\u00e9cadas de historia en Almer\u00eda.<\/p>\n<p class=\"v-p\">As\u00ed, el Capote vuelve a quedarse en Andaluc\u00eda, premiando una forma de entender el toreo basada en la pureza, la cadencia y la verdad. Con este triunfo, Aguado entra definitivamente en la historia de la Feria Taurina de Almer\u00eda, uniendo su nombre al de los m\u00e1s grandes que dejaron su huella en el albero del centenario coso de la Avenida de Vilches.<\/p>\n<p>Reporta un error<\/p>\n","protected":false},"excerpt":{"rendered":"Martes, 7 de octubre 2025, 23:28 Por un solo voto y ante el \u00faltimo de la Feria Taurina&hellip;\n","protected":false},"author":2,"featured_media":161528,"comment_status":"","ping_status":"","sticky":false,"template":"","format":"standard","meta":{"footnotes":""},"categories":[277],"tags":[5998,32427,373,8207,168,25,24,4355,618,2755,57,23,167,374],"class_list":{"0":"post-161527","1":"post","2":"type-post","3":"status-publish","4":"format-standard","5":"has-post-thumbnail","7":"category-toreo","8":"tag-aguado","9":"tag-bocina","10":"tag-bullfighting","11":"tag-capote","12":"tag-deportes","13":"tag-es","14":"tag-espana","15":"tag-gana","16":"tag-pablo","17":"tag-paseo","18":"tag-sobre","19":"tag-spain","20":"tag-sports","21":"tag-toreo"},"share_on_mastodon":{"url":"","error":""},"_links":{"self":[{"href":"https:\/\/www.europesays.com\/es\/wp-json\/wp\/v2\/posts\/161527","targetHints":{"allow":["GET"]}}],"collection":[{"href":"https:\/\/www.europesays.com\/es\/wp-json\/wp\/v2\/posts"}],"about":[{"href":"https:\/\/www.europesays.com\/es\/wp-json\/wp\/v2\/types\/post"}],"author":[{"embeddable":true,"href":"https:\/\/www.europesays.com\/es\/wp-json\/wp\/v2\/users\/2"}],"replies":[{"embeddable":true,"href":"https:\/\/www.europesays.com\/es\/wp-json\/wp\/v2\/comments?post=161527"}],"version-history":[{"count":0,"href":"https:\/\/www.europesays.com\/es\/wp-json\/wp\/v2\/posts\/161527\/revisions"}],"wp:featuredmedia":[{"embeddable":true,"href":"https:\/\/www.europesays.com\/es\/wp-json\/wp\/v2\/media\/161528"}],"wp:attachment":[{"href":"https:\/\/www.europesays.com\/es\/wp-json\/wp\/v2\/media?parent=161527"}],"wp:term":[{"taxonomy":"category","embeddable":true,"href":"https:\/\/www.europesays.com\/es\/wp-json\/wp\/v2\/categories?post=161527"},{"taxonomy":"post_tag","embeddable":true,"href":"https:\/\/www.europesays.com\/es\/wp-json\/wp\/v2\/tags?post=161527"}],"curies":[{"name":"wp","href":"https:\/\/api.w.org\/{rel}","templated":true}]}}