{"id":161531,"date":"2025-10-07T22:01:12","date_gmt":"2025-10-07T22:01:12","guid":{"rendered":"https:\/\/www.europesays.com\/es\/161531\/"},"modified":"2025-10-07T22:01:12","modified_gmt":"2025-10-07T22:01:12","slug":"presentacion-del-libro-por-que-salud","status":"publish","type":"post","link":"https:\/\/www.europesays.com\/es\/161531\/","title":{"rendered":"Presentaci\u00f3n del libro: \u00bfPor qu\u00e9 salud?"},"content":{"rendered":"<p>Presentaci\u00f3n del libro \u00bfPor qu\u00e9 salud? de Manuel Fonseca. En el encuentro se contar\u00e1 con la presencia del autor junto a Pablo Speziale, Jorge Hoffmann y Ana Ingaramo.<\/p>\n<p>Sobre el libro<\/p>\n<p><img loading=\"lazy\" decoding=\"async\" width=\"821\" height=\"1024\" src=\"data:image\/svg+xml,%3Csvg%20xmlns=\" http:=\"\" alt=\"\" class=\"wp-image-24072 size-full\" data-lazy- data-lazy- data-lazy-src=\"https:\/\/www.europesays.com\/es\/wp-content\/uploads\/2025\/10\/WhatsApp-Image-2025-10-07-at-09.31.01-821x1024.jpeg\"\/><\/p>\n<p>En tiempos donde Milei desfinancia y desmantela la salud p\u00fablica, reafirmamos que la salud no es un privilegio: es un derecho. <\/p>\n<p>Publicado por Editorial Prometeo, este libro invita a reflexionar y debatir sobre la situaci\u00f3n sanitaria en Argentina. Es el resultado de un proceso de di\u00e1logo y an\u00e1lisis compartido, que re\u00fane las miradas, cr\u00edticas y aportes de diversos actores del sistema de salud, para pensar colectivamente los desaf\u00edos que atraviesa la salud de nuestro pueblo.<\/p>\n","protected":false},"excerpt":{"rendered":"Presentaci\u00f3n del libro \u00bfPor qu\u00e9 salud? de Manuel Fonseca. En el encuentro se contar\u00e1 con la presencia del&hellip;\n","protected":false},"author":2,"featured_media":161532,"comment_status":"","ping_status":"","sticky":false,"template":"","format":"standard","meta":{"footnotes":""},"categories":[172],"tags":[224,146,147,25,24,225,23],"class_list":{"0":"post-161531","1":"post","2":"type-post","3":"status-publish","4":"format-standard","5":"has-post-thumbnail","7":"category-libros","8":"tag-books","9":"tag-entertainment","10":"tag-entretenimiento","11":"tag-es","12":"tag-espana","13":"tag-libros","14":"tag-spain"},"share_on_mastodon":{"url":"","error":""},"_links":{"self":[{"href":"https:\/\/www.europesays.com\/es\/wp-json\/wp\/v2\/posts\/161531","targetHints":{"allow":["GET"]}}],"collection":[{"href":"https:\/\/www.europesays.com\/es\/wp-json\/wp\/v2\/posts"}],"about":[{"href":"https:\/\/www.europesays.com\/es\/wp-json\/wp\/v2\/types\/post"}],"author":[{"embeddable":true,"href":"https:\/\/www.europesays.com\/es\/wp-json\/wp\/v2\/users\/2"}],"replies":[{"embeddable":true,"href":"https:\/\/www.europesays.com\/es\/wp-json\/wp\/v2\/comments?post=161531"}],"version-history":[{"count":0,"href":"https:\/\/www.europesays.com\/es\/wp-json\/wp\/v2\/posts\/161531\/revisions"}],"wp:featuredmedia":[{"embeddable":true,"href":"https:\/\/www.europesays.com\/es\/wp-json\/wp\/v2\/media\/161532"}],"wp:attachment":[{"href":"https:\/\/www.europesays.com\/es\/wp-json\/wp\/v2\/media?parent=161531"}],"wp:term":[{"taxonomy":"category","embeddable":true,"href":"https:\/\/www.europesays.com\/es\/wp-json\/wp\/v2\/categories?post=161531"},{"taxonomy":"post_tag","embeddable":true,"href":"https:\/\/www.europesays.com\/es\/wp-json\/wp\/v2\/tags?post=161531"}],"curies":[{"name":"wp","href":"https:\/\/api.w.org\/{rel}","templated":true}]}}