{"id":161543,"date":"2025-10-07T22:11:10","date_gmt":"2025-10-07T22:11:10","guid":{"rendered":"https:\/\/www.europesays.com\/es\/161543\/"},"modified":"2025-10-07T22:11:10","modified_gmt":"2025-10-07T22:11:10","slug":"el-congreso-rechaza-debatir-la-derogacion-de-la-proteccion-cultural-a-los-toros-con-la-abstencion-decisiva-del-psoe-cultura","status":"publish","type":"post","link":"https:\/\/www.europesays.com\/es\/161543\/","title":{"rendered":"El Congreso rechaza debatir la derogaci\u00f3n de la protecci\u00f3n cultural a los toros con la abstenci\u00f3n decisiva del PSOE | Cultura"},"content":{"rendered":"<p class=\"\">El Congreso no quiere ni o\u00edr hablar de cancelar la protecci\u00f3n cultural a las corridas de toros. Literalmente: los diputados acaban de tumbar la simple toma en consideraci\u00f3n de u<a href=\"https:\/\/elpais.com\/cultura\/2025-04-07\/una-iniciativa-legislativa-popular-obligara-al-congreso-a-votar-si-deroga-la-proteccion-cultural-a-los-toros.html\" target=\"_self\" rel=\"nofollow noopener\" title=\"https:\/\/elpais.com\/cultura\/2025-04-07\/una-iniciativa-legislativa-popular-obligara-al-congreso-a-votar-si-deroga-la-proteccion-cultural-a-los-toros.html\">na Iniciativa Legislativa Popular (ILP) <\/a>que ped\u00eda retirar el estatus de patrimonio nacional a la tauromaquia. De nada vali\u00f3 <a href=\"https:\/\/elpais.com\/cultura\/2025-04-07\/una-iniciativa-legislativa-popular-obligara-al-congreso-a-votar-si-deroga-la-proteccion-cultural-a-los-toros.html\" target=\"_self\" rel=\"nofollow noopener\" title=\"https:\/\/elpais.com\/cultura\/2025-04-07\/una-iniciativa-legislativa-popular-obligara-al-congreso-a-votar-si-deroga-la-proteccion-cultural-a-los-toros.html\">el trabajo de meses de 3.000 voluntarios, ni las 664.777 firmas<\/a> ciudadanas que juntaron para avalar la propuesta. Su recorrido ha naufragado ante el primer escollo parlamentario, con 57 votos a favor y 169 en contra. \u201cLa sociedad est\u00e1 con nosotras\u201d, dec\u00eda el d\u00eda antes A\u00efda Gasc\u00f3n, miembro de la Comisi\u00f3n Promotora del proyecto. No lo estuvo, sin embargo, el principal partido del Gobierno, el PSOE, <a href=\"https:\/\/elpais.com\/cultura\/2025-10-07\/el-congreso-decide-hoy-si-avanza-hacia-la-derogacion-de-la-proteccion-cultural-a-la-tauromaquia.html\" target=\"_self\" rel=\"nofollow noopener\" title=\"https:\/\/elpais.com\/cultura\/2025-10-07\/el-congreso-decide-hoy-si-avanza-hacia-la-derogacion-de-la-proteccion-cultural-a-la-tauromaquia.html\">cuyas dudas hasta ultim\u00edsima hora<\/a> se inclinaron finalmente por una abstenci\u00f3n que result\u00f3 decisiva. \u201cLa cultura ni se impone ni se deroga por decreto\u201d, afirm\u00f3 la portavoz, Maribel Garc\u00eda L\u00f3pez, entre otros intentos de equidistancia y equilibrismo de su intervenci\u00f3n. En la pr\u00e1ctica, supuso herir de muerte a la ILP. El sector taurino, al rev\u00e9s, vivi\u00f3 una tarde grande. <\/p>\n<p>M\u00e1s informaci\u00f3n<\/p>\n<p class=\"\">\u201cEl futuro es animalista\u201d,<a href=\"https:\/\/elpais.com\/cultura\/2025-10-07\/el-congreso-decide-hoy-si-avanza-hacia-la-derogacion-de-la-proteccion-cultural-a-la-tauromaquia.html\" target=\"_self\" rel=\"nofollow noopener\" title=\"https:\/\/elpais.com\/cultura\/2025-10-07\/el-congreso-decide-hoy-si-avanza-hacia-la-derogacion-de-la-proteccion-cultural-a-la-tauromaquia.html\"> insist\u00eda ayer Nahuel Gonz\u00e1lez, del otro partido del Ejecutivo,<\/a> Sumar, que s\u00ed dio su apoyo a la ILP. La iniciativa, sin embargo, ya forma parte del pasado. Pretend\u00eda derogar<a href=\"https:\/\/www.boe.es\/buscar\/act.php?id=BOE-A-2013-11837\" target=\"_self\" rel=\"nofollow noopener\" title=\"https:\/\/www.boe.es\/buscar\/act.php?id=BOE-A-2013-11837\"> la ley 18\/2013<\/a> y cancelar el estatus de la tauromaquia como patrimonio cultural nacional; y, de paso, devolver a cada poder auton\u00f3mico la opci\u00f3n de mantener o vetar sus espect\u00e1culos. La doble defensa, de los animales y las competencias locales, le gan\u00f3 el respaldo de toda la izquierda (Esquerra Republicana de Catalunya, Bildu o Podemos) as\u00ed como del nacionalismo catal\u00e1n (Junts), vasco (PNV) o gallego (BNG). Se opusieron el PP, la extrema derecha de Vox y la Uni\u00f3n del Pueblo Navarro, con menci\u00f3n a los sanfermines incluida. Al final, la ILP no logr\u00f3 ninguno de sus dos objetivos. Si acaso, lo contrario: <a href=\"https:\/\/www.boe.es\/buscar\/act.php?id=BOE-A-2013-11837\" target=\"_self\" rel=\"nofollow noopener\" title=\"https:\/\/www.boe.es\/buscar\/act.php?id=BOE-A-2013-11837\">el toreo y su blindaje estatal<\/a> salieron reforzados del Congreso. <\/p>\n<p class=\"\">Qued\u00f3 claro, a la vez, que el asunto genera un debate tan complejo como polarizado y sensible. M\u00e1s que de festejos, ganader\u00edas, su impacto laboral o econ\u00f3mico se habl\u00f3 de identidad y tradici\u00f3n. Cuando Gonz\u00e1lez, de Sumar, asever\u00f3 que \u201cel llamado toro bravo no es una especie salvaje ni en peligro de extinci\u00f3n, sino una raza ganadera domesticada creada por el ser humano\u201d, el diputado de Vox Joaqu\u00edn Robles L\u00f3pez le interrumpi\u00f3 dos veces a gritos. Solo le aplac\u00f3 la llamada al orden de la presidenta, Francina Armengol. <\/p>\n<p><img decoding=\"auto\" class=\"_re lazyload a_m-h\" height=\"286\"  width=\"414\"  src=\"https:\/\/www.europesays.com\/es\/wp-content\/uploads\/2025\/10\/VX774N6EJBITFLGJVSABICJNZM.jpg\" loading=\"lazy\"\/>Los firmantes de la ILP &#8216;No es mi cultura&#8217;, manifest\u00e1ndose ante al Congreso de los Diputados, este martes.Ricardo Rubio (Europa Press)<\/p>\n<p class=\"\"><a href=\"https:\/\/elpais.com\/cultura\/2025-09-23\/la-propuesta-popular-contra-la-tauromaquia-empieza-un-complicado-tramite-en-el-congreso-que-el-psoe-tendra-que-resolver.html\" target=\"_self\" rel=\"nofollow noopener\" title=\"https:\/\/elpais.com\/cultura\/2025-09-23\/la-propuesta-popular-contra-la-tauromaquia-empieza-un-complicado-tramite-en-el-congreso-que-el-psoe-tendra-que-resolver.html\">Unos citaron a Benito P\u00e9rez Gald\u00f3s, Clara Campoamor,<\/a> Unamuno o la antrop\u00f3loga Jane Goodall, reci\u00e9n fallecida, quien escribi\u00f3: \u201cSi fuera un toro no querr\u00eda formar parte de este espect\u00e1culo\u201d.<a href=\"https:\/\/elpais.com\/cultura\/2025-09-23\/la-propuesta-popular-contra-la-tauromaquia-empieza-un-complicado-tramite-en-el-congreso-que-el-psoe-tendra-que-resolver.html\" target=\"_self\" rel=\"nofollow noopener\" title=\"https:\/\/elpais.com\/cultura\/2025-09-23\/la-propuesta-popular-contra-la-tauromaquia-empieza-un-complicado-tramite-en-el-congreso-que-el-psoe-tendra-que-resolver.html\"> Otros recurrieron a Picasso, Juan Belmonte,<\/a> Manolete, Goya, Hemingway, Orson Welles o aquella c\u00e9lebre definici\u00f3n de Lorca de la tauromaquia como \u201cla fiesta m\u00e1s culta del mundo\u201d. <\/p>\n<p class=\"\">Etna Estrems Fayos, de Esquerra, ofreci\u00f3 otra interpretaci\u00f3n: \u201cVer c\u00f3mo se desangra delante de los aplausos un animal atrapado y sin posibilidad de defensa no es cultura\u201d. A lo que Mar\u00eda Soledad Cruz-Guzm\u00e1n Garc\u00eda, del PP, contest\u00f3 con una dedicatoria <a href=\"https:\/\/elpais.com\/cultura\/2025-10-07\/el-congreso-decide-hoy-si-avanza-hacia-la-derogacion-de-la-proteccion-cultural-a-la-tauromaquia.html\" target=\"_self\" rel=\"nofollow noopener\" title=\"https:\/\/elpais.com\/cultura\/2025-10-07\/el-congreso-decide-hoy-si-avanza-hacia-la-derogacion-de-la-proteccion-cultural-a-la-tauromaquia.html\">a los cientos de pueblos, municipios y alcaldes por buena parte <\/a>de la geograf\u00eda espa\u00f1ola que celebran ferias taurinas. \u201cNadie puede conocer la historia de Espa\u00f1a si no conoce la de las corridas de toros\u201d, agreg\u00f3. Y aprovech\u00f3 para re\u00edrse de los bandazos del PSOE, el partido m\u00e1s inc\u00f3modo y dividido ante este asunto, igual que sus electores. <\/p>\n<p class=\"\">La popular meti\u00f3 otro dedo en la llaga: insinu\u00f3 que Mar\u00eda Jes\u00fas Montero, actual vicepresidenta y candidata socialista a las pr\u00f3ximas elecciones andaluzas, habr\u00eda tenido muy dif\u00edcil justificar en su campa\u00f1a el visto bueno a la ILP. Aunque, ahora, el partido tendr\u00e1 el problema opuesto. \u201cEl PSOE, una vez m\u00e1s, traicionando a la democracia y rindi\u00e9ndose al poder de una minor\u00eda, negando el debate y silenciando a m\u00e1s de 715.000 personas [las firmas que contabilizaron los impulsores]. Esta derrota solo prueba una cosa: Page [presidente de Castilla-La Mancha] manda m\u00e1s que S\u00e1nchez en un PSOE alineado con la ultraderecha\u201d, fue el comentario de Gasc\u00f3n, de la Comisi\u00f3n Promotora, tras la votaci\u00f3n.<\/p>\n<p class=\"\">Durante d\u00edas el s\u00ed de los socialistas se hab\u00eda dado por hecho. Y <a href=\"https:\/\/elpais.com\/cultura\/2025-10-07\/el-congreso-decide-hoy-si-avanza-hacia-la-derogacion-de-la-proteccion-cultural-a-la-tauromaquia.html\" target=\"_self\" rel=\"nofollow noopener\" title=\"https:\/\/elpais.com\/cultura\/2025-10-07\/el-congreso-decide-hoy-si-avanza-hacia-la-derogacion-de-la-proteccion-cultural-a-la-tauromaquia.html\">as\u00ed lo entendieron tanto su socio de Gobierno, Sumar, como la Comisi\u00f3n Promotora. <\/a>Aunque solo fuera por lo que subray\u00f3 Marije Fullaondo la Cruz, de Bildu: \u201cNo tomar en consideraci\u00f3n la ILP demostrar\u00eda una falta de respeto absoluto hacia la ciudadan\u00eda\u201d. Incluso si hubiera prosperado hoy, la iniciativa segu\u00eda teniendo por delante una tramitaci\u00f3n complicada, incierta y contrarreloj para volverse realidad. Pero ya <a href=\"https:\/\/elpais.com\/cultura\/2025-10-07\/el-congreso-decide-hoy-si-avanza-hacia-la-derogacion-de-la-proteccion-cultural-a-la-tauromaquia.html\" target=\"_self\" rel=\"nofollow noopener\" title=\"https:\/\/elpais.com\/cultura\/2025-10-07\/el-congreso-decide-hoy-si-avanza-hacia-la-derogacion-de-la-proteccion-cultural-a-la-tauromaquia.html\">ayer lunes a \u00faltima hora una fuente socialista traslad\u00f3<\/a> que a\u00fan estaban decidiendo. Apostaron, al final, por la misma postura que mantuvieron ante la ley de 2013 impulsada por el entonces Gobierno del PP que blind\u00f3 a los toros: abstenci\u00f3n, hoy igual que hace 12 a\u00f1os. <\/p>\n<p class=\"\">\u201cEs un tema que exige m\u00e1s cabeza fr\u00eda que ruido. [&#8230;] Hay territorios donde la tauromaquia forma parte del acervo cultural, y otros donde ha desaparecido de forma natural. Esa diversidad es un valor que debemos preservar\u201d, justific\u00f3 la portavoz socialista. Aunque el intento de Catalu\u00f1a de prohibir las corridas de toros en 2010, o el de Baleares de modificarlas, se estrellaron contra el <a href=\"https:\/\/elpais.com\/politica\/2016\/11\/08\/actualidad\/1478630543_939368.html\" rel=\"nofollow noopener\" title=\"https:\/\/elpais.com\/politica\/2016\/11\/08\/actualidad\/1478630543_939368.html\" target=\"_blank\">Tribunal Constitucional<\/a>, precisamente por la protecci\u00f3n nacional que garantiza la ley de 2013. Establece, <a href=\"https:\/\/www.boe.es\/buscar\/act.php?id=BOE-A-2013-11837\" rel=\"nofollow noopener\" title=\"https:\/\/www.boe.es\/buscar\/act.php?id=BOE-A-2013-11837\" target=\"_blank\">en su art\u00edculo 2,<\/a> que la tauromaquia \u201cforma parte del patrimonio cultural digno de protecci\u00f3n en todo el territorio nacional\u201d. <a href=\"https:\/\/www.boe.es\/buscar\/act.php?id=BOE-A-2013-11837\" rel=\"nofollow noopener\" title=\"https:\/\/www.boe.es\/buscar\/act.php?id=BOE-A-2013-11837\" target=\"_blank\">Y en el 3:<\/a>\u201cLos poderes p\u00fablicos garantizar\u00e1n la conservaci\u00f3n de la Tauromaquia y promover\u00e1n su enriquecimiento\u201d. <\/p>\n<p><img decoding=\"auto\" class=\"_re lazyload a_m-h\" height=\"276\"  width=\"414\"  src=\"https:\/\/www.europesays.com\/es\/wp-content\/uploads\/2025\/10\/1759875070_566_NWNVBGHDDVHH3DDI4IC7YI4QPQ.jpg\" loading=\"lazy\"\/>Miembros de la comisi\u00f3n promotora de la ILP &#8216;No es mi cultura&#8217;, ante el Congreso de los Diputados, el pasado mes de febrero.J.J. Guill\u00e9n Efe<\/p>\n<p class=\"\">Igual que otros muchos diputados, la socialista Maribel Garc\u00eda L\u00f3pez ofreci\u00f3 su agradecimiento y respeto a los impulsores y firmantes de la ILP. Cabe suponer que hubieran preferido hechos, m\u00e1s que palabras. Porque, as\u00ed, el toreo sali\u00f3 a hombros del Congreso. \u201cNi reyes, ni papas, ni gobiernos de ning\u00fan tipo han podido acabar con la tauromaquia, ni despojarla de su identidad popular. Pertenece al pueblo. No se puede votar lo que somos o dejamos de ser\u201d, destac\u00f3 Mar\u00eda Jos\u00e9 Rodr\u00edguez de Mill\u00e1n Parro, de Vox. <\/p>\n<p class=\"\">La propia ley de 2013 ofrece otra muestra del poder\u00edo taurino: vino impulsada por otra ILP, la que present\u00f3 <a href=\"https:\/\/elpais.com\/politica\/2012\/03\/22\/actualidad\/1332420896_634433.html\" rel=\"nofollow noopener\" target=\"_blank\">la Federaci\u00f3n de Entidades Taurinas de Catalu\u00f1a en marzo de 2012<\/a> para que la tauromaquia fuera declarada Bien de Inter\u00e9s Cultural (BIC). As\u00ed que esa iniciativa popular s\u00ed prosper\u00f3. La de hoy, en cambio, no consigui\u00f3 derogarla, pese a contar con muchas m\u00e1s firmas recogidas. Contin\u00faa, pues, la maldici\u00f3n de las ILP fallidas, varadas o ignoradas por los diputados: de las 154 presentadas desde 1984, solo dos fueron avaladas por el Congreso, con modificaciones, y otras dos quedaron incorporadas en otras normas. <\/p>\n<p class=\"\">Los n\u00fameros, apenas citados en el debate, tambi\u00e9n sirven para entender la vigencia de la tauromaquia. S<a href=\"https:\/\/estadisticas.cultura.gob.es\/CulturaDynPx\/culturabase\/index.htm?type=pcaxis&amp;path=\/t9\/p9\/a1a2024-2025\/c10\/&amp;file=pcaxis\" rel=\"nofollow noopener\" title=\"https:\/\/estadisticas.cultura.gob.es\/CulturaDynPx\/culturabase\/index.htm?type=pcaxis&amp;path=\/t9\/p9\/a1a2024-2025\/c10\/&amp;file=pcaxis\" target=\"_blank\">olo un 8% de la poblaci\u00f3n<\/a> acudi\u00f3 a espect\u00e1culos taurinos en el \u00faltimo a\u00f1o, seg\u00fan datos oficiales, con m\u00e1s participaci\u00f3n masculina y en las franjas de edad de 15-24 a\u00f1os y 45-64. <a href=\"https:\/\/estadisticas.cultura.gob.es\/CulturaDynPx\/culturabase\/index.htm?type=pcaxis&amp;path=\/t9\/p9\/a1a2024-2025\/c10\/&amp;file=pcaxis\" rel=\"nofollow noopener\" title=\"https:\/\/estadisticas.cultura.gob.es\/CulturaDynPx\/culturabase\/index.htm?type=pcaxis&amp;path=\/t9\/p9\/a1a2024-2025\/c10\/&amp;file=pcaxis\" target=\"_blank\">Las estad\u00edsticas se\u00f1alan adem\u00e1s que, en una escala de 1 a 10<\/a>, la tauromaquia interesa entre 5 y 10 a uno de cada cuatro ciudadanos. Sin embargo, un 68,4% le otorga un valor entre 0 y 2. <\/p>\n<p class=\"\">E<a href=\"https:\/\/libreria.cultura.gob.es\/libro\/anuario-de-estadisticas-culturales-2024_10628\/\" rel=\"nofollow noopener\" title=\"https:\/\/libreria.cultura.gob.es\/libro\/anuario-de-estadisticas-culturales-2024_10628\/\" target=\"_blank\">n 2023, \u00faltima cifra disponible<\/a>, los festejos descendieron: 1.474 frente a 1.546 en 2022. Aunque mejoraron el dato prepandemia: en 2019 hab\u00edan sido 1.425. La gran mayor\u00eda se concentr\u00f3 entre Madrid, Castilla-La Mancha, Castilla y Le\u00f3n y Andaluc\u00eda. Y, al mismo tiempo,<a href=\"https:\/\/libreria.cultura.gob.es\/libro\/anuario-de-estadisticas-culturales-2024_10628\/\" rel=\"nofollow noopener\" title=\"https:\/\/libreria.cultura.gob.es\/libro\/anuario-de-estadisticas-culturales-2024_10628\/\" target=\"_blank\"> crecieron los profesionales del sector<\/a> en todas las categor\u00edas, hasta su cifra m\u00e1s alta en un lustro: matadores, rejoneadores, novilleros, banderilleros o picadores. <\/p>\n<p><img decoding=\"auto\" class=\"_re lazyload a_m-h\" height=\"276\"  width=\"414\"  src=\"https:\/\/www.europesays.com\/es\/wp-content\/uploads\/2025\/10\/1759875070_941_P3G3BYYODZPRVAGLACQW4V6274.jpg\" loading=\"lazy\"\/>El diestro Pablo Aguado entra a matar al primer toro de su lote, durante la corrida de la Feria de Oto\u00f1o del pasado s\u00e1bado en Las Ventas.<br \/>\nBorja S\u00e1nchez-Trillo (EFE)<\/p>\n<p class=\"\">Las plazas, m\u00e1s all\u00e1 de las matem\u00e1ticas, tambi\u00e9n detectan \u00faltimamente una sensaci\u00f3n: por vez primera en muchos a\u00f1os, las tres corridas de San Miguel en Sevilla han colgado el cartel de no hay billetes, y los cuatro primeros festejos de la feria de oto\u00f1o en Madrid han tenido llenos diarios. La ILP, as\u00ed como la pol\u00edtica d<a href=\"https:\/\/elpais.com\/cultura\/2024-05-03\/el-ministerio-de-cultura-elimina-el-premio-nacional-de-tauromaquia.html\" rel=\"nofollow noopener\" target=\"_blank\">el Ministerio de Cultura, dirigido por Ernest Urtasun y Sumar \u2015suprimi\u00f3<\/a> en 2024 el Premio Nacional de Tauromaquia, que se entregaba desde 2013 con una dotaci\u00f3n de 30.000 euros\u2015, parecen haber entusiasmado a sus defensores, pero tambi\u00e9n movilizado cierta resistencia. Y generado, si acaso, un mayor apego a los toros entre sus aficionados. <\/p>\n<p class=\"\">Aunque los opositores subrayan que ni as\u00ed, ni con el soporte de las que consideran excesivas subvenciones, la tauromaquia termina de despegar. \u201cUno de los mitos es que se sostiene sola. Es falso, depende del dinero p\u00fablico. Mantener un toro de lidia cuesta m\u00e1s de 4.000 euros al a\u00f1o. \u00bfUn espect\u00e1culo con plazas vac\u00edas y audiencia en ca\u00edda libre pueden sostener esto? No, lo pagamos entre todos\u201d, sostuvo Gonz\u00e1lez, de Sumar. Unos gritan que las corridas de toros rebosan salud. Otros, que agonizan. Cada bando tiene argumentos para seguir con la pelea dial\u00e9ctica. Salvo, eso s\u00ed, en el Congreso: hoy ha dejado claro que no quiere ni hablar de ello. <\/p>\n","protected":false},"excerpt":{"rendered":"El Congreso no quiere ni o\u00edr hablar de cancelar la protecci\u00f3n cultural a las corridas de toros. Literalmente:&hellip;\n","protected":false},"author":2,"featured_media":161544,"comment_status":"","ping_status":"","sticky":false,"template":"","format":"standard","meta":{"footnotes":""},"categories":[8],"tags":[17,18,209,25,24,13,14,1485,11,3728,19,20,1480,42641,9,10,15,16,6476,45929,11860,47898,23,12,2487,444,21,22],"class_list":{"0":"post-161543","1":"post","2":"type-post","3":"status-publish","4":"format-standard","5":"has-post-thumbnail","7":"category-espana","8":"tag-breaking-news","9":"tag-breakingnews","10":"tag-cultura","11":"tag-es","12":"tag-espana","13":"tag-featured-news","14":"tag-featurednews","15":"tag-ferias-taurinas","16":"tag-headlines","17":"tag-las-ventas","18":"tag-latest-news","19":"tag-latestnews","20":"tag-maltrato-animal","21":"tag-maltrato-animales-fiestas","22":"tag-news","23":"tag-noticias","24":"tag-noticias-destacadas","25":"tag-noticiasdestacadas","26":"tag-patrimonio-cultural","27":"tag-patrimonio-cultural-inmaterial","28":"tag-plazas-toros","29":"tag-politica-cultural","30":"tag-spain","31":"tag-titulares","32":"tag-toreros","33":"tag-toros","34":"tag-ultimas-noticias","35":"tag-ultimasnoticias"},"share_on_mastodon":{"url":"","error":""},"_links":{"self":[{"href":"https:\/\/www.europesays.com\/es\/wp-json\/wp\/v2\/posts\/161543","targetHints":{"allow":["GET"]}}],"collection":[{"href":"https:\/\/www.europesays.com\/es\/wp-json\/wp\/v2\/posts"}],"about":[{"href":"https:\/\/www.europesays.com\/es\/wp-json\/wp\/v2\/types\/post"}],"author":[{"embeddable":true,"href":"https:\/\/www.europesays.com\/es\/wp-json\/wp\/v2\/users\/2"}],"replies":[{"embeddable":true,"href":"https:\/\/www.europesays.com\/es\/wp-json\/wp\/v2\/comments?post=161543"}],"version-history":[{"count":0,"href":"https:\/\/www.europesays.com\/es\/wp-json\/wp\/v2\/posts\/161543\/revisions"}],"wp:featuredmedia":[{"embeddable":true,"href":"https:\/\/www.europesays.com\/es\/wp-json\/wp\/v2\/media\/161544"}],"wp:attachment":[{"href":"https:\/\/www.europesays.com\/es\/wp-json\/wp\/v2\/media?parent=161543"}],"wp:term":[{"taxonomy":"category","embeddable":true,"href":"https:\/\/www.europesays.com\/es\/wp-json\/wp\/v2\/categories?post=161543"},{"taxonomy":"post_tag","embeddable":true,"href":"https:\/\/www.europesays.com\/es\/wp-json\/wp\/v2\/tags?post=161543"}],"curies":[{"name":"wp","href":"https:\/\/api.w.org\/{rel}","templated":true}]}}