{"id":161546,"date":"2025-10-07T22:13:19","date_gmt":"2025-10-07T22:13:19","guid":{"rendered":"https:\/\/www.europesays.com\/es\/161546\/"},"modified":"2025-10-07T22:13:19","modified_gmt":"2025-10-07T22:13:19","slug":"derrotas-para-morvedre-y-elda-prestigio-en-la-liga-guerreras-iberdrola","status":"publish","type":"post","link":"https:\/\/www.europesays.com\/es\/161546\/","title":{"rendered":"Derrotas para Morvedre y Elda Prestigio, en la Liga Guerreras Iberdrola"},"content":{"rendered":"<p class=\"ft-text\">La <strong>quinta jornada de la <\/strong><a class=\"ft-link ft-link--decoration\" href=\"https:\/\/resultadosbalonmano.isquad.es\/clasificacion.php\" rel=\"nofollow noopener\" target=\"_blank\"><strong>Liga Guerreras Iberdrola<\/strong><\/a><strong>, la cual tendr\u00e1 su conclusi\u00f3n este mi\u00e9rcoles<\/strong> debido a los <a class=\"ft-link ft-link--decoration\" href=\"https:\/\/www.superdeporte.es\/balonmano\/2025\/10\/06\/atticgo-elche-confirma-pleno-espanol-en-la-ehf-european-cup-122318197.html\" target=\"_blank\" rel=\"nofollow noopener\">partidos aplazados por la EHF European Cup<\/a>: Costa del Sol &#8211; <strong>\u00a0<\/strong><a href=\"https:\/\/www.superdeporte.es\/tags\/atticgo-elche\/\" class=\"ft-link ft-link--decoration\" rel=\"nofollow noopener\" target=\"_blank\"><strong>AtticGo Elche<\/strong><\/a> y Replasa Beti-Onak &#8211; Rocasa Gran Canaria.<\/p>\n<p class=\"ft-text\">Por lo que respecta a los otros dos equipos de la Comunitat Valenciana, el<strong> <\/strong><a class=\"ft-link ft-link--decoration\" href=\"https:\/\/www.superdeporte.es\/tags\/bm-morvedre\/\" target=\"_blank\" rel=\"nofollow noopener\"><strong>Balonmano Morvedre<\/strong><\/a><strong> cay\u00f3 en su visita al Super Amara Bera Bera por 34-25<\/strong>, mientras que el <a class=\"ft-link ft-link--decoration\" href=\"https:\/\/www.superdeporte.es\/tags\/elda-prestigio\/\" target=\"_blank\" rel=\"nofollow noopener\"><strong>Elda Prestigio<\/strong><\/a><strong> cedi\u00f3 en su casa ante el KH-7 BM. Granollers por el marcador de 17-22.<\/strong><\/p>\n<p>La cr\u00f3nica del Morvedre<\/p>\n<p class=\"ft-text\"><strong>Super Amara Bera Bera recib\u00eda a <\/strong><a class=\"ft-link ft-link--decoration\" href=\"https:\/\/www.facebook.com\/BmMorvedre\/?locale=es_ES\" rel=\"nofollow noopener\" target=\"_blank\"><strong>Club Balonmano Morvedre<\/strong><\/a><strong> <\/strong>en un partido de aspiraciones totalmente diferentes para esta temporada en la Liga Guerreras Iberdrola. Y se demostr\u00f3 r\u00e1pido, pues l<strong>as donostiarras sacaron su versi\u00f3n m\u00e1s demoledora y ya sumaban ocho goles de ventaja al descanso<\/strong>. <strong>Elba \u00c1lvarez y Maitane Etxeberria,<\/strong> los faros de las donostiarras. El Balonmano Morvedre cay\u00f3 por 34 a 25, en un <strong>encuentro marcado por la intensidad del rival y por una notable capacidad de reacci\u00f3n del conjunto saguntino<\/strong>. Aunque el marcador final refleja una diferencia amplia, tanto el <strong>cuerpo t\u00e9cnico como las jugadoras valoran positivamente varios aspectos del partido, especialmente la actitud mostrada en la segunda mitad.<\/strong><\/p>\n<p class=\"ft-text\"><strong>Tras un primer tiempo en el que Bera Bera impuso su ritmo y se march\u00f3 al descanso con una renta de ocho goles<\/strong>, Morvedre supo recomponerse y mostrar car\u00e1cter. <strong>En la segunda parte, las saguntinas llegaron a reducir la diferencia hasta los tres goles<\/strong>, demostrando solidez defensiva y mayor verticalidad en ataque. <strong>Durante veinte minutos, lograron contener al potente conjunto donostiarra, que solo anot\u00f3 seis tantos en ese tramo.<\/strong><\/p>\n<p class=\"ft-text\">La coralidad de la ofensiva de las donostiarras, con Etxeberria siendo la referencia, propici\u00f3 una abultada victoria ante un Morvedre que <strong>consigui\u00f3 ponerse a cuatro goles (23-19) a falta de 15 minutos para el final.<\/strong><\/p>\n<p class=\"ft-text\">Con esta derrota, Morvedre cierra una jornada exigente pero enriquecedora, y ya centra su mirada en el <strong>partido clave de la pr\u00f3xima semana en casa frente a San Jos\u00e9<\/strong>, donde buscar\u00e1 transformar las buenas sensaciones en puntos decisivos.<\/p>\n<p>La cr\u00f3nica del Elda Prestigio<\/p>\n<p class=\"ft-text\">En el<strong> duelo de necesidades entre Elda Prestigio y KH-7 Granollers<\/strong>, eldenses y vallesanas buscaban dos puntos que son muy valiosos para poder aspirar a los puestos de play-offs al final de la liga regular<\/p>\n<p class=\"ft-text\"><strong>Tras un inicio de partido en el que las pupilas de <\/strong><a class=\"ft-link ft-link--decoration\" href=\"https:\/\/www.superdeporte.es\/tags\/jose-ignacio-prades\/\" target=\"_blank\" rel=\"nofollow noopener\"><strong>Jos\u00e9 Ignacio Prades<\/strong><\/a><strong> tardaron en coger ritmo,<\/strong> <strong>motivado por una gran defensa de las catalanas, la igualdad y los errores de ambos conjuntos fueron la t\u00f3nica dominante de los primeros 30 minutos. <\/strong>Aun as\u00ed, haciendo poco a poco su trabajo, las locales consiguieron revertir la situaci\u00f3n y ponerse por delante en el minuto 13 con el 4-3. La diferencia podr\u00eda haber sido mucho mayor si no llega a ser por Marta Mera.<strong> La guardameta sostuvo a su equipo, junto con los goles de Martina Capdevila, para que finalmente fuesen las vallesanas las que se fuesen al descanso con victoria, como atestiguaba el 8-10 del Florentino Ib\u00e1\u00f1ez.<\/strong><\/p>\n<p class=\"ft-text\"><strong>Sali\u00f3 dormido Elda a la segunda mitad, y Meriem Ezbida era ahora quien salvaba a su equipo. <\/strong>Robert Cuesta hab\u00eda corregido los errores de los primeros 30 minutos en las suyas, y consiguieron aumentar la renta tras diez minutos de segunda parte.<\/p>\n<p class=\"ft-text\">Pese a que el equipo eldense supo empatar el partido en el 14-14, no se pusieron nerviosas las vallesanas, y consiguieron controlar el encuentro volviendo a colocar el +3 (14-17) a diez minutos del final. <strong>Luch\u00f3 contra viento y marea el equipo de Prades, pero la victoria se quedar\u00eda para las catalanas con el 17-22.<\/strong><\/p>\n<p>Resultados y clasificaci\u00f3n<img decoding=\"async\" src=\"https:\/\/www.europesays.com\/es\/wp-content\/uploads\/2025\/10\/e6455d74-0949-4fda-b5d8-b12e5c16b734_alta-libre-aspect-ratio_default_0.jpg\" width=\"1200\" height=\"498\" alt=\"Resultados.\" class=\"ft-helper-img-rd\" loading=\"lazy\" hasdataaida=\"true\"\/><\/p>\n<p class=\"ft-helper-fontColor-quaternary ft-helper-fontSize-body-S ft-helper-spacer-t-xxs\">Resultados.  \/ RFEBM<\/p>\n<p><img decoding=\"async\" src=\"https:\/\/www.europesays.com\/es\/wp-content\/uploads\/2025\/10\/65d8370e-1730-46a8-878e-43b36946f798_alta-libre-aspect-ratio_default_0.jpg\" width=\"1200\" height=\"606\" alt=\"Clasificaci\u00f3n.\" class=\"ft-helper-img-rd\" loading=\"lazy\" hasdataaida=\"true\"\/><\/p>\n<p class=\"ft-helper-fontColor-quaternary ft-helper-fontSize-body-S ft-helper-spacer-t-xxs\">Clasificaci\u00f3n.  \/ RFEBM<\/p>\n","protected":false},"excerpt":{"rendered":"La quinta jornada de la Liga Guerreras Iberdrola, la cual tendr\u00e1 su conclusi\u00f3n este mi\u00e9rcoles debido a los&hellip;\n","protected":false},"author":2,"featured_media":161547,"comment_status":"","ping_status":"","sticky":false,"template":"","format":"standard","meta":{"footnotes":""},"categories":[278],"tags":[376,30478,33582,7524,168,47599,22185,24502,25,24,47899,375,1044,8202,10379,24500,23,167],"class_list":{"0":"post-161546","1":"post","2":"type-post","3":"status-publish","4":"format-standard","5":"has-post-thumbnail","7":"category-balonmano","8":"tag-balonmano","9":"tag-balonmano-morvedre","10":"tag-bm-morvedre","11":"tag-comunitat-de-l","12":"tag-deportes","13":"tag-derrotas","14":"tag-elda","15":"tag-elda-prestigio","16":"tag-es","17":"tag-espana","18":"tag-guerreras-iberdrola","19":"tag-handball","20":"tag-liga","21":"tag-liga-guerreras-iberdrola","22":"tag-morvedre","23":"tag-prestigio","24":"tag-spain","25":"tag-sports"},"share_on_mastodon":{"url":"","error":""},"_links":{"self":[{"href":"https:\/\/www.europesays.com\/es\/wp-json\/wp\/v2\/posts\/161546","targetHints":{"allow":["GET"]}}],"collection":[{"href":"https:\/\/www.europesays.com\/es\/wp-json\/wp\/v2\/posts"}],"about":[{"href":"https:\/\/www.europesays.com\/es\/wp-json\/wp\/v2\/types\/post"}],"author":[{"embeddable":true,"href":"https:\/\/www.europesays.com\/es\/wp-json\/wp\/v2\/users\/2"}],"replies":[{"embeddable":true,"href":"https:\/\/www.europesays.com\/es\/wp-json\/wp\/v2\/comments?post=161546"}],"version-history":[{"count":0,"href":"https:\/\/www.europesays.com\/es\/wp-json\/wp\/v2\/posts\/161546\/revisions"}],"wp:featuredmedia":[{"embeddable":true,"href":"https:\/\/www.europesays.com\/es\/wp-json\/wp\/v2\/media\/161547"}],"wp:attachment":[{"href":"https:\/\/www.europesays.com\/es\/wp-json\/wp\/v2\/media?parent=161546"}],"wp:term":[{"taxonomy":"category","embeddable":true,"href":"https:\/\/www.europesays.com\/es\/wp-json\/wp\/v2\/categories?post=161546"},{"taxonomy":"post_tag","embeddable":true,"href":"https:\/\/www.europesays.com\/es\/wp-json\/wp\/v2\/tags?post=161546"}],"curies":[{"name":"wp","href":"https:\/\/api.w.org\/{rel}","templated":true}]}}