{"id":161548,"date":"2025-10-07T22:14:10","date_gmt":"2025-10-07T22:14:10","guid":{"rendered":"https:\/\/www.europesays.com\/es\/161548\/"},"modified":"2025-10-07T22:14:10","modified_gmt":"2025-10-07T22:14:10","slug":"50-anos-del-adios-al-torero-de-madrid-antonio-bienvenida-en-el-especial-de-aplausos-de-octubre","status":"publish","type":"post","link":"https:\/\/www.europesays.com\/es\/161548\/","title":{"rendered":"50 a\u00f1os del adi\u00f3s al torero de Madrid, Antonio Bienvenida, en el Especial de Aplausos de octubre"},"content":{"rendered":"<p>Tal d\u00eda como hoy, este <strong>\u00ab7 de octubre se cumplen cincuenta a\u00f1os de la muerte de Antonio Mej\u00edas Jim\u00e9nez, \u00abAntonio Bienvenida\u00bb en los carteles. Su vida fue el toreo y encontr\u00f3 la muerte en un tentadero, en una de las labores que m\u00e1s le llenaban. Fue un accidente que desencaden\u00f3 en una tragedia a los 53 a\u00f1os. La tarde oto\u00f1al no pod\u00eda ser m\u00e1s adecuada para el toreo&#8230;\u00bb.<\/strong><\/p>\n<p>As\u00ed comienza narrando su nieto y nuestro compa\u00f1ero <strong>Gonzalo I. Bienvenida,<\/strong> el completo Especial en homenaje a su abuelo, el maestro <strong>Antonio Bienvenida<\/strong>, que trae este mes de octubre el <strong>n\u00famero 2.274<\/strong> de la revista <strong>Aplausos<\/strong>, y que ya se encuentra en los quioscos, para rendir homenaje a su figura cuando se cumplen cincuenta a\u00f1os de su fallecimiento.<\/p>\n<p><img loading=\"lazy\" decoding=\"async\" class=\"alignnone wp-image-552561 size-full lazy\" src=\"https:\/\/www.europesays.com\/es\/wp-content\/uploads\/2025\/10\/TARDES-GLORIOSAS-1.jpg\" alt=\"\" width=\"1280\" height=\"831\"  data-\/><\/p>\n<p>Un amplio y minucioso <strong>Extra para coleccionistas<\/strong> en el que a lo largo de nueve p\u00e1ginas su nieto repasa a todos los niveles la trayectoria del maestro, as\u00ed como sus hitos en la plaza de toros de <strong>Madrid<\/strong> acompa\u00f1ados de las mejores im\u00e1genes del archivo de <strong>Bot\u00e1n<\/strong>.<\/p>\n<p>Un <strong>Especial<\/strong> digno de <strong>colecci\u00f3n<\/strong> dedicado a <strong>Antonio Bienvenida<\/strong> que no puede perderse todo aquel que presuma de ser buen aficionado a la tauromaquia, ya que ofrece un exhaustivo repaso a su trayectoria, su vida y sus hitos, sus tardes de gloria como \u00eddolo en<strong> Las Ventas<\/strong>, sus estad\u00edsticas en <strong>Madrid<\/strong>, su concepto del toreo analizado por nuestro director, <strong>Jos\u00e9 Luis Benlloch<\/strong>, as\u00ed como su retirada y el multitudinario adi\u00f3s que caus\u00f3 el impacto de su fallecimiento.<\/p>\n<p><img loading=\"lazy\" decoding=\"async\" class=\"alignnone wp-image-552562 size-full lazy\" src=\"https:\/\/www.europesays.com\/es\/wp-content\/uploads\/2025\/10\/1759875249_854_22-1.jpg\" alt=\"\" width=\"1280\" height=\"853\"  data-\/><\/p>\n<p>No te quedes sin este ejemplar \u00fanico e in\u00e9dito de colecci\u00f3n y ve al quiosco a comprar este \u00faltimo n\u00famero de <strong>Aplausos<\/strong> para ver ese <strong>Extra<\/strong> de colecci\u00f3n del maestro, hecho por su nieto y con las mejores fotos de <strong>Bot\u00e1n<\/strong>.<\/p>\n<p>Puede consultar este y todos los dem\u00e1s ejemplares de\u00a0<b>Aplausos<\/b>\u00a0en nuestra\u00a0<a href=\"https:\/\/www.aplausos.es\/hemeroteca-de-la-revista-aplausos\/?swcfpc=1\" rel=\"nofollow noopener\" target=\"_blank\">hemeroteca digital.<\/a>\u00a0Y suscribirse en\u00a0<a href=\"https:\/\/www.aplausos.es\/cuenta-de-membresia\/tipos-de-suscripcion\/?swcfpc=1\" rel=\"nofollow noopener\" target=\"_blank\">este enlace<\/a>.<br \/>&amp;nbsp<\/p>\n<p><a href=\"https:\/\/www.europesays.com\/es\/wp-content\/uploads\/2025\/10\/Portada.jpeg\"><img loading=\"lazy\" decoding=\"async\" aria-describedby=\"caption-attachment-551221\" class=\"wp-image-551221 size-full lazy\" src=\"https:\/\/www.europesays.com\/es\/wp-content\/uploads\/2025\/10\/Portada.jpeg\" alt=\"\" width=\"881\" height=\"1202\"  data-\/><\/a><\/p>\n<p id=\"caption-attachment-551221\" class=\"wp-caption-text\">Portada del n\u00famero 2.274 correspondiente al mes de octubre.<\/p>\n","protected":false},"excerpt":{"rendered":"Tal d\u00eda como hoy, este \u00ab7 de octubre se cumplen cincuenta a\u00f1os de la muerte de Antonio Mej\u00edas&hellip;\n","protected":false},"author":2,"featured_media":161549,"comment_status":"","ping_status":"","sticky":false,"template":"","format":"standard","meta":{"footnotes":""},"categories":[277],"tags":[45,30902,373,168,25,24,47900,1226,1227,23,167,625,374],"class_list":{"0":"post-161548","1":"post","2":"type-post","3":"status-publish","4":"format-standard","5":"has-post-thumbnail","7":"category-toreo","8":"tag-45","9":"tag-antonio-bienvenida","10":"tag-bullfighting","11":"tag-deportes","12":"tag-es","13":"tag-espana","14":"tag-extra-aplausos","15":"tag-noticias-de-toros","16":"tag-noticias-taurinas","17":"tag-spain","18":"tag-sports","19":"tag-tauromaquia","20":"tag-toreo"},"share_on_mastodon":{"url":"","error":""},"_links":{"self":[{"href":"https:\/\/www.europesays.com\/es\/wp-json\/wp\/v2\/posts\/161548","targetHints":{"allow":["GET"]}}],"collection":[{"href":"https:\/\/www.europesays.com\/es\/wp-json\/wp\/v2\/posts"}],"about":[{"href":"https:\/\/www.europesays.com\/es\/wp-json\/wp\/v2\/types\/post"}],"author":[{"embeddable":true,"href":"https:\/\/www.europesays.com\/es\/wp-json\/wp\/v2\/users\/2"}],"replies":[{"embeddable":true,"href":"https:\/\/www.europesays.com\/es\/wp-json\/wp\/v2\/comments?post=161548"}],"version-history":[{"count":0,"href":"https:\/\/www.europesays.com\/es\/wp-json\/wp\/v2\/posts\/161548\/revisions"}],"wp:featuredmedia":[{"embeddable":true,"href":"https:\/\/www.europesays.com\/es\/wp-json\/wp\/v2\/media\/161549"}],"wp:attachment":[{"href":"https:\/\/www.europesays.com\/es\/wp-json\/wp\/v2\/media?parent=161548"}],"wp:term":[{"taxonomy":"category","embeddable":true,"href":"https:\/\/www.europesays.com\/es\/wp-json\/wp\/v2\/categories?post=161548"},{"taxonomy":"post_tag","embeddable":true,"href":"https:\/\/www.europesays.com\/es\/wp-json\/wp\/v2\/tags?post=161548"}],"curies":[{"name":"wp","href":"https:\/\/api.w.org\/{rel}","templated":true}]}}