{"id":161550,"date":"2025-10-07T22:22:25","date_gmt":"2025-10-07T22:22:25","guid":{"rendered":"https:\/\/www.europesays.com\/es\/161550\/"},"modified":"2025-10-07T22:22:25","modified_gmt":"2025-10-07T22:22:25","slug":"despues-de-muchos-sillones-ajenos-por-fin-tengo-una","status":"publish","type":"post","link":"https:\/\/www.europesays.com\/es\/161550\/","title":{"rendered":"Despu\u00e9s de muchos sillones ajenos, por fin tengo una"},"content":{"rendered":"<p class=\"ft-text\">A veces la<strong> felicidad cabe en un sal\u00f3n vac\u00edo<\/strong>, en un<a class=\"ft-link ft-link--decoration\" href=\"https:\/\/www.laprovincia.es\/sociedad\/2025\/10\/02\/nueva-casa-pablo-vera-dormir-dv-122184756.html\" target=\"_blank\" rel=\"nofollow noopener\"> sof\u00e1 prestado o en un post que suena a victoria.<\/a> Y no por lo grande del espacio ni por el n\u00famero de habitaciones, sino por lo que representa tener una casa propia. Para<strong> Pablo Vera,<\/strong> creador de contenido canario, ese momento ha llegado al fin. \u201cDespu\u00e9s de muchos sillones ajenos, por fin tengo una\u201d, escribi\u00f3, celebrando con iron\u00eda el <a class=\"ft-link ft-link--decoration\" href=\"https:\/\/www.laprovincia.es\/tags\/viviendas\/\" target=\"_blank\" rel=\"nofollow noopener\">fin de una etapa y el comienzo de otra.<\/a><\/p>\n<p class=\"ft-text\">Lo <a class=\"ft-link ft-link--decoration\" href=\"https:\/\/www.laprovincia.es\/tags\/instagramers\/\" target=\"_blank\" rel=\"nofollow noopener\">anunci\u00f3 a trav\u00e9s de su cuenta de Instagram <\/a>con un tono euf\u00f3rico, acompa\u00f1ado de im\u00e1genes de su nuevo piso: paredes blancas, cajas a\u00fan por abrir y un sof\u00e1 que, por ahora, hace de cama improvisada. A pesar de la austeridad inicial, Vera no pod\u00eda ocultar la alegr\u00eda: \u201cPor fin tengo <strong>nueva casa en Madrid\u201d<\/strong>, escribi\u00f3, como quien necesita decirlo muchas veces para cre\u00e9rselo.<\/p>\n<p><img decoding=\"async\" src=\"https:\/\/www.europesays.com\/es\/wp-content\/uploads\/2025\/10\/5f835831-158c-4c01-92d8-5e686e455b6e_alta-libre-aspect-ratio_default_0.jpg\" width=\"1200\" height=\"1733\" alt=\"Pablo Vera pas\u00f3 la primera noche en el sill\u00f3n de su nueva casa\" class=\"ft-helper-img-rd\" loading=\"lazy\" hasdataaida=\"true\"\/><\/p>\n<p class=\"ft-helper-fontColor-quaternary ft-helper-fontSize-body-S ft-helper-spacer-t-xxs\">Pablo Vera pas\u00f3 la primera noche en el sill\u00f3n de su nueva casa  \/ Instagram de Pablo Vera<\/p>\n<p>\u201cYa vivo en Madrid otra vez\u201d<\/p>\n<p class=\"ft-text\">Tras pasar meses <a class=\"ft-link ft-link--decoration\" href=\"https:\/\/www.laprovincia.es\/tags\/viviendas\/\" target=\"_blank\" rel=\"nofollow noopener\">buscando vivienda en la capital<\/a>, lidiando con estafas, visitas frustradas y muchas noches durmiendo donde pod\u00eda, Pablo Vera ha vuelto a tener un espacio propio.<\/p>\n<p class=\"ft-text\">\u201cDespu\u00e9s de mucho tiempo buscando, timadas de por medio y muchas casas y sillones ajenos visitados, por fin <strong>puedo decir que ya vivo en Madrid otra vez<\/strong>\u201d, escribi\u00f3, agradecido y sin filtros, como es habitual en sus publicaciones.<\/p>\n<p class=\"ft-text\">Aunque su compa\u00f1ero habitual de piso, <a class=\"ft-link ft-link--decoration\" href=\"https:\/\/www.instagram.com\/jerodelcorral\/?hl=es\" rel=\"nofollow noopener\" target=\"_blank\">Jer\u00f3nimo del Corral<\/a>, no estar\u00e1 esta vez a su lado, ya ha prometido mostrar pronto qui\u00e9nes ser\u00e1n sus nuevos compa\u00f1eros de aventuras: \u201cEsta vez no estar\u00e1, pero<strong> ya les ense\u00f1ar\u00e9 qui\u00e9nes son mis compis<\/strong>\u201d, avanz\u00f3 con intriga.<\/p>\n<p>Primera noche en el sof\u00e1, pero feliz<\/p>\n<p class=\"ft-text\">La emoci\u00f3n fue tal que incluso comparti\u00f3 un resumen improvisado de su primera noche: \u201c<strong>Dorm\u00ed en el sill\u00f3n <\/strong>porque no tenemos camas\u201d, escribi\u00f3 entre risas. Y a\u00f1adi\u00f3, con humor muy suyo: \u201cAyer pas\u00e9 la primera noche en mi piso y genial\u201d. No hay cama, pero s\u00ed hay techo, y eso para Pablo y para muchos j\u00f3venes que han pasado por procesos similares ya es <strong>motivo suficiente para sonre\u00edr.<\/strong><\/p>\n<p class=\"ft-text\">Tras meses en movimiento, Pablo Vera vuelve a ser noticia por algo tan \u00edntimo como simb\u00f3lico: conseguir un <strong>espacio propio.<\/strong> Y lo ha hecho como acostumbra, con verdad, con humor y comparti\u00e9ndolo con su <a class=\"ft-link ft-link--decoration\" href=\"https:\/\/www.laprovincia.es\/tags\/tik-tok\/\" target=\"_blank\" rel=\"nofollow noopener\">comunidad de seguidores.<\/a><\/p>\n<p><script async src=\"\/\/www.instagram.com\/embed.js\"><\/script><\/p>\n","protected":false},"excerpt":{"rendered":"A veces la felicidad cabe en un sal\u00f3n vac\u00edo, en un sof\u00e1 prestado o en un post que&hellip;\n","protected":false},"author":2,"featured_media":161551,"comment_status":"","ping_status":"","sticky":false,"template":"","format":"standard","meta":{"footnotes":""},"categories":[174],"tags":[16089,29067,385,255,4482,146,147,25,10558,24,256,11471,24705,4536,205,795,618,23,7733],"class_list":{"0":"post-161550","1":"post","2":"type-post","3":"status-publish","4":"format-standard","5":"has-post-thumbnail","7":"category-famosos","8":"tag-canario","9":"tag-canarios","10":"tag-casa","11":"tag-celebrities","12":"tag-dv","13":"tag-entertainment","14":"tag-entretenimiento","15":"tag-es","16":"tag-espacio","17":"tag-espana","18":"tag-famosos","19":"tag-felicidad","20":"tag-humor","21":"tag-instagram","22":"tag-madrid","23":"tag-nueva","24":"tag-pablo","25":"tag-spain","26":"tag-vera"},"share_on_mastodon":{"url":"","error":""},"_links":{"self":[{"href":"https:\/\/www.europesays.com\/es\/wp-json\/wp\/v2\/posts\/161550","targetHints":{"allow":["GET"]}}],"collection":[{"href":"https:\/\/www.europesays.com\/es\/wp-json\/wp\/v2\/posts"}],"about":[{"href":"https:\/\/www.europesays.com\/es\/wp-json\/wp\/v2\/types\/post"}],"author":[{"embeddable":true,"href":"https:\/\/www.europesays.com\/es\/wp-json\/wp\/v2\/users\/2"}],"replies":[{"embeddable":true,"href":"https:\/\/www.europesays.com\/es\/wp-json\/wp\/v2\/comments?post=161550"}],"version-history":[{"count":0,"href":"https:\/\/www.europesays.com\/es\/wp-json\/wp\/v2\/posts\/161550\/revisions"}],"wp:featuredmedia":[{"embeddable":true,"href":"https:\/\/www.europesays.com\/es\/wp-json\/wp\/v2\/media\/161551"}],"wp:attachment":[{"href":"https:\/\/www.europesays.com\/es\/wp-json\/wp\/v2\/media?parent=161550"}],"wp:term":[{"taxonomy":"category","embeddable":true,"href":"https:\/\/www.europesays.com\/es\/wp-json\/wp\/v2\/categories?post=161550"},{"taxonomy":"post_tag","embeddable":true,"href":"https:\/\/www.europesays.com\/es\/wp-json\/wp\/v2\/tags?post=161550"}],"curies":[{"name":"wp","href":"https:\/\/api.w.org\/{rel}","templated":true}]}}