{"id":161556,"date":"2025-10-07T22:30:12","date_gmt":"2025-10-07T22:30:12","guid":{"rendered":"https:\/\/www.europesays.com\/es\/161556\/"},"modified":"2025-10-07T22:30:12","modified_gmt":"2025-10-07T22:30:12","slug":"todas-las-sorpresas-anecdotas-y-detalles-de-su-boda-en-la-revista-hola","status":"publish","type":"post","link":"https:\/\/www.europesays.com\/es\/161556\/","title":{"rendered":"todas las sorpresas, an\u00e9cdotas y detalles de su boda en la revista \u00a1HOLA!"},"content":{"rendered":"<p id=\"eV0Kz_jIwom\" data-wc=\"80\">La boda de <strong>Cayetano Mart\u00ednez de Irujo<\/strong> y <strong>B\u00e1rbara Mirjan<\/strong> ha sido el gran acontecimiento social de la temporada. <a class=\"hm-link ho-link\" href=\"https:\/\/www.hola.com\/actualidad\/20251004859712\/cayetano-martinez-de-irujo-barbara-mirjan-boda-fotos-exclusivas\/\" data-mrf-recirculation=\"article-body-link\" rel=\"nofollow noopener\" target=\"_blank\">El enlace ha reunido a la mayor parte de la familia Alba, junto con importantes personalidades el mundo del deporte, de la comunicaci\u00f3n y empresarial<\/a>. Un d\u00eda inolvidable que B\u00e1rbara y Cayetano <strong>han querido compartir con nosotros, de forma desinteresada, como muestra de cari\u00f1o y afecto<\/strong> despu\u00e9s de tantos a\u00f1os de amistad entre la familia de \u00a1HOLA! y su propia familia.<\/p>\n<p id=\"eHtKlHRGtG\" data-wc=\"52\">En las p\u00e1ginas de nuestra revista,<strong>\u00a0que sale a la venta este mi\u00e9rcoles 8 de octubre, y en nuestra web<\/strong>, mostramos <a class=\"hm-link ho-link\" href=\"https:\/\/www.hola.com\/actualidad\/20251005859707\/boda-cayetano-martinez-irujo-barbara-mirjan-mejores-momentos\/\" data-mrf-recirculation=\"article-body-link\" rel=\"nofollow noopener\" target=\"_blank\">el \u00e1lbum completo de su &#8216;s\u00ed, quiero&#8217;<\/a>: los momentos inolvidables, los m\u00e1s emocionantes, las sorpresas, las an\u00e9cdotas&#8230; y a unos novios, desbordantes de felicidad, como nunca los hab\u00edamos visto hasta ahora. \u00a0<\/p>\n<p> <img src=\"https:\/\/www.europesays.com\/es\/wp-content\/uploads\/2025\/10\/bc79718d72d6-portadcayetano2.jpg\"   width=\"965\" height=\"1024\" loading=\"lazy\" decoding=\"async\" alt=\"Cayetano Mart\u00ednez de Irujo y B\u00e1rbara Mirjan en la portada de \u00a1HOLA!\" fetchpriority=\"auto\" class=\"image ho-image\"\/>\u00a9 \u00a1HOLA!<\/p>\n<p id=\"et4wIdMQto\" data-wc=\"46\">Desde las fotos en el interior de la Iglesia del Cristo de los Gitanos de Sevilla, donde tuvo lugar la ceremonia religiosa, hasta la celebraci\u00f3n posterior en la finca Las Arroyuelas: \u00a1HOLA! desvelar\u00e1 ma\u00f1ana todo sobre este d\u00eda \u00fanico <strong>en un amplio y cuidado reportaje fotogr\u00e1fico<\/strong>.<\/p>\n<p id=\"etQOKoQhgT\" data-wc=\"46\">Tambi\u00e9n, podr\u00e1s encontrar <a class=\"hm-link ho-link\" href=\"https:\/\/www.hola.com\/novias\/20251004859084\/barbara-mirjan-vestido-novia-navascues-tiara-boda-cayetano-martinez-de-irujo-sevilla\/\" data-mrf-recirculation=\"article-body-link\" rel=\"nofollow noopener\" target=\"_blank\">el an\u00e1lisis m\u00e1s completo del look nupcial de B\u00e1rbara<\/a>, todos los instantes vividos junto a su ya marido, Cayetano, sus gestos de complicidad, los regalos m\u00e1s curiosos por parte de los invitados\u2026 E, incluso, las primeras palabras de la novia tras la boda.\u00a0<\/p>\n<p id=\"eH46dkq3Fz\" data-wc=\"49\"><strong>Un nuevo n\u00famero de \u00a1HOLA! para el recuerdo<\/strong>, que podr\u00e1s encontrar en tu quiosco, y que tambi\u00e9n ofrece muchos otros temas: las exclusivas m\u00e1s jugosas, las mejores entrevistas y los reportajes m\u00e1s cuidados, con la calidad y rigurosidad que siempre distingue a nuestra revista. \u00bfTe lo vas a perder?<\/p>\n<p> <img src=\"https:\/\/www.europesays.com\/es\/wp-content\/uploads\/2025\/10\/246e323669a0-cayetanobarb2.jpg\"   width=\"614\" height=\"1024\" loading=\"lazy\" decoding=\"async\" alt=\"Cayetano Mart\u00ednez de Irujo y B\u00e1rbara Mirjan el d\u00eda de su boda\" fetchpriority=\"auto\" class=\"image ho-image\"\/>\u00a9 Luc\u00eda Jim\u00e9nez<\/p>\n","protected":false},"excerpt":{"rendered":"La boda de Cayetano Mart\u00ednez de Irujo y B\u00e1rbara Mirjan ha sido el gran acontecimiento social de la&hellip;\n","protected":false},"author":2,"featured_media":161557,"comment_status":"","ping_status":"","sticky":false,"template":"","format":"standard","meta":{"footnotes":""},"categories":[91],"tags":[517,46785,261,146,147,25,24,23],"class_list":{"0":"post-161556","1":"post","2":"type-post","3":"status-publish","4":"format-standard","5":"has-post-thumbnail","7":"category-entretenimiento","8":"tag-actualidad","9":"tag-barbara-mirjan","10":"tag-cayetano-martinez-de-irujo","11":"tag-entertainment","12":"tag-entretenimiento","13":"tag-es","14":"tag-espana","15":"tag-spain"},"share_on_mastodon":{"url":"","error":""},"_links":{"self":[{"href":"https:\/\/www.europesays.com\/es\/wp-json\/wp\/v2\/posts\/161556","targetHints":{"allow":["GET"]}}],"collection":[{"href":"https:\/\/www.europesays.com\/es\/wp-json\/wp\/v2\/posts"}],"about":[{"href":"https:\/\/www.europesays.com\/es\/wp-json\/wp\/v2\/types\/post"}],"author":[{"embeddable":true,"href":"https:\/\/www.europesays.com\/es\/wp-json\/wp\/v2\/users\/2"}],"replies":[{"embeddable":true,"href":"https:\/\/www.europesays.com\/es\/wp-json\/wp\/v2\/comments?post=161556"}],"version-history":[{"count":0,"href":"https:\/\/www.europesays.com\/es\/wp-json\/wp\/v2\/posts\/161556\/revisions"}],"wp:featuredmedia":[{"embeddable":true,"href":"https:\/\/www.europesays.com\/es\/wp-json\/wp\/v2\/media\/161557"}],"wp:attachment":[{"href":"https:\/\/www.europesays.com\/es\/wp-json\/wp\/v2\/media?parent=161556"}],"wp:term":[{"taxonomy":"category","embeddable":true,"href":"https:\/\/www.europesays.com\/es\/wp-json\/wp\/v2\/categories?post=161556"},{"taxonomy":"post_tag","embeddable":true,"href":"https:\/\/www.europesays.com\/es\/wp-json\/wp\/v2\/tags?post=161556"}],"curies":[{"name":"wp","href":"https:\/\/api.w.org\/{rel}","templated":true}]}}