{"id":161571,"date":"2025-10-07T22:38:10","date_gmt":"2025-10-07T22:38:10","guid":{"rendered":"https:\/\/www.europesays.com\/es\/161571\/"},"modified":"2025-10-07T22:38:10","modified_gmt":"2025-10-07T22:38:10","slug":"la-ufc-sanciona-a-conor-mcgregor-hasta-marzo-de-2026","status":"publish","type":"post","link":"https:\/\/www.europesays.com\/es\/161571\/","title":{"rendered":"La UFC sanciona a Conor McGregor hasta marzo de 2026"},"content":{"rendered":"<p>La UFC junto con la Combat Sports Anti-Doping (CSAD) han confirmado una sanci\u00f3n de 18 meses de inhabilitaci\u00f3n para <strong><a href=\"https:\/\/www.vavel.com\/es\/masdeportes\/2025\/07\/21\/1228274-dana-white-no-cree-en-jon-jones-para-encabezar-el-evento-de-la-ufc-en-la-casa-blanca-no-me-puedo-arriesgar.html\" rel=\"nofollow noopener\" target=\"_blank\">Conor McGregor<\/a><\/strong> tras incumplir las reglas antidopaje en 2024. El peleador irland\u00e9s <strong>omiti\u00f3 tres intentos de test antidopaje, registrados el 13 de junio y el 19 y 20 de septiembre,<\/strong> poco despu\u00e9s de sufrir una lesi\u00f3n en un dedo del pie que le impidi\u00f3 enfrentarse a <a href=\"https:\/\/www.vavel.com\/es\/masdeportes\/2024\/11\/20\/1205000-michael-chandler-sigue-con-la-mira-puesta-en-conor-mcgregor-es-la-siguiente-pelea-por-hacer.html\" rel=\"nofollow noopener\" target=\"_blank\">Michael Chandler.<\/a><\/p>\n<p>Seg\u00fan el comunicado oficial, McGregor <strong>ha aceptado la sanci\u00f3n y cooperado <\/strong>plenamente durante la investigaci\u00f3n, lo que <strong>le permitir\u00e1 volver a competir el 20 de marzo de 2026<\/strong>, fecha en que finaliza su per\u00edodo de inelegibilidad.<\/p>\n<p>\u201cLos atletas de la <a href=\"https:\/\/x.com\/ufc\/status\/1968389743651197184\" rel=\"nofollow\">UFC<\/a> deben proporcionar informaci\u00f3n precisa sobre su paradero en todo momento para someterse a pruebas sin previo aviso. La cooperaci\u00f3n y la aceptaci\u00f3n de responsabilidad de McGregor contribuyeron a la reducci\u00f3n de la sanci\u00f3n est\u00e1ndar de 24 a 18 meses\u201d, se\u00f1ala la CSAD.<\/p>\n<p>A pesar de no presentarse a los tests, la CSAD confirma que McGregor no estaba prepar\u00e1ndose para ninguna pelea en ese momento y que se estaba recuperando de la lesi\u00f3n. Sin embargo, la organizaci\u00f3n destaca que la presentaci\u00f3n precisa del paradero y la disponibilidad para pruebas antidopaje son esenciales para el \u00e9xito del programa UFC ADP.<\/p>\n<p>El propio peleador irland\u00e9s dice que ya ha iniciado un campamento intensivo de seis meses, con planes de desconectarse de redes sociales y concentrarse \u00fanicamente en su preparaci\u00f3n. Su objetivo es <strong>estar listo para la cartelera hist\u00f3rica que la UFC organizar\u00e1 en la <strong><a href=\"https:\/\/www.vavel.com\/es\/futbol\/2025\/09\/08\/real-madrid\/1233141-el-real-madrid-de-mourinho-los-cimientos-de-la-edad-de-oro-moderna.html\" rel=\"nofollow noopener\" target=\"_blank\">Casa Blanca<\/a><\/strong><\/strong> el 14 de junio de 2026, donde podr\u00eda enfrentarse nuevamente a <strong><a href=\"https:\/\/www.vavel.com\/es\/masdeportes\/2025\/04\/12\/1220172-paddy-pimblett-y-michael-chandler-dispuestos-a-robarse-el-show-en-ufc-314.html\" rel=\"nofollow noopener\" target=\"_blank\">Michael Chandler,<\/a><\/strong>, pendiente desde su <a href=\"https:\/\/www.vavel.com\/es\/masdeportes\/2025\/04\/12\/1220172-paddy-pimblett-y-michael-chandler-dispuestos-a-robarse-el-show-en-ufc-314.html\" rel=\"nofollow noopener\" target=\"_blank\">combate cancelado en 2024.<\/a><\/p>\n<p><img decoding=\"async\" src=\"https:\/\/www.europesays.com\/es\/wp-content\/uploads\/2025\/10\/Conor Mcgregor Chandler.jpg\"\/><br \/>\nMcGregor cara a cara con <strong><a href=\"https:\/\/www.vavel.com\/es\/masdeportes\/2025\/04\/11\/1220064-cartelera-horario-y-donde-ver-ufc-314-en-espana.html\" rel=\"nofollow noopener\" target=\"_blank\">Michael Chandler<\/a><\/strong> en 2023. Fuente: Getty Images<\/p>\n<p>La UFC busca aprovechar la reaparici\u00f3n de McGregor para <strong>dar un impulso medi\u00e1tico global al evento<\/strong>, que marcar\u00e1 la primera gala deportiva dentro de la residencia presidencial estadounidense. Con su colaboraci\u00f3n durante la investigaci\u00f3n, McGregor evita que la sanci\u00f3n se extendiera hasta septiembre de 2026, asegurando as\u00ed su presencia en el esperado combate.<\/p>\n","protected":false},"excerpt":{"rendered":"La UFC junto con la Combat Sports Anti-Doping (CSAD) han confirmado una sanci\u00f3n de 18 meses de inhabilitaci\u00f3n&hellip;\n","protected":false},"author":2,"featured_media":161572,"comment_status":"","ping_status":"","sticky":false,"template":"","format":"standard","meta":{"footnotes":""},"categories":[276],"tags":[2909,168,25,24,47901,23,167,343],"class_list":{"0":"post-161571","1":"post","2":"type-post","3":"status-publish","4":"format-standard","5":"has-post-thumbnail","7":"category-ufc","8":"tag-conor-mcgregor","9":"tag-deportes","10":"tag-es","11":"tag-espana","12":"tag-michael-chandler","13":"tag-spain","14":"tag-sports","15":"tag-ufc"},"share_on_mastodon":{"url":"","error":""},"_links":{"self":[{"href":"https:\/\/www.europesays.com\/es\/wp-json\/wp\/v2\/posts\/161571","targetHints":{"allow":["GET"]}}],"collection":[{"href":"https:\/\/www.europesays.com\/es\/wp-json\/wp\/v2\/posts"}],"about":[{"href":"https:\/\/www.europesays.com\/es\/wp-json\/wp\/v2\/types\/post"}],"author":[{"embeddable":true,"href":"https:\/\/www.europesays.com\/es\/wp-json\/wp\/v2\/users\/2"}],"replies":[{"embeddable":true,"href":"https:\/\/www.europesays.com\/es\/wp-json\/wp\/v2\/comments?post=161571"}],"version-history":[{"count":0,"href":"https:\/\/www.europesays.com\/es\/wp-json\/wp\/v2\/posts\/161571\/revisions"}],"wp:featuredmedia":[{"embeddable":true,"href":"https:\/\/www.europesays.com\/es\/wp-json\/wp\/v2\/media\/161572"}],"wp:attachment":[{"href":"https:\/\/www.europesays.com\/es\/wp-json\/wp\/v2\/media?parent=161571"}],"wp:term":[{"taxonomy":"category","embeddable":true,"href":"https:\/\/www.europesays.com\/es\/wp-json\/wp\/v2\/categories?post=161571"},{"taxonomy":"post_tag","embeddable":true,"href":"https:\/\/www.europesays.com\/es\/wp-json\/wp\/v2\/tags?post=161571"}],"curies":[{"name":"wp","href":"https:\/\/api.w.org\/{rel}","templated":true}]}}