{"id":161575,"date":"2025-10-07T22:41:07","date_gmt":"2025-10-07T22:41:07","guid":{"rendered":"https:\/\/www.europesays.com\/es\/161575\/"},"modified":"2025-10-07T22:41:07","modified_gmt":"2025-10-07T22:41:07","slug":"egan-bernal-y-sergio-higuita-protagonistas-en-la-victoria-de-pogacar-en-italia","status":"publish","type":"post","link":"https:\/\/www.europesays.com\/es\/161575\/","title":{"rendered":"Egan Bernal y Sergio Higuita, protagonistas en la victoria de Pogacar en Italia"},"content":{"rendered":"<p><img alt=\"El esloveno se qued\u00f3 con la Tre Valli Varesine tras un ataque demoledor a 21 km de meta. Bernal anim\u00f3 la jornada con una fuga lejana e Higuita cerr\u00f3 en el top 5.\" class=\"ImageArticle-Image\" src=\"https:\/\/www.europesays.com\/es\/wp-content\/uploads\/2025\/10\/F7Q5BSMH5ZFOFNVXYMVICMBALE.png\" width=\"2952\" height=\"1965\" loading=\"eager\" decoding=\"async\" fetchpriority=\"high\"\/><\/p>\n<p>El esloveno se qued\u00f3 con la Tre Valli Varesine tras un ataque demoledor a 21 km de meta. Bernal anim\u00f3 la jornada con una fuga lejana e Higuita cerr\u00f3 en el top 5.<\/p>\n<p>Foto: Ineos, v\u00eda X<\/p>\n<p>Resume e inf\u00f3rmame r\u00e1pido<\/p>\n<p>Escucha este art\u00edculo<\/p>\n<p class=\"AudioPlayer-Description\">Audio generado con IA de Google<\/p>\n<p class=\"box--float-left grid__col--lg-6 font--secondary\">La cl\u00e1sica italiana Tre Valli Varesine volvi\u00f3 a tener sabor colombiano. En los 200,3 kil\u00f3metros entre <b>Busto Arsizio y Varese<\/b>, con siete vueltas al circuito final, <b>Egan Bernal<\/b> y <b>Sergio Higuita<\/b> dieron muestras de protagonismo y ambici\u00f3n. Sin embargo, el gran vencedor fue, una vez m\u00e1s, <b>Tadej Pogacar<\/b>, que impuso su jerarqu\u00eda para sumar la <b>victoria n\u00famero 107 de su carrera profesional<\/b>.<\/p>\n<p><b id=\"title-1\">El intento valiente de Egan<\/b><\/p>\n<p class=\"box--float-left grid__col--lg-6 font--secondary\">Desde lejos se not\u00f3 que Bernal quer\u00eda algo m\u00e1s que rodar en el grupo. <b>A falta de 80 kil\u00f3metros lanz\u00f3 un ataque audaz<\/b>, de esos que rompen la monoton\u00eda de carrera. Solo <b>Lorenzo Milesi<\/b> pudo seguirle el paso y juntos abrieron hueco frente a un pelot\u00f3n que, aunque no se desesper\u00f3, entendi\u00f3 que el colombiano hablaba en serio.<\/p>\n<p class=\"box--float-left grid__col--lg-6 font--secondary\">Egan lleg\u00f3 a tener <b>un minuto de ventaja<\/b>, dominando durante m\u00e1s de 50 kil\u00f3metros. Pero con el paso de las vueltas, el esfuerzo comenz\u00f3 a cobrarse. <b>Milesi se descolg\u00f3<\/b> y Bernal resisti\u00f3 en solitario hasta que el d\u00fao conformado por <b>Quinn Simmons y el propio Milesi<\/b> lo alcanz\u00f3 a 33 kil\u00f3metros del final. El <b>UAE Team Emirates<\/b>, mientras tanto, manten\u00eda el control desde atr\u00e1s, sabiendo que su carta maestra a\u00fan no hab\u00eda sido jugada.<\/p>\n<p><b id=\"title-2\">El golpe letal de Pogacar<\/b><\/p>\n<p class=\"box--float-left grid__col--lg-6 font--secondary\">El desenlace tuvo el sello inconfundible del esloveno. A <b>27 kil\u00f3metros de meta<\/b>, su compa\u00f1ero <b>Isaac Del Toro<\/b> encendi\u00f3 la mecha con un ataque que sirvi\u00f3 de preludio. Pogacar respondi\u00f3 y, sin titubeos, <b>aceler\u00f3 en un descenso a menos de 21 km<\/b>, dejando sin respuesta a todos sus perseguidores.<\/p>\n<p class=\"box--float-left grid__col--lg-6 font--secondary\">En cuesti\u00f3n de minutos se convirti\u00f3 en un espect\u00e1culo en solitario, <b>imposible de igualar<\/b>. El campe\u00f3n mundial y europeo complet\u00f3 as\u00ed una nueva exhibici\u00f3n, cruzando la meta en Varese con <b>casi un minuto de diferencia sobre el grupo perseguidor<\/b>, y ampliando una colecci\u00f3n de triunfos que parece no tener techo.<\/p>\n<p><b id=\"title-3\">Higuita se meti\u00f3 en el top 5<\/b><\/p>\n<p class=\"box--float-left grid__col--lg-6 font--secondary\">Mientras Pogacar celebraba, detr\u00e1s quedaba un \u00faltimo esfuerzo por el podio. El <b>pelot\u00f3n lleg\u00f3 compacto<\/b> y todo se defini\u00f3 en un sprint tenso y sin margen para lanzamientos. All\u00ed <b>Sergio Higuita<\/b>, con su instinto agresivo, <b>se abri\u00f3 paso hasta el quinto puesto<\/b>, por detr\u00e1s de <b>Albert Withen Philipsen (segundo)<\/b>, <b>Julian Alaphilippe (tercero)<\/b> y <b>Lapeira (cuarto)<\/b>.<\/p>\n<p class=\"box--float-left grid__col--lg-6 font--secondary\">El antioque\u00f1o volvi\u00f3 a mostrar su velocidad y capacidad de lectura en llegadas cerradas, superando incluso a <b>Isaac Del Toro<\/b>, que fue octavo.<\/p>\n<p class=\"font--secondary\">Nairo Quintana y Eganr Bernal llegaron a m\u00e1s de tres minutos del l\u00edder, en los puestos 59 y 54, respectivamente. <\/p>\n<p class=\"box--float-left grid__col--lg-6 font--secondary\">En una prueba que reuni\u00f3 a buena parte de la \u00e9lite del pelot\u00f3n mundial, los colombianos no pasaron desapercibidos. El brillo fue de Pogacar, pero <b>la combatividad tuvo acento latinoamericano<\/b>.<\/p>\n<p class=\"box--float-left grid__col--lg-6 font--secondary\"><b>\ud83d\udeb4\ud83c\udffb\u26bd\ud83c\udfc0 \u00bfLo \u00faltimo en deportes?: <\/b><a href=\"https:\/\/www.elespectador.com\/deportes\/?utm_source=interno&amp;utm_medium=boton&amp;utm_campaign=menu_horizontal&amp;utm_content=boton_menu_horizontal\" rel=\"nofollow noopener\" target=\"_blank\"><b>Todo lo que debe saber del deporte mundial est\u00e1 en El Espectador<\/b><\/a><\/p>\n","protected":false},"excerpt":{"rendered":"El esloveno se qued\u00f3 con la Tre Valli Varesine tras un ataque demoledor a 21 km de meta.&hellip;\n","protected":false},"author":2,"featured_media":161576,"comment_status":"","ping_status":"","sticky":false,"template":"","format":"standard","meta":{"footnotes":""},"categories":[273],"tags":[35095,313,47902,47905,312,168,14990,25,24,15813,47903,23,167,463,47906,47904],"class_list":{"0":"post-161575","1":"post","2":"type-post","3":"status-publish","4":"format-standard","5":"has-post-thumbnail","7":"category-ciclismo","8":"tag-astana","9":"tag-ciclismo","10":"tag-ciclismo-colombiano","11":"tag-clasicas-italianas","12":"tag-cycling","13":"tag-deportes","14":"tag-egan-bernal","15":"tag-es","16":"tag-espana","17":"tag-ineos","18":"tag-sergio-higuita","19":"tag-spain","20":"tag-sports","21":"tag-tadej-pogacar","22":"tag-tre-valli-varesine","23":"tag-uae-team"},"share_on_mastodon":{"url":"","error":""},"_links":{"self":[{"href":"https:\/\/www.europesays.com\/es\/wp-json\/wp\/v2\/posts\/161575","targetHints":{"allow":["GET"]}}],"collection":[{"href":"https:\/\/www.europesays.com\/es\/wp-json\/wp\/v2\/posts"}],"about":[{"href":"https:\/\/www.europesays.com\/es\/wp-json\/wp\/v2\/types\/post"}],"author":[{"embeddable":true,"href":"https:\/\/www.europesays.com\/es\/wp-json\/wp\/v2\/users\/2"}],"replies":[{"embeddable":true,"href":"https:\/\/www.europesays.com\/es\/wp-json\/wp\/v2\/comments?post=161575"}],"version-history":[{"count":0,"href":"https:\/\/www.europesays.com\/es\/wp-json\/wp\/v2\/posts\/161575\/revisions"}],"wp:featuredmedia":[{"embeddable":true,"href":"https:\/\/www.europesays.com\/es\/wp-json\/wp\/v2\/media\/161576"}],"wp:attachment":[{"href":"https:\/\/www.europesays.com\/es\/wp-json\/wp\/v2\/media?parent=161575"}],"wp:term":[{"taxonomy":"category","embeddable":true,"href":"https:\/\/www.europesays.com\/es\/wp-json\/wp\/v2\/categories?post=161575"},{"taxonomy":"post_tag","embeddable":true,"href":"https:\/\/www.europesays.com\/es\/wp-json\/wp\/v2\/tags?post=161575"}],"curies":[{"name":"wp","href":"https:\/\/api.w.org\/{rel}","templated":true}]}}