{"id":161577,"date":"2025-10-07T22:42:08","date_gmt":"2025-10-07T22:42:08","guid":{"rendered":"https:\/\/www.europesays.com\/es\/161577\/"},"modified":"2025-10-07T22:42:08","modified_gmt":"2025-10-07T22:42:08","slug":"se-agrava-la-crisis-de-ferrari-en-la-f1-discusiones-reunion-de-emergencia-y-pronosticos-de-un-2026-que-da-miedo","status":"publish","type":"post","link":"https:\/\/www.europesays.com\/es\/161577\/","title":{"rendered":"Se agrava la crisis de Ferrari en la F1: discusiones, reuni\u00f3n de emergencia y pron\u00f3sticos de un 2026 que \u201cda miedo\u201d"},"content":{"rendered":"<p><img alt=\"Ferrari no mejora en el\" class=\"global-image\" decoding=\"async\" fetchpriority=\"high\" height=\"1584\" loading=\"eager\" src=\"https:\/\/www.europesays.com\/es\/wp-content\/uploads\/2025\/10\/6N6Y7NH275C55PGFSMRMN3VRVY.JPG\" width=\"2434\"\/>Ferrari no mejora en el campeonato de F\u00f3rmula 1 y hay preocupaci\u00f3n de cara al 2026 (REUTERS\/Fazry Ismail)<\/p>\n<p class=\"paragraph\">El inesperado retroceso de <b>Ferrari<\/b> en el <b>Gran Premio<\/b> de <b>Singapur<\/b> en la<b> F\u00f3rmula 1<\/b> gener\u00f3 un cortocircuito puertas adentro de la escuder\u00eda del Caballo Rampante, que disputa un <b>mano a mano<\/b> con <b>Mercedes <\/b>por el segundo puesto -est\u00e1 tercero- en el <b>Campeonato de Constructores<\/b>, en el cual ya se consagr\u00f3 de manera anticipada a <b>McLaren<\/b>. El eje del problema radica en el proyecto t\u00e9cnico de la monoplaza <b>SF-25<\/b> y excede al rendimiento en pista de <b>Lewis Hamilton<\/b> y <b>Charles LeClerc<\/b>. <\/p>\n<p class=\"paragraph\">El desenlace en el circuito callejero de <b>Marina Bay<\/b> ha dejado en evidencia la magnitud de la crisis que atraviesa <b>Ferrari<\/b> en la actual temporada de F1. El equipo con sede en <b>Maranello<\/b> acumula <b>22 carreras sin victorias<\/b>, una de las rachas m\u00e1s prolongadas de su historia, y su \u00faltimo triunfo data del 27 de octubre de 2024, cuando <b>Carlos Sainz<\/b> (hoy en Williams) se impuso en el <b>Gran Premio de M\u00e9xico<\/b>. El panorama de cara al 2026, seg\u00fan titul\u00f3 el medio La Gazzetta dello Sport <b>\u201cda miedo\u201d<\/b>.<\/p>\n<p class=\"paragraph\">El impacto de este declive se refleja tambi\u00e9n en la experiencia de <b>Hamilton<\/b>, quien, tras abandonar <b>Mercedes<\/b> con la expectativa de un nuevo impulso en su carrera, <b>ha vivido una temporada para el olvido<\/b>. El siete veces campe\u00f3n del mundo no ha logrado subir al podio en dieciocho carreras, el registro m\u00e1s bajo de su trayectoria. En Singapur, el brit\u00e1nico fue superado en los \u00faltimos compases por su compa\u00f1ero <b>Leclerc<\/b>, lo que a\u00f1adi\u00f3 un nuevo cap\u00edtulo amargo a su paso por <b>Ferrari<\/b>.<\/p>\n<p class=\"paragraph\">La comparaci\u00f3n con el rendimiento de la temporada anterior resulta a\u00fan m\u00e1s desfavorable para <b>Ferrari<\/b>. Mientras que en el pasado la escuder\u00eda italiana disput\u00f3 el t\u00edtulo con <b>McLaren<\/b>, este a\u00f1o el equipo dirigido por <b>Andrea Stella<\/b> ha consolidado su dominio y revalidado el campeonato con antelaci\u00f3n. Los brit\u00e1nicos han construido su supremac\u00eda de manera progresiva, mientras que <b>Ferrari<\/b>, bajo la gesti\u00f3n del franc\u00e9s <b>Fred Vasseur<\/b>, ha desperdiciado los avances logrados y ha retrocedido en competitividad. La situaci\u00f3n se agrava si se considera que, de contar <b>Max Verstappen<\/b> con un compa\u00f1ero de equipo m\u00e1s competitivo, la escuadra italiana podr\u00eda estar incluso en la cuarta posici\u00f3n del campeonato por detr\u00e1s de <b>Red Bull<\/b>.<\/p>\n<p><img alt=\"El director de equipo de\" class=\"global-image\" decoding=\"async\" fetchpriority=\"low\" height=\"3413\" loading=\"lazy\" src=\"https:\/\/www.europesays.com\/es\/wp-content\/uploads\/2025\/10\/2GYNKZEXA5EYTMCAR5AUYBXZ5E.JPG\" width=\"4640\"\/>El director de equipo de Ferrari, Fred Vasseur tiene trabajo para sacar a su equipo adelante en una floja temporada de F1 (REUTERS\/Edgar Su\/File Photo)<\/p>\n<p class=\"paragraph\">Las explicaciones ofrecidas por <b>Vasseur <\/b>han generado <b>incomodidad <\/b>dentro y fuera del equipo. Inicialmente, el director de Ferrari atribuy\u00f3 el bajo rendimiento del monoplaza de 2025 a la salida del ex director t\u00e9cnico <b>Enrico Cardile<\/b>, quien abandon\u00f3 <b>Maranello<\/b> para incorporarse a <b>Aston Martin<\/b> tras conocer la inminente llegada del franc\u00e9s <b>Loic Serra<\/b>. Posteriormente, <b>Vasseur <\/b>minimiz\u00f3 la diferencia con McLaren, incluso en circuitos donde el equipo brit\u00e1nico no era el principal rival, sin reconocer que tanto <b>Verstappen <\/b>como el <b>Mercedes<\/b> de <b>George Russell<\/b> lograban victorias en esas circunstancias. En Singapur, la responsabilidad del mal resultado recay\u00f3 en la ejecuci\u00f3n de la clasificaci\u00f3n, <b>sugiriendo que la culpa era de los pilotos<\/b> y <b>omitiendo las carencias t\u00e9cnicas del coche<\/b>.<\/p>\n<p class=\"paragraph\">El horizonte de <b>2026<\/b>, a\u00f1o en que entrar\u00e1 en vigor un<b> nuevo reglamento en la F\u00f3rmula 1<\/b>, genera inquietud en Maranello. La Gazzetta dello Sport advirti\u00f3 que el cambio normativo <b>\u201cda miedo\u201d<\/b> y que, si el inicio de la pr\u00f3xima temporada se asemeja al actual, la posici\u00f3n de <b>Vasseur <\/b>podr\u00eda volver a estar en el centro de la pol\u00e9mica: <b>\u201cSi el inicio de la pr\u00f3xima temporada se asemejara remotamente a esto, es probable que la posici\u00f3n de Vasseur pronto vuelva a cuestionarse. Y entonces, ni siquiera las mejores excusas ser\u00edan v\u00e1lidas\u201d<\/b>, public\u00f3 el medio italiano.<\/p>\n<p class=\"paragraph\">Las tensiones no se limitan a los pilotos. Tras la clasificaci\u00f3n en Singapur, <b>Vasseur <\/b>mantuvo una <b>\u201cdiscusi\u00f3n especialmente tensa\u201d<\/b> con un ingeniero de alto rango, identificado como <b>Matteo Togninalli, <\/b>inform\u00f3 Corriere dello Sport. Adem\u00e1s, el medio italiano sostiene que en el departamento t\u00e9cnico existen <b>resentimientos hacia Leclerc por sus cr\u00edticas al coche<\/b> y a la gesti\u00f3n en pista, lo que evidencia una fractura interna que amenaza la cohesi\u00f3n del equipo.<\/p>\n<p><img alt=\"Fred Vasseur junto a Lewis\" class=\"global-image\" decoding=\"async\" fetchpriority=\"low\" height=\"526\" loading=\"lazy\" src=\"https:\/\/www.europesays.com\/es\/wp-content\/uploads\/2025\/10\/JN3LXWZ7RNESRAGOX75X7OLON4.jpg\" width=\"800\"\/>Fred Vasseur junto a Lewis Hamilton en una reuni\u00f3n. Hay preocupaci\u00f3n en Ferrari por el bajo rendimiento en la F1 (REUTERS\/Brian Snyder)<\/p>\n<p class=\"paragraph\">En respuesta a la crisis, la c\u00fapula directiva de <b>Ferrari<\/b> planea intervenir de manera directa. La periodista Mara Sangiorgio, de Sky Italia, asegur\u00f3 que <b>John Elkann<\/b> y <b>Benedetto Vigna<\/b> tienen previsto acudir a Maranello para abordar la situaci\u00f3n: <b>\u201cSe necesita una reuni\u00f3n cara a cara seria y pragm\u00e1tica para entender c\u00f3mo salir de uno de los momentos m\u00e1s oscuros de la Scuderia\u201d<\/b>, afirm\u00f3 la periodista. No es la primera vez que los m\u00e1ximos responsables del equipo convocan una reuni\u00f3n de urgencia. En abril, poco despu\u00e9s de iniciarse la temporada, se produjo un encuentro similar.<\/p>\n<p class=\"paragraph\">La falta de resultados y la persistencia de conflictos internos han llevado a que la<b> renovaci\u00f3n de Vasseur<\/b> se debiera a la ausencia de alternativas en el mercado, y que <b>\u201cno todos en Maranello est\u00e1n de acuerdo con la gesti\u00f3n interna del equipo y existen disonancias entre los distintos departamentos de la Gestione Sportiva\u201d<\/b>. La presi\u00f3n medi\u00e1tica y la divisi\u00f3n interna dibujan un panorama incierto para una escuder\u00eda que, tras a\u00f1os de \u00e9xitos con <b>Michael Schumacher<\/b> \u2014cinco t\u00edtulos de pilotos y seis de constructores entre 1999 y 2004\u2014, no ha vuelto a conquistar un campeonato desde 2008.<\/p>\n","protected":false},"excerpt":{"rendered":"Ferrari no mejora en el campeonato de F\u00f3rmula 1 y hay preocupaci\u00f3n de cara al 2026 (REUTERS\/Fazry Ismail)&hellip;\n","protected":false},"author":2,"featured_media":161578,"comment_status":"","ping_status":"","sticky":false,"template":"","format":"standard","meta":{"footnotes":""},"categories":[270],"tags":[4820,168,25,24,306,271,272,3019,23,3020,167],"class_list":{"0":"post-161577","1":"post","2":"type-post","3":"status-publish","4":"format-standard","5":"has-post-thumbnail","7":"category-formula-1","8":"tag-asia-pacific","9":"tag-deportes","10":"tag-es","11":"tag-espana","12":"tag-f1","13":"tag-formula-1","14":"tag-formula1","15":"tag-motor-racing","16":"tag-spain","17":"tag-sport","18":"tag-sports"},"share_on_mastodon":{"url":"","error":""},"_links":{"self":[{"href":"https:\/\/www.europesays.com\/es\/wp-json\/wp\/v2\/posts\/161577","targetHints":{"allow":["GET"]}}],"collection":[{"href":"https:\/\/www.europesays.com\/es\/wp-json\/wp\/v2\/posts"}],"about":[{"href":"https:\/\/www.europesays.com\/es\/wp-json\/wp\/v2\/types\/post"}],"author":[{"embeddable":true,"href":"https:\/\/www.europesays.com\/es\/wp-json\/wp\/v2\/users\/2"}],"replies":[{"embeddable":true,"href":"https:\/\/www.europesays.com\/es\/wp-json\/wp\/v2\/comments?post=161577"}],"version-history":[{"count":0,"href":"https:\/\/www.europesays.com\/es\/wp-json\/wp\/v2\/posts\/161577\/revisions"}],"wp:featuredmedia":[{"embeddable":true,"href":"https:\/\/www.europesays.com\/es\/wp-json\/wp\/v2\/media\/161578"}],"wp:attachment":[{"href":"https:\/\/www.europesays.com\/es\/wp-json\/wp\/v2\/media?parent=161577"}],"wp:term":[{"taxonomy":"category","embeddable":true,"href":"https:\/\/www.europesays.com\/es\/wp-json\/wp\/v2\/categories?post=161577"},{"taxonomy":"post_tag","embeddable":true,"href":"https:\/\/www.europesays.com\/es\/wp-json\/wp\/v2\/tags?post=161577"}],"curies":[{"name":"wp","href":"https:\/\/api.w.org\/{rel}","templated":true}]}}