{"id":161593,"date":"2025-10-07T22:53:15","date_gmt":"2025-10-07T22:53:15","guid":{"rendered":"https:\/\/www.europesays.com\/es\/161593\/"},"modified":"2025-10-07T22:53:15","modified_gmt":"2025-10-07T22:53:15","slug":"me-hubiera-arrepentido-de-tenerlos-sin-pensar","status":"publish","type":"post","link":"https:\/\/www.europesays.com\/es\/161593\/","title":{"rendered":"\u201cMe hubiera arrepentido de tenerlos sin pensar\u00bb"},"content":{"rendered":"<p>Hace unas horas que <strong>M\u00f3nica Naranjo<\/strong> (51 a\u00f1os) dio una de sus entrevistas m\u00e1s sinceras en el p\u00f3dcast \u2018Tengo un plan\u2019. La exitosa cantante a nivel internacional, que siempre ha sido muy celosa de su intimidad, ha hablado sobre su familiar, <a href=\"https:\/\/www.lecturas.com\/actualidad\/monica-naranjo-51-anos-sobre-muerte-su-hermano-no-te-afecta-te-mata_182229\" rel=\"nofollow noopener\" target=\"_blank\">sobre el dolor que provoca la muerte de un hermano<\/a>, de su carrera y profesi\u00f3n y adem\u00e1s ha dejado muy claro cu\u00e1l es su punto de vista con la maternidad.\u00a0<\/p>\n<p>Harta de que a las mujeres siempre les presionen para ser madres y de que se hable de tener ni\u00f1os como una obligaci\u00f3n a partir de ciertas edades, M\u00f3nica ha querido que a sus millones de fans le quede claro que \u00ab<strong>los hijos no tocan<\/strong>\u00ab. \u00abEse es el punto n\u00famero uno. Ese comentario de &#8216;vamos a tener ya uno porque ya toca&#8217;. No, los hijo no tocan. <strong>\u00bfVas a poder cuidarlo? \u00bfVas a poder ser un padre presente? \u00bfVas a poder estar ah\u00ed? \u00bfS\u00ed o no? Esto es para toda la vida<\/strong>\u00ab, ha comenzado diciendo tajante la int\u00e9rprete de &#8216;Europa&#8217;.\u00a0<\/p>\n<p>M\u00f3nica tiene muy clara su postura. Siempre la ha tenido y as\u00ed lo ha expresado en numerosas ocasiones. \u00ab<strong>Yo no los he tenido por eso. No es eso de &#8216;ay, yo quiero tener un hijo&#8230;&#8217;. Por querer&#8230; No. Quiero ser madre, perfecto. \u00bfQu\u00e9 vas a hacer durante los pr\u00f3ximos tres a\u00f1os, o cuatro? Hay que contar los meses de gestaci\u00f3n, porque voy a gestar yo<\/strong>\u00ab, pregunta la artista, quien segundo antes hab\u00eda asegurado que para ella \u00abla pareja es una unidad, una alianza\u00bb. \u00abTienes que tener cuidado con quien te casas\u00bb, ha relatado.\u00a0<\/p>\n<p><img decoding=\"async\" src=\"https:\/\/www.europesays.com\/es\/wp-content\/uploads\/2025\/10\/felipe-y-letizia-en-belgica_4849dca3_251007131408_800x800.webp.webp\" alt=\"Felipe y Letizia en B\u00e9lgica\" class=\"image lazyload\"\/><img loading=\"lazy\" decoding=\"async\" src=\"https:\/\/www.europesays.com\/es\/wp-content\/uploads\/2025\/10\/felipe-y-letizia-en-belgica_4849dca3_251007131418_1280x720.webp.webp\" alt=\"Sin protocolo y con homenajes ocultos: las mejores im\u00e1genes de las 10 horas de Felipe y Letizia en Bruselas\" class=\"image lazyload\" width=\"1280\" height=\"720\" data-aspectratio=\"1280\/720\"\/><\/p>\n<p>La cantante no cree que sea posible tener hijos y volver al trabajo o la vida normal al poco tiempo de tenerlo. M\u00f3nica piensa que si realmente quieres traer al mundo una nueva vida debes darle los primeros a\u00f1os de la tuya para dedic\u00e1rselos en cuerpo y alma: \u00ab<strong>El hijo es m\u00edo y lo cr\u00edo y cuido yo. \u00bfVoy a tenerle dese chiquitito llevando una vida n\u00f3mada? En mi caso no. Yo he escogido este camino, pero \u00e9l no<\/strong>\u00ab.\u00a0<\/p>\n<p><img loading=\"lazy\" decoding=\"async\"   src=\"https:\/\/www.europesays.com\/es\/wp-content\/uploads\/2025\/10\/monica-naranjo_518c0bce_251007182453_1200x659.webp.webp\" alt=\"M\u00f3nica Naranjo\" class=\"lazyload\" width=\"1200\" height=\"659\" data-aspectratio=\"1200\/659\"\/><\/p>\n<p>M\u00f3nica Naranjo ha dejado claro que no ha querido ser madre porque no iba a tener tiempo para dedic\u00e1rselo a sus hijos.\u00a0<\/p>\n<p>&#13;YouTube<\/p>\n<p>Naranjo no quiere que sus posibles hijos se vieran forzados a tener una vida que nunca escogieron y tampoco quiere que sientan en sus propias carnes lo que es ser una estrella.\u00a0 \u00ab<strong>Muchos hijos de artistas quieren el anonimato m\u00e1s absoluto. No quieren estar en el foco. <\/strong>\u00bfEstoy dispuesta a sacrificar el trabajo o todo lo que conlleva para estar cuatro a\u00f1os solamente mirando y cuidando de mi hijo? Esa es la gran pregunta. Si yo tengo que ser la mam\u00e1 tengo que serlo en may\u00fasculas <strong>y francamente no me veo capaz de tener una cosa tan peque\u00f1ita y dejarla con la abuela.<\/strong> Soy una leona. Por esa y muchas otras preguntas no he sido madre\u00bb, ha asegurado.\u00a0<\/p>\n<p>\u00abSoy una buena mujer. No me arrepiento de esta decisi\u00f3n. S\u00e9 que hubiera sido una madre extraordinaria y que podr\u00eda serlo, porque es una cosa que est\u00e1 ah\u00ed pendiente. <strong>\u00bfQui\u00e9n sabe? Pero no, no me arrepiento. Me hubiera arrepentido de tenerlo sin pensar y de vivir las consecuencias desagradables.<\/strong> Eso hubiera sido ego\u00edsta por mi parte\u00bb, ha relatado.\u00a0\u00a0<\/p>\n<p><img loading=\"lazy\" decoding=\"async\"   src=\"https:\/\/www.europesays.com\/es\/wp-content\/uploads\/2025\/10\/monica-naranjo_636ecc73_251007190305_1200x661.webp.webp\" alt=\"M\u00f3nica Naranjo\" class=\"lazyload\" width=\"1200\" height=\"661\" data-aspectratio=\"1200\/661\"\/><\/p>\n<p>M\u00f3nica Naranjo ha relatado que no se arrepiente de la decisi\u00f3n de no haber tenido hijos para centrarse en su carrera.\u00a0<\/p>\n<p>&#13;YouTube<\/p>\n<p>\u00a0<\/p>\n<p>En el hipot\u00e9tico caso de que M\u00f3nica tuviera hijos, cree que todos nacemos con \u00abla semillita\u00bb de los valores dentro. \u00ab<strong>Mi madre siempre dice que hemos sido tres hermanos que hemos recibido la misma educaci\u00f3n y que cada uno \u00e9ramos totalmente diferentes.<\/strong> Pero hay una cosa que me me hizo mucho bien, abrazar la fe. Tuve un m\u00e1nager que me dijo que hablara de Dios en p\u00fablico, pero la religi\u00f3n nos da valores. Estoy muy a favor, de cualquier religi\u00f3n. Nosotros creamos y movemos el mundo, por eso la fe y los valores son muy importante. Me ayudaron much\u00edsimo y me sigue ayudando. Ojal\u00e1 m\u00e1s colegios que dieran Religi\u00f3n. Esos valores son pilares\u00bb, ha sentenciado.\u00a0<\/p>\n","protected":false},"excerpt":{"rendered":"Hace unas horas que M\u00f3nica Naranjo (51 a\u00f1os) dio una de sus entrevistas m\u00e1s sinceras en el p\u00f3dcast&hellip;\n","protected":false},"author":2,"featured_media":161594,"comment_status":"","ping_status":"","sticky":false,"template":"","format":"standard","meta":{"footnotes":""},"categories":[91],"tags":[146,147,25,24,23],"class_list":{"0":"post-161593","1":"post","2":"type-post","3":"status-publish","4":"format-standard","5":"has-post-thumbnail","7":"category-entretenimiento","8":"tag-entertainment","9":"tag-entretenimiento","10":"tag-es","11":"tag-espana","12":"tag-spain"},"share_on_mastodon":{"url":"","error":""},"_links":{"self":[{"href":"https:\/\/www.europesays.com\/es\/wp-json\/wp\/v2\/posts\/161593","targetHints":{"allow":["GET"]}}],"collection":[{"href":"https:\/\/www.europesays.com\/es\/wp-json\/wp\/v2\/posts"}],"about":[{"href":"https:\/\/www.europesays.com\/es\/wp-json\/wp\/v2\/types\/post"}],"author":[{"embeddable":true,"href":"https:\/\/www.europesays.com\/es\/wp-json\/wp\/v2\/users\/2"}],"replies":[{"embeddable":true,"href":"https:\/\/www.europesays.com\/es\/wp-json\/wp\/v2\/comments?post=161593"}],"version-history":[{"count":0,"href":"https:\/\/www.europesays.com\/es\/wp-json\/wp\/v2\/posts\/161593\/revisions"}],"wp:featuredmedia":[{"embeddable":true,"href":"https:\/\/www.europesays.com\/es\/wp-json\/wp\/v2\/media\/161594"}],"wp:attachment":[{"href":"https:\/\/www.europesays.com\/es\/wp-json\/wp\/v2\/media?parent=161593"}],"wp:term":[{"taxonomy":"category","embeddable":true,"href":"https:\/\/www.europesays.com\/es\/wp-json\/wp\/v2\/categories?post=161593"},{"taxonomy":"post_tag","embeddable":true,"href":"https:\/\/www.europesays.com\/es\/wp-json\/wp\/v2\/tags?post=161593"}],"curies":[{"name":"wp","href":"https:\/\/api.w.org\/{rel}","templated":true}]}}