{"id":161605,"date":"2025-10-07T23:01:10","date_gmt":"2025-10-07T23:01:10","guid":{"rendered":"https:\/\/www.europesays.com\/es\/161605\/"},"modified":"2025-10-07T23:01:10","modified_gmt":"2025-10-07T23:01:10","slug":"punahel-soriano-ufc-no-esta-emocionado-con-una-victoria-de-320-noticias-huesca","status":"publish","type":"post","link":"https:\/\/www.europesays.com\/es\/161605\/","title":{"rendered":"Punahel Soriano UFC no est\u00e1 emocionado con una victoria de 320 \u2013 Noticias Huesca"},"content":{"rendered":"<p><img data-lazyloaded=\"1\" decoding=\"async\" class=\"vidplayicon\" src=\"https:\/\/www.gannett-cdn.com\/appservices\/universal-web\/universal\/icons\/icon-play-alt-white.svg\" alt=\"Jugar\" style=\"height:40px;margin:auto 18px auto 27px;width:40px\"\/><\/p>\n<p>Punahel Soriano critica el rendimiento a pesar de que va a 3-0 en Welterwite<\/p>\n<p>El ganador de UFC 320 Punahel Soriano habl\u00f3 despu\u00e9s de la resoluci\u00f3n un\u00e1nime de la decisi\u00f3n un\u00e1nime contra Nicole Verettenenov con MMA Janki y reporteros<\/p>\n<p>LAS VEGAS \u2013 Punahel Suriano conoci\u00f3 a MMA Janki y a otros miembros de los medios el s\u00e1bado despu\u00e9s de ganar Nicole Veretenenov en UFC 320.<\/p>\n<p>T-Mobile ha superado a Verettenenicov (13-7 MMA, 1-3 UFC) para una resoluci\u00f3n un\u00e1nime de preliminares en el \u00e1mbito m\u00f3vil. Soriano gan\u00f3 una tercera vez recta despu\u00e9s de pasar del peso medio a Welterwite.<\/p>\n<p>Pero su victoria no es del tipo que est\u00e1 buscando.<\/p>\n<p>\u201cMe da verg\u00fcenza todas las personas que tienen que verme pelear as\u00ed\u201d, dijo Soriano. \u201cNo soy la forma en que peleo. Por lo general, voy all\u00ed y golpeo, doy actuaciones geniales. Quiz\u00e1s la presi\u00f3n me atrap\u00f3 o algo. No lo s\u00e9 \u2026 no se sent\u00eda bien\u201d.<\/p>\n<p>Soriano pens\u00f3 durante su campamento de lucha, pero su actuaci\u00f3n no fue una costilla que permiti\u00f3 que saliera una buena victoria y escuchara el siguiente lugar para el t\u00edtulo de Welterwite.<\/p>\n<p>\u201cNo tengo forma de decir eso ahora \u2026 no es como imprudente\u201d, dijo Soriano. \u201cTrato de encontrar una manera de hacerte feliz esta noche y disfrutar de la victoria\u201d.<\/p>\n<p>Echa un vistazo a la publicaci\u00f3n entre la lucha de Soriano en el video de arriba.<\/p>\n<p><a href=\"https:\/\/mmajunkie.usatoday.com\/story\/sports\/ufc\/2025\/10\/07\/ufc-320-video-punahele-soriano-not-happy-win-welterweight\/86563728007\/?rand=234\" rel=\"nofollow noopener\" target=\"_blank\">Enlace fuente<\/a><\/p>\n","protected":false},"excerpt":{"rendered":"Punahel Soriano critica el rendimiento a pesar de que va a 3-0 en Welterwite El ganador de UFC&hellip;\n","protected":false},"author":2,"featured_media":161606,"comment_status":"","ping_status":"","sticky":false,"template":"","format":"standard","meta":{"footnotes":""},"categories":[276],"tags":[168,25,24,23,167,343],"class_list":{"0":"post-161605","1":"post","2":"type-post","3":"status-publish","4":"format-standard","5":"has-post-thumbnail","7":"category-ufc","8":"tag-deportes","9":"tag-es","10":"tag-espana","11":"tag-spain","12":"tag-sports","13":"tag-ufc"},"share_on_mastodon":{"url":"","error":""},"_links":{"self":[{"href":"https:\/\/www.europesays.com\/es\/wp-json\/wp\/v2\/posts\/161605","targetHints":{"allow":["GET"]}}],"collection":[{"href":"https:\/\/www.europesays.com\/es\/wp-json\/wp\/v2\/posts"}],"about":[{"href":"https:\/\/www.europesays.com\/es\/wp-json\/wp\/v2\/types\/post"}],"author":[{"embeddable":true,"href":"https:\/\/www.europesays.com\/es\/wp-json\/wp\/v2\/users\/2"}],"replies":[{"embeddable":true,"href":"https:\/\/www.europesays.com\/es\/wp-json\/wp\/v2\/comments?post=161605"}],"version-history":[{"count":0,"href":"https:\/\/www.europesays.com\/es\/wp-json\/wp\/v2\/posts\/161605\/revisions"}],"wp:featuredmedia":[{"embeddable":true,"href":"https:\/\/www.europesays.com\/es\/wp-json\/wp\/v2\/media\/161606"}],"wp:attachment":[{"href":"https:\/\/www.europesays.com\/es\/wp-json\/wp\/v2\/media?parent=161605"}],"wp:term":[{"taxonomy":"category","embeddable":true,"href":"https:\/\/www.europesays.com\/es\/wp-json\/wp\/v2\/categories?post=161605"},{"taxonomy":"post_tag","embeddable":true,"href":"https:\/\/www.europesays.com\/es\/wp-json\/wp\/v2\/tags?post=161605"}],"curies":[{"name":"wp","href":"https:\/\/api.w.org\/{rel}","templated":true}]}}