{"id":161615,"date":"2025-10-07T23:07:10","date_gmt":"2025-10-07T23:07:10","guid":{"rendered":"https:\/\/www.europesays.com\/es\/161615\/"},"modified":"2025-10-07T23:07:10","modified_gmt":"2025-10-07T23:07:10","slug":"conmebol-y-uefa-podrian-confirmar-la-finalissima-en-octubre","status":"publish","type":"post","link":"https:\/\/www.europesays.com\/es\/161615\/","title":{"rendered":"Conmebol y UEFA podr\u00edan confirmar la Finalissima en octubre"},"content":{"rendered":"<p data-testid=\"paragraph\" class=\"mb-[20px] md:mb-[30px] break-word\"><strong>Luego de largos meses de suspenso y conversaciones<\/strong> entre las autoridades y representantes de la Conmebol, UEFA, AFA y la RFEF (Real Federaci\u00f3n Espa\u00f1ol de F\u00fatbol) <strong>la <a href=\"https:\/\/bolavip.com\/ar\/tema\/finalissima\" target=\"_blank\" class=\"break-word font-articleLinkText text-articleLinkText hover:text-articleLinkTextHover hover:bg-articleLinkTextHoverBg cursor-pointer border-solid border-b-articleLinkTextHover\" rel=\"nofollow noopener\">Finalissima<\/a><\/strong> -el partido que deben disputar los campeones de la Copa Am\u00e9rica y de la Eurocopa- <strong>podr\u00eda encontrar el hueco para su concreci\u00f3n en marzo del 2026<\/strong>.<\/p>\n<p data-testid=\"paragraph\" class=\"mb-[20px] md:mb-[30px] break-word\"><strong>Por un lado, la <a href=\"https:\/\/bolavip.com\/ar\/seleccion\" target=\"_blank\" class=\"break-word font-articleLinkText text-articleLinkText hover:text-articleLinkTextHover hover:bg-articleLinkTextHoverBg cursor-pointer border-solid border-b-articleLinkTextHover\" rel=\"nofollow noopener\">Selecci\u00f3n Argentina<\/a><\/strong>, en cierto punto, <strong>ya est\u00e1 libre.<\/strong> Despu\u00e9s de disputar sus compromisos ante Venezuela y Ecuador en septiembre, por las \u00faltimas dos jornadas de las Eliminatorias Conmebol Sudamericanas, ya tiene disponibilidad, aunque precisa resoluciones lo m\u00e1s pronto posible porque cuenta con ofertas de amistosos hasta su presentaci\u00f3n en la <a href=\"https:\/\/bolavip.com\/ar\/tema\/mundial-2026\" target=\"_blank\" class=\"break-word font-articleLinkText text-articleLinkText hover:text-articleLinkTextHover hover:bg-articleLinkTextHoverBg cursor-pointer border-solid border-b-articleLinkTextHover\" rel=\"nofollow noopener\">Copa Mundial 2026<\/a> (ya cerr\u00f3 en noviembre viajar a Angola y a la India, marzo est\u00e1 en veremos y en junio, antes del Mundial, se medir\u00e1 a M\u00e9xico y Honduras).<\/p>\n<p data-testid=\"paragraph\" class=\"mb-[20px] md:mb-[30px] break-word\"><strong>En tanto que Espa\u00f1a puede acabar con las especulaciones en la actual fecha FIFA<\/strong>. Las cuentas son as\u00ed. <strong>Si le gana a Georgia y Bulgaria y luego Turqu\u00eda empata con Georgia y empata o pierde con Bulgaria, los comandados por Luis De La Fuente se asegurar\u00e1n el primer puesto del Grupo E<\/strong> de las Eliminatorias de la UEFA, por lo que garantizar\u00e1n su plaza en la Copa del Mundo de Estados Unidos, M\u00e9xico y Canad\u00e1 2026.<\/p>\n<p data-testid=\"paragraph\" class=\"mb-[20px] md:mb-[30px] break-word\"><strong>Con lo cual, no deber\u00e1n estar afectados a las fechas del repechaje destinadas para marzo<\/strong> <strong>del a\u00f1o que viene<\/strong>, independientemente de lo que suceda en las \u00faltimas dos jornadas de las Eliminatorias en las que la Roja debe medirse a Georgia y Turqu\u00eda, en ese orden. <strong>Es decir, confirmar\u00e1n que estar\u00e1n libres para jugar la Finalissima con la Selecci\u00f3n Argentina<\/strong>.<\/p>\n<p>Claudio Tapia y Rafael Louz\u00e1n avanzan, Lionel Scaloni y Luis De La Fuente meten el freno<\/p>\n<p data-testid=\"paragraph\" class=\"mb-[20px] md:mb-[30px] break-word\"><strong>Claudio Tapia<\/strong>, presidente de la AFA, <strong>y Rafael Louz\u00e1n<\/strong>, mandam\u00e1s de la RFEF, <strong>ya se<\/strong> <strong>reunieron dos veces en este 2025<\/strong> en pos de buscar viabilidad para la disputa de la Finalissima. La primera fue en mayo en medio del 75\u00b0 Congreso Ordinario de la FIFA que se llev\u00f3 a cabo en la sede de la Conmebol en Luque, Paraguay. <strong>Y la segunda fue hace unos d\u00edas en Buenos Aires<\/strong>, en una parada t\u00e9cnica que hizo el directivo espa\u00f1ol antes de cruzar la Cordillera de los Andes para acompa\u00f1ar a \u201dLa Rojita\u201d en la Copa del Mundo Sub 20 de Chile 2025.<\/p>\n<p data-testid=\"paragraph\" class=\"mb-[20px] md:mb-[30px] break-word\"><strong>En ambos encuentros plantearon claramente la fecha (del 23 al 31 de marzo) y conversaron sobre las posibles sedes (todav\u00eda sin definir, aunque s\u00ed se supo que Miami qued\u00f3 descartada<\/strong> por albergar otros espect\u00e1culos en ese momento), toda vez que -lo descrito anteriormente- la Selecci\u00f3n de Espa\u00f1a saque pasajes para Estados Unidos, M\u00e9xico y Canad\u00e1 antes de que termine el a\u00f1o.<\/p>\n<p data-testid=\"paragraph\" class=\"mb-[20px] md:mb-[30px] break-word\"><strong>No obstante, aunque pareciera que solo resta esperar resultados, los entrenadores ya manifestaron<\/strong> puertas adentro y p\u00fablicamente <strong>que no est\u00e1n convencidos en lanzarse a jugar semejante partido a pocas semanas de la Copa del Mundo<\/strong>. Tanto Lionel Scaloni como Luis De La Fuente creen que tiene m\u00e1s para perder que para ganar y que la energ\u00eda que deben gastar en al Finalissima debe ser ahorrada para ir por el plato fuerte.<\/p>\n<p data-testid=\"paragraph\" class=\"mb-[20px] md:mb-[30px] break-word\"><strong>En caso de que la opini\u00f3n de los t\u00e9cnicos pese m\u00e1s, Comebol, UEFA, AFA y RFEF deber\u00e1n buscar una fecha para despu\u00e9s del Mundial 2026<\/strong> (posiblemente entre septiembre y octubre del 2026, con la nueva implementaci\u00f3n de la FIFA de parones de selecciones de 15 d\u00edas para que se jueguen hasta cuatro partidos).<\/p>\n<p><a title=\"En M\u00e9xico ya se ven gan\u00e1ndole a Argentina en los Cuartos de Final del Mundial Sub 20\" href=\"https:\/\/bolavip.com\/ar\/seleccion\/en-mexico-ya-se-ven-ganandole-a-argentina-en-los-cuartos-de-final-del-mundial-sub-20\" target=\"_self\" rel=\"nofollow noopener\" class=\"article-also-read-embed\"><img decoding=\"async\" class=\"aspect-square max-w-[100px] m-[10px] md:m-0\" src=\"https:\/\/www.europesays.com\/es\/wp-content\/uploads\/2025\/10\/1759878429_777_image\" alt=\"En M\u00e9xico ya se ven gan\u00e1ndole a Argentina en los Cuartos de Final del Mundial Sub 20\" width=\"200\" height=\"200\" loading=\"lazy\"\/><\/p>\n<p class=\"font-secondary my-[13px] uppercase text-alsoReadSeeAlso bg-alsoReadSeeAlsoBackground alsoReadSeeAlso w-fit\">ver tambi\u00e9n<\/p>\n<p class=\"w-full line-clamp-3 md:line-clamp-2 text-alsoReadEmbedTitle font-primary alsoReadLink\">En M\u00e9xico ya se ven gan\u00e1ndole a Argentina en los Cuartos de Final del Mundial Sub 20<\/p>\n<p><\/a><a title=\"La estrella que le negaron a Argentina para el Mundial Sub 20 que no juega en su club\" href=\"https:\/\/bolavip.com\/ar\/seleccion\/la-estrella-que-le-negaron-a-argentina-para-el-mundial-sub-20-que-no-juega-en-su-club\" target=\"_self\" rel=\"nofollow noopener\" class=\"article-also-read-embed\"><img decoding=\"async\" class=\"aspect-square max-w-[100px] m-[10px] md:m-0\" src=\"https:\/\/www.europesays.com\/es\/wp-content\/uploads\/2025\/10\/1759878430_421_image\" alt=\"La estrella que le negaron a Argentina para el Mundial Sub 20 que no juega en su club\" width=\"200\" height=\"200\" loading=\"lazy\"\/><\/p>\n<p class=\"font-secondary my-[13px] uppercase text-alsoReadSeeAlso bg-alsoReadSeeAlsoBackground alsoReadSeeAlso w-fit\">ver tambi\u00e9n<\/p>\n<p class=\"w-full line-clamp-3 md:line-clamp-2 text-alsoReadEmbedTitle font-primary alsoReadLink\">La estrella que le negaron a Argentina para el Mundial Sub 20 que no juega en su club<\/p>\n<p><\/a><\/p>\n","protected":false},"excerpt":{"rendered":"Luego de largos meses de suspenso y conversaciones entre las autoridades y representantes de la Conmebol, UEFA, AFA&hellip;\n","protected":false},"author":2,"featured_media":161616,"comment_status":"","ping_status":"","sticky":false,"template":"","format":"standard","meta":{"footnotes":""},"categories":[268],"tags":[25971,168,25,24,47915,280,282,281,23,167,6674],"class_list":{"0":"post-161615","1":"post","2":"type-post","3":"status-publish","4":"format-standard","5":"has-post-thumbnail","7":"category-futbol","8":"tag-conmebol","9":"tag-deportes","10":"tag-es","11":"tag-espana","12":"tag-finalissima","13":"tag-football","14":"tag-futbol","15":"tag-soccer","16":"tag-spain","17":"tag-sports","18":"tag-uefa"},"share_on_mastodon":{"url":"","error":""},"_links":{"self":[{"href":"https:\/\/www.europesays.com\/es\/wp-json\/wp\/v2\/posts\/161615","targetHints":{"allow":["GET"]}}],"collection":[{"href":"https:\/\/www.europesays.com\/es\/wp-json\/wp\/v2\/posts"}],"about":[{"href":"https:\/\/www.europesays.com\/es\/wp-json\/wp\/v2\/types\/post"}],"author":[{"embeddable":true,"href":"https:\/\/www.europesays.com\/es\/wp-json\/wp\/v2\/users\/2"}],"replies":[{"embeddable":true,"href":"https:\/\/www.europesays.com\/es\/wp-json\/wp\/v2\/comments?post=161615"}],"version-history":[{"count":0,"href":"https:\/\/www.europesays.com\/es\/wp-json\/wp\/v2\/posts\/161615\/revisions"}],"wp:featuredmedia":[{"embeddable":true,"href":"https:\/\/www.europesays.com\/es\/wp-json\/wp\/v2\/media\/161616"}],"wp:attachment":[{"href":"https:\/\/www.europesays.com\/es\/wp-json\/wp\/v2\/media?parent=161615"}],"wp:term":[{"taxonomy":"category","embeddable":true,"href":"https:\/\/www.europesays.com\/es\/wp-json\/wp\/v2\/categories?post=161615"},{"taxonomy":"post_tag","embeddable":true,"href":"https:\/\/www.europesays.com\/es\/wp-json\/wp\/v2\/tags?post=161615"}],"curies":[{"name":"wp","href":"https:\/\/api.w.org\/{rel}","templated":true}]}}