{"id":161617,"date":"2025-10-07T23:08:11","date_gmt":"2025-10-07T23:08:11","guid":{"rendered":"https:\/\/www.europesays.com\/es\/161617\/"},"modified":"2025-10-07T23:08:11","modified_gmt":"2025-10-07T23:08:11","slug":"claudia-martin-y-carlos-said-revelan-cuando-nacera-su-hijo-maximo","status":"publish","type":"post","link":"https:\/\/www.europesays.com\/es\/161617\/","title":{"rendered":"Claudia Mart\u00edn y Carlos Said revelan cu\u00e1ndo nacer\u00e1 su hijo, M\u00e1ximo"},"content":{"rendered":"<p id=\"eI9KsIfBaZ\" data-wc=\"95\">Con el coraz\u00f3n lleno de ilusi\u00f3n, <strong>Claudia Mart\u00edn\u00a0<\/strong>y <strong>Carlos Said<\/strong> viven la dulce espera de su primer beb\u00e9, <a class=\"hm-link ho-link\" href=\"https:\/\/www.hola.com\/us-es\/celebrities\/20250922857045\/claudia-martin-carlos-said-bebe-nino-revelan\/\" data-mrf-recirculation=\"article-body-link\" rel=\"nofollow noopener\" target=\"_blank\">el cual ser\u00e1 ni\u00f1o y llevar\u00e1 por nombre M\u00e1ximo<\/a><strong>,\u00a0<\/strong>seg\u00fan ha dejado saber la pareja. Motivados por este momento preparan todo para el gran d\u00eda, pues incluso <a class=\"hm-link ho-link\" href=\"https:\/\/www.hola.com\/us-es\/celebrities\/20250917856445\/claudia-martin-carlos-said-presumen-nuevas-fotos-baby-moon-desde-nueva-york\/\" data-mrf-recirculation=\"article-body-link\" rel=\"nofollow noopener\" target=\"_blank\">viajaron recientemente a la ciudad de Nueva York<\/a> para comprar todo lo necesario y estar listos. Desde la Gran Manzana mostraron im\u00e1genes de ese momento tan especial en el que adem\u00e1s posaron muy cercanos y enamorados desde sitios tur\u00edsticos, orgullosos de esta etapa de grandes cambios en su entorno.<\/p>\n<p> <img src=\"https:\/\/www.europesays.com\/es\/wp-content\/uploads\/2025\/10\/8d3ef489a503-image-8633417.jpg\"   width=\"768\" height=\"1024\" loading=\"lazy\" decoding=\"async\" alt=\"Claudia Mart\u00edn y Carlos Said viven plenos su 'baby moon'\" fetchpriority=\"auto\" class=\"image ho-image\"\/>\u00a9 @claudia3martinClaudia Mart\u00edn y Carlos Said vivieron plenos su &#8216;baby moon&#8217; en NY<br \/>\nLas \u00faltimas semanas de embarazo de Claudia<\/p>\n<p id=\"eLYfkT-wOIa\" data-wc=\"102\">La actriz cuenta los d\u00edas para la llegada de M\u00e1ximo. En ese sentido, ha hablado de c\u00f3mo se encuentra y su sentir de cara a su pr\u00f3xima maternidad, mientras comparte este momento junto a su esposo. \u201cTodo el mundo me ha dicho que estas \u00faltimas semanas son las que m\u00e1s lento se pasan porque ya el cuerpo se cansa, ya est\u00e1s con mucha ilusi\u00f3n, queriendo conocer al beb\u00e9, pero creo que ha sido un embarazo muy bendecido, muy tranquilo\u2026\u201d, dijo en una entrevista concedida de TVyNovelas. En ese espacio, tambi\u00e9n habl\u00f3 de c\u00f3mo su esposo ha estado pendiente y la ha cuidado.<\/p>\n<p> <img src=\"https:\/\/www.europesays.com\/es\/wp-content\/uploads\/2025\/10\/1759878490_467_648970fcaf48-babyclaudia.jpg\"   width=\"768\" height=\"1024\" loading=\"lazy\" decoding=\"async\" alt=\"Claudia Mart\u00edn en su baby shower en Oaxaca.\" fetchpriority=\"auto\" class=\"image ho-image\"\/>Claudia Mart\u00edn en su baby shower en Oaxaca.<\/p>\n<p id=\"ehyd27TKcxD\" data-wc=\"84\">Mientras tanto, Claudia se enfoca en llevar su embarazo con total aprendizaje. La actriz comparti\u00f3 en esa charla c\u00f3mo ha sido todo hasta ahora. \u201cVemos muchos videos en\u00a0Youtube, en TikTok, igual me gusta mucho leer y tengo mis libros que te van diciendo qu\u00e9 va pasando cada semana, c\u00f3mo va creciendo el cuerpo del beb\u00e9 y uno muy lindo de las almas, ya hasta me dieron ganas de llorar, porque dice que el alma del beb\u00e9 escoge d\u00f3nde nacer\u2026\u201d, revel\u00f3 en la conversaci\u00f3n.<\/p>\n<p> <img src=\"https:\/\/www.europesays.com\/es\/wp-content\/uploads\/2025\/10\/ffec0dece6b4-carlossaidcs551404628185307388930441909051371759060404679n.jpg\"   width=\"768\" height=\"1024\" loading=\"lazy\" decoding=\"async\" alt=\"Claudia Mart\u00edn y Carlos Said ya eligieron el nombre de su beb\u00e9 y lo compartieron con sus seguidores\" fetchpriority=\"auto\" class=\"image ho-image\"\/>\u00a9 IG: @claudia3martinClaudia Mart\u00edn y Carlos Said ya eligieron el nombre de su beb\u00e9 y lo compartieron con sus seguidores<br \/>\n\u00bfCu\u00e1ndo nacer\u00e1 M\u00e1ximo?<\/p>\n<p id=\"eNAO9rXdhJk\" data-wc=\"114\">En la cuenta regresiva para el nacimiento de M\u00e1ximo, Claudia y Carlos ya tienen la fecha estimada para el nacimiento de su beb\u00e9, al cual esperan muy ilusionados. A pregunta expresa de cu\u00e1ndo recibir\u00e1n a su hijo, la pareja comparti\u00f3: \u201cA finales de a\u00f1o\u2026\u201d, dijo Claudia. Por su lado, Carlos agreg\u00f3: \u201cM\u00e1s o menos en diciembre, pero no sabemos exactamente cu\u00e1ndo\u201d. Ante la incertidumbre, la guapa actriz revel\u00f3 que prefiere dejar que todo se d\u00e9 en el momento en que su hijo decida nacer. \u201cUnas mujeres me dicen que se va adelantar, otras que se retrasa por ser el primero, yo le digo a mi beb\u00e9: \u2018Llega cuando t\u00fa quieras\u2019\u2026\u201d, explic\u00f3 en la entrevista.<\/p>\n<p> <img src=\"https:\/\/www.europesays.com\/es\/wp-content\/uploads\/2025\/10\/dbce69b34b88-claudia3martin503024708185092374820243547731542471940172163n.jpg\"   width=\"819\" height=\"1024\" loading=\"lazy\" decoding=\"async\" alt=\"Claudia Mart\u00edn y Carlos Said\" fetchpriority=\"auto\" class=\"image ho-image\"\/>\u00a9 IG: @claudia3martinClaudia Mart\u00edn y Carlos Said<br \/>\nEl d\u00eda que supieron que tendr\u00edan un ni\u00f1o<\/p>\n<p id=\"e50wChXEuu8\" data-wc=\"87\">En esa charla, Claudia y Carlos contaron c\u00f3mo fue que se enteraron de que tendr\u00edan un hijo var\u00f3n, algo que comunicaron a sus respectivos seguidores tan pronto conocieron el sexo. \u201cNos hicimos un examen que nos sugiri\u00f3 nuestra doctora, porque dijimos: \u201cNos hicimos un examen que nos sugiri\u00f3 nuestra doctora, porque dijimos: \u2018No queremos esperarnos hasta que nazca\u2019. Somos muy impacientes y dijimos: \u2018En cuanto m\u00e1s pronto sepamos, mejor\u2019; primero nos hab\u00edan dicho que era ni\u00f1a, ya despu\u00e9s con este estudio fue de \u2018es 100% ni\u00f1o\u2019\u2026\u201d, revel\u00f3.<\/p>\n","protected":false},"excerpt":{"rendered":"Con el coraz\u00f3n lleno de ilusi\u00f3n, Claudia Mart\u00edn\u00a0y Carlos Said viven la dulce espera de su primer beb\u00e9,&hellip;\n","protected":false},"author":2,"featured_media":161618,"comment_status":"","ping_status":"","sticky":false,"template":"","format":"standard","meta":{"footnotes":""},"categories":[174],"tags":[517,255,146,147,25,24,256,23],"class_list":{"0":"post-161617","1":"post","2":"type-post","3":"status-publish","4":"format-standard","5":"has-post-thumbnail","7":"category-famosos","8":"tag-actualidad","9":"tag-celebrities","10":"tag-entertainment","11":"tag-entretenimiento","12":"tag-es","13":"tag-espana","14":"tag-famosos","15":"tag-spain"},"share_on_mastodon":{"url":"","error":""},"_links":{"self":[{"href":"https:\/\/www.europesays.com\/es\/wp-json\/wp\/v2\/posts\/161617","targetHints":{"allow":["GET"]}}],"collection":[{"href":"https:\/\/www.europesays.com\/es\/wp-json\/wp\/v2\/posts"}],"about":[{"href":"https:\/\/www.europesays.com\/es\/wp-json\/wp\/v2\/types\/post"}],"author":[{"embeddable":true,"href":"https:\/\/www.europesays.com\/es\/wp-json\/wp\/v2\/users\/2"}],"replies":[{"embeddable":true,"href":"https:\/\/www.europesays.com\/es\/wp-json\/wp\/v2\/comments?post=161617"}],"version-history":[{"count":0,"href":"https:\/\/www.europesays.com\/es\/wp-json\/wp\/v2\/posts\/161617\/revisions"}],"wp:featuredmedia":[{"embeddable":true,"href":"https:\/\/www.europesays.com\/es\/wp-json\/wp\/v2\/media\/161618"}],"wp:attachment":[{"href":"https:\/\/www.europesays.com\/es\/wp-json\/wp\/v2\/media?parent=161617"}],"wp:term":[{"taxonomy":"category","embeddable":true,"href":"https:\/\/www.europesays.com\/es\/wp-json\/wp\/v2\/categories?post=161617"},{"taxonomy":"post_tag","embeddable":true,"href":"https:\/\/www.europesays.com\/es\/wp-json\/wp\/v2\/tags?post=161617"}],"curies":[{"name":"wp","href":"https:\/\/api.w.org\/{rel}","templated":true}]}}