{"id":161619,"date":"2025-10-07T23:09:08","date_gmt":"2025-10-07T23:09:08","guid":{"rendered":"https:\/\/www.europesays.com\/es\/161619\/"},"modified":"2025-10-07T23:09:08","modified_gmt":"2025-10-07T23:09:08","slug":"siempre-intento-verlo-todo-maravilloso-aunque-no-lo-sea","status":"publish","type":"post","link":"https:\/\/www.europesays.com\/es\/161619\/","title":{"rendered":"\u201cSiempre intento verlo todo maravilloso, aunque no lo sea\u201d"},"content":{"rendered":"<p>La elegancia de un t\u00edmido<\/p>\n<p class=\"module-text\">Su elegancia \u00e9tica y est\u00e9tica se respira en todas sus fotos, que ha publicado en las mejores revistas del mundo. Moda y sobre todo el retrato han sido su vida. La editorial Blume publica Antoni Bernad con retratos a personajes cono\u00adcidos realizados desde 1960 hasta el 2010, cuando decidi\u00f3 retirarse. \u201cCreo sinceramente que he hecho todo lo que ten\u00eda que hacer y no s\u00e9, no quiero ser un palo delante de otros que aparecen y apa\u00adrecer\u00e1n\u201d. Tiene cientos de an\u00e9cdotas con personajes con los que a lo largo de los a\u00f1os hizo amistad. Con una foto que le hizo a Merc\u00e8 Rodoreda se estamp\u00f3 un sello de correos, Dal\u00ed se present\u00f3 con un post-it en la frente en el que se le\u00eda \u201cPara Toni Bernad\u201d, consigui\u00f3 hacer sonre\u00edr a T\u00e0pies y vio c\u00f3mo Joan Brossa, tras la insistencia de su se\u00f1ora de que se duchara, entr\u00f3 una manguera en el sal\u00f3n de casa y se duch\u00f3 vestido.<\/p>\n<p data-gtm-element-container=\"modulo-texto-link\" class=\"paragraph\"><strong>\u00bfHa abandonado la fotograf\u00eda?<\/strong><\/p>\n<p data-gtm-element-container=\"modulo-texto-link\" class=\"paragraph\">No del todo. Me he retirado, pero no puedo evitar fotografiar lo que me llama la atenci\u00f3n con el m\u00f3vil, tengo ese instinto. Hago fotos desde los 15 a\u00f1os.<\/p>\n<p data-gtm-element-container=\"modulo-texto-link\" class=\"paragraph\"><strong>\u00bfTiene Instagram, las cuelga?<\/strong><\/p>\n<p data-gtm-element-container=\"modulo-texto-link\" class=\"paragraph\">No s\u00e9 ni lo que es, como no tengo hijos. Tengo sobrinos, pero creo que son mayores que yo. Soy un abuelo sin verg\u00fcenza: la vida ha pasado y he hecho lo que he amado.<\/p>\n<p data-gtm-element-container=\"modulo-texto-link\" class=\"paragraph\"><strong>\u00bfCu\u00e1l es su resumen?<\/strong><\/p>\n<p data-gtm-element-container=\"modulo-texto-link\" class=\"paragraph\">Gracias a la vida, que me ha dado tanto.<\/p>\n<p data-gtm-element-container=\"modulo-texto-link\" class=\"paragraph\"><strong>\u00bfSiempre ha sido un hombre feliz?<\/strong><\/p>\n<p data-gtm-element-container=\"modulo-texto-link\" class=\"paragraph\">Tengo fama de eso. Para m\u00ed era dif\u00edcil parecerlo, pero prefer\u00eda este rol que quejarme por las esquinas. Siempre intento verlo todo maravilloso, aunque no lo sea.<\/p>\n<p data-gtm-element-container=\"modulo-texto-link\" class=\"paragraph\"><strong>Una buena actitud.<\/strong><\/p>\n<p data-gtm-element-container=\"modulo-texto-link\" class=\"paragraph\">Es imposible que todo sea perfecto y que la gente sea superenrollada. Pero intent\u00e9 siempre que todo tuviera un perfume agradable y divertido, y poder entusiasmar a la gente que fotografiaba. Gae Aulenti dec\u00eda: \u201cToni decidi\u00f3 hacer felices a los dem\u00e1s y lo ha conseguido\u201d, un piropo maravilloso.<\/p>\n<p data-gtm-element-container=\"modulo-texto-link\" class=\"paragraph\"><strong>Usted retrat\u00f3 a toda la intelectualidad.<\/strong><\/p>\n<p data-gtm-element-container=\"modulo-texto-link\" class=\"paragraph\">S\u00ed, casi sin darme cuenta. Cuando Franco muri\u00f3 empezaron a salir como bolets regresando del exilio personas fant\u00e1sticas de las que nunca hab\u00edamos o\u00eddo hablar. Y me dediqu\u00e9 a perseguirlos.<\/p>\n<p data-gtm-element-container=\"modulo-texto-link\" class=\"paragraph\"><strong>\u00bfPor qu\u00e9?<\/strong><\/p>\n<p data-gtm-element-container=\"modulo-texto-link\" class=\"paragraph\">Me he pasado la vida haciendo fotos bonitas a chicas y chicos maravillosos y pens\u00e9 que retratar a esa gente fant\u00e1stica me ir\u00eda muy bien para no caer en la tonter\u00eda de ser un imb\u00e9cil.<\/p>\n<p data-gtm-element-container=\"modulo-texto-link\" class=\"paragraph\"><strong>\u00bf\u2026?<\/strong><\/p>\n<p data-gtm-element-container=\"modulo-texto-link\" class=\"paragraph\">La fotograf\u00eda de moda te lleva a ese camino tontorr\u00f3n. Yo era muy serio. La frivolidad me horroriza.<\/p>\n<p data-gtm-element-container=\"modulo-texto-link\" class=\"paragraph\"><strong>\u00bfCu\u00e1ndo mira para atr\u00e1s ve m\u00e1s azar o destino?<\/strong><\/p>\n<p data-gtm-element-container=\"modulo-texto-link\" class=\"paragraph\">Tengo la suerte de tener muy poca memoria, es como si naciera todo cada d\u00eda. No me enfado nunca. Considero que todo ha ido perfecto, aunque, en realidad, es mentira.<\/p>\n<p data-gtm-element-container=\"modulo-texto-link\" class=\"paragraph\"><strong>Pues cu\u00e9nteme la verdad.<\/strong><\/p>\n<p data-gtm-element-container=\"modulo-texto-link\" class=\"paragraph\">He sufrido mucho haciendo fotos. En mi \u00e9poca ten\u00edas que esperar dos d\u00edas para ver los resultados y no pod\u00edas cagarla.<\/p>\n<p data-gtm-element-container=\"modulo-texto-link\" class=\"paragraph\"><strong>\u00bfAlguna vez ha dejado la c\u00e1mara de lado ante un personaje?<\/strong><\/p>\n<p data-gtm-element-container=\"modulo-texto-link\" class=\"paragraph\">S\u00ed, cada d\u00eda. Verme delante de una persona fascinante y sacar la c\u00e1mara me parec\u00eda el horror m\u00e1ximo, o sea, de verg\u00fcenza. Mejor sentarse y escuchar.<\/p>\n<p data-gtm-element-container=\"modulo-texto-link\" class=\"paragraph\"><strong>\u00bfY recuerda algo que le dijera alguna de estas personas que le impactara?<\/strong><\/p>\n<p data-gtm-element-container=\"modulo-texto-link\" class=\"paragraph\">Yo qued\u00e9 enloquecido con la arquitecta Gae Aulenti, era mucho mayor que yo y mantuvimos una gran amistad hasta su muerte. Fui a despedirme cuando ocurri\u00f3.<\/p>\n<p data-gtm-element-container=\"modulo-texto-link\" class=\"paragraph\"><strong>Veo que todav\u00eda le hace llorar.<\/strong><\/p>\n<p data-gtm-element-container=\"modulo-texto-link\" class=\"paragraph\">Esta gente no tendr\u00eda que morir porque son un ejemplo a seguir. Trabajaba como una loca, creativa, impecable, hasta que dec\u00eda: \u201c\u00a1Es la hora del gin-tonic, amigos!\u201d.<\/p>\n<p data-gtm-element-container=\"modulo-texto-link\" class=\"paragraph\"><strong>Es usted una persona extremadamente sensible, \u00bfde d\u00f3nde le viene?<\/strong><\/p>\n<p data-gtm-element-container=\"modulo-texto-link\" class=\"paragraph\">Mis padres eran muy cuidadosos con lo que dec\u00edan para no herir a nadie. Vivieron la guerra. Y la guerra es el diablo: dolor y muerte. Pero seguimos en ello.<\/p>\n<p data-gtm-element-container=\"modulo-texto-link\" class=\"paragraph\"><strong>\u00bfCu\u00e1ndo se conocen Antoni y Antoni?<\/strong><\/p>\n<p data-gtm-element-container=\"modulo-texto-link\" class=\"paragraph\">A los 9 a\u00f1os, y llevamos 64 de amistad y convivencia. Gracias a Toni, que me prest\u00f3 su c\u00e1mara de juguete, descubr\u00ed la fotograf\u00eda y ya nunca abandon\u00e9.<\/p>\n<p data-gtm-element-container=\"modulo-texto-link\" class=\"paragraph\"><strong>\u00bfC\u00f3mo evoluciona una amistad desde los 9 a\u00f1os hasta los 81?<\/strong><\/p>\n<p data-gtm-element-container=\"modulo-texto-link\" class=\"paragraph\">Con paciencia. Siempre hemos hablado mucho. Rilke dice que el amor son dos soledades que mutuamente se respetan y se reverencian. Yo creo que ese ser\u00eda nuestro secreto.<\/p>\n<p data-gtm-element-container=\"modulo-texto-link\" class=\"paragraph\"><strong>Qu\u00e9 bonito.<\/strong><\/p>\n<p data-gtm-element-container=\"modulo-texto-link\" class=\"paragraph\">El amor es una amistad profunda en la que poder ayudar al otro te llena de satisfacci\u00f3n.<\/p>\n<p data-gtm-element-container=\"modulo-texto-link\" class=\"paragraph\"><strong>\u00bfCu\u00e1les son sus valores fundamentales?<\/strong><\/p>\n<p data-gtm-element-container=\"modulo-texto-link\" class=\"paragraph\">Ser buena persona, hacerlo lo mejor posible. A las modelos siempre les dec\u00eda \u201cYou are the perfection, baby!\u201d para animarlas, porque eran ni\u00f1as de 15, 16, 17 a\u00f1os, y me pon\u00eda en su piel y me parec\u00eda todo un horror.<\/p>\n<p data-gtm-element-container=\"modulo-texto-link\" class=\"paragraph\"><strong>\u00bfPor qu\u00e9?<\/strong><\/p>\n<p data-gtm-element-container=\"modulo-texto-link\" class=\"paragraph\">Hubo una \u00e9poca gloriosa en la que todas eran de Londres o de Francia, divinas, y sab\u00edan posar. Pero luego las agencias descubrieron a las chicas del este, con las que ganaban mucho dinero porque les pagaban poqu\u00edsimo. Lo viv\u00ed tan mal que fue uno de los motivos por los que dej\u00e9 de hacer fotos.<\/p>\n<p data-gtm-element-container=\"modulo-texto-link\" class=\"paragraph\"><strong>\u00bfCu\u00e1les fueron los otros?<\/strong><\/p>\n<p data-gtm-element-container=\"modulo-texto-link\" class=\"paragraph\">Con las c\u00e1maras anal\u00f3gicas ten\u00eda intimidad: solo yo ve\u00eda el mundo a trav\u00e9s del objetivo. Con las digitales la gente de la moda se amorraba a una pantalla donde ve\u00edan lo que estaba fotografiando y me gritaban \u201c\u00a1Ya la tienes!\u201d y yo sab\u00eda que no la ten\u00eda. Un d\u00eda llegu\u00e9 a casa y decid\u00ed regalar todas mis c\u00e1maras.<\/p>\n<p data-gtm-element-container=\"modulo-texto-link\" class=\"paragraph\"><strong>\u00bfQu\u00e9 hizo con todo su archivo?<\/strong><\/p>\n<p data-gtm-element-container=\"modulo-texto-link\" class=\"paragraph\">Quer\u00eda bajarlo a la calle: \u201cQue la gente escoja lo que quiera\u201d. Pero Antoni se hizo pasar por m\u00ed y cedi\u00f3 el material al Archivo Nacional donde est\u00e1 en perfectas condiciones.<\/p>\n","protected":false},"excerpt":{"rendered":"La elegancia de un t\u00edmido Su elegancia \u00e9tica y est\u00e9tica se respira en todas sus fotos, que ha&hellip;\n","protected":false},"author":2,"featured_media":161620,"comment_status":"","ping_status":"","sticky":false,"template":"","format":"standard","meta":{"footnotes":""},"categories":[173],"tags":[229,233,231,230,232,234,146,147,25,24,23],"class_list":{"0":"post-161619","1":"post","2":"type-post","3":"status-publish","4":"format-standard","5":"has-post-thumbnail","7":"category-arte-y-diseno","8":"tag-arte","9":"tag-arte-y-diseno","10":"tag-arts","11":"tag-arts-and-design","12":"tag-design","13":"tag-diseno","14":"tag-entertainment","15":"tag-entretenimiento","16":"tag-es","17":"tag-espana","18":"tag-spain"},"share_on_mastodon":{"url":"","error":""},"_links":{"self":[{"href":"https:\/\/www.europesays.com\/es\/wp-json\/wp\/v2\/posts\/161619","targetHints":{"allow":["GET"]}}],"collection":[{"href":"https:\/\/www.europesays.com\/es\/wp-json\/wp\/v2\/posts"}],"about":[{"href":"https:\/\/www.europesays.com\/es\/wp-json\/wp\/v2\/types\/post"}],"author":[{"embeddable":true,"href":"https:\/\/www.europesays.com\/es\/wp-json\/wp\/v2\/users\/2"}],"replies":[{"embeddable":true,"href":"https:\/\/www.europesays.com\/es\/wp-json\/wp\/v2\/comments?post=161619"}],"version-history":[{"count":0,"href":"https:\/\/www.europesays.com\/es\/wp-json\/wp\/v2\/posts\/161619\/revisions"}],"wp:featuredmedia":[{"embeddable":true,"href":"https:\/\/www.europesays.com\/es\/wp-json\/wp\/v2\/media\/161620"}],"wp:attachment":[{"href":"https:\/\/www.europesays.com\/es\/wp-json\/wp\/v2\/media?parent=161619"}],"wp:term":[{"taxonomy":"category","embeddable":true,"href":"https:\/\/www.europesays.com\/es\/wp-json\/wp\/v2\/categories?post=161619"},{"taxonomy":"post_tag","embeddable":true,"href":"https:\/\/www.europesays.com\/es\/wp-json\/wp\/v2\/tags?post=161619"}],"curies":[{"name":"wp","href":"https:\/\/api.w.org\/{rel}","templated":true}]}}