{"id":161621,"date":"2025-10-07T23:10:08","date_gmt":"2025-10-07T23:10:08","guid":{"rendered":"https:\/\/www.europesays.com\/es\/161621\/"},"modified":"2025-10-07T23:10:08","modified_gmt":"2025-10-07T23:10:08","slug":"la-escritura-fue-siempre-mi-lugar-secreto-mi-espacio-de-oxigeno-maggie-leri","status":"publish","type":"post","link":"https:\/\/www.europesays.com\/es\/161621\/","title":{"rendered":"\u00abLa escritura fue siempre mi lugar secreto, mi espacio de ox\u00edgeno\u00bb, Maggie Leri"},"content":{"rendered":"<p>Maggie Leri, nacida en Asunci\u00f3n en 1973, es madre, dise\u00f1adora gr\u00e1fica y deportista. A los cuarenta a\u00f1os recibi\u00f3 un diagn\u00f3stico que cambi\u00f3 por completo su vida: una enfermedad cr\u00f3nica, autoinmune e incurable. Lejos de rendirse, decidi\u00f3 redise\u00f1ar su existencia y compartir su historia con valent\u00eda en Brava, su \u00f3pera prima. En este libro, nos abre las puertas a su mundo interior con un relato aut\u00e9ntico y conmovedor, donde memoria, emociones y resiliencia se entrelazan. Con franqueza y sensibilidad, Maggie nos invita a reflexionar sobre la fortaleza humana frente a la adversidad y el poder transformador de la palabra. \u00a0<strong>\u00a0<\/strong><\/p>\n<p><strong>\u00bfQu\u00e9 fue lo m\u00e1s dif\u00edcil de recordar y escribir en Brava?<\/strong><br \/>Lo m\u00e1s dif\u00edcil fue volver a entrar en esos pasillos oscuros de la infancia. Hablar de temas que nunca pude hacerlos visibles, porque me daban verg\u00fcenza, miedo, pudor. Revivir abusos, silencios, la sensaci\u00f3n de no ser cre\u00edda. Entend\u00ed luego que hablar de lo innombrable era necesario para sanar, y para que otros tambi\u00e9n, si as\u00ed lo desean, encuentren en mis palabras un espejo.<\/p>\n<p><strong>\u00bfC\u00f3mo naci\u00f3 la decisi\u00f3n de transformar tu experiencia en un libro?<br \/><\/strong>Durante a\u00f1os escrib\u00ed en silencio, para m\u00ed. Pero un d\u00eda comprend\u00ed que callar no ayudaba. Ten\u00eda que compartir lo que me sosten\u00eda, porque si una palabra pod\u00eda ayudar a alguien m\u00e1s, ya val\u00eda la pena. As\u00ed naci\u00f3 Brava.<\/p>\n<p><strong>\u00bfQu\u00e9 significa para ti la palabra \u201cbrava\u201d?<\/strong><br \/>Brava es un grito. Es mirar el dolor a los ojos y decidir no rendirse. Es seguir, incluso con miedo. Es honrar las cicatrices, no esconderlas. Para m\u00ed, ser brava es creer en m\u00ed misma, incluso cuando todo alrededor parece decir lo contrario.<\/p>\n<p><strong>\u00bfC\u00f3mo cambi\u00f3 tu vida el d\u00eda del diagn\u00f3stico?<\/strong><br \/>Fue como abrir una puerta que llevaba cerrada veinte a\u00f1os. Por un lado, miedo e incertidumbre. Por otro, alivio: por fin ten\u00eda un nombre para lo que me pasaba. Empec\u00e9, a partir de eso, a dejar de tener verg\u00fcenza de mi cuerpo y sus debilidades, a vivir en estado de conciencia plena y de gratitud.<\/p>\n<p><strong>\u00bfEn qu\u00e9 medida la escritura se convirti\u00f3 en un refugio o una terapia?<\/strong><br \/>La escritura fue siempre mi lugar secreto, mi espacio de ox\u00edgeno. Es donde puedo decir lo que no me animo a hablar en voz alta. Es terapia, refugio y tambi\u00e9n libertad. Al escribir, las palabras me devuelven el aire que a veces me quitan algunas situaciones de la vida.<\/p>\n<p><strong>\u00bfQu\u00e9 papel jugaron tus recuerdos de infancia en el proceso de sanaci\u00f3n personal?<\/strong><br \/>Un papel central. La memoria puede doler, pero tambi\u00e9n libera. Al traer a la luz mi ni\u00f1ez, entend\u00ed muchas de las heridas que segu\u00edan abiertas en mi adultez. Escribir sobre esa ni\u00f1a fue tambi\u00e9n abrazarla y decirle: \u201cya no est\u00e1s sola\u201d.<\/p>\n<p><strong>\u00bfQu\u00e9 sentiste al hacer p\u00fablico tu testimonio por primera vez?<br \/><\/strong>Temor, dudas. Es como caminar sobre un campo minado: no sab\u00e9s qu\u00e9 puede explotar. Pero tambi\u00e9n alivio. Cuando las primeras personas me dijeron \u201cme pas\u00f3 lo mismo\u201d o \u201cyo tambi\u00e9n me sent\u00ed as\u00ed\u201d, entend\u00ed que el silencio pesa m\u00e1s que la exposici\u00f3n.<\/p>\n<p><strong>\u00bfC\u00f3mo se entrelazan tu rol de madre y tu experiencia con la enfermedad en la obra?<br \/><\/strong>Mis hijas son parte de mi motor. Muchas veces me pregunt\u00e9 c\u00f3mo iba a explicarles mis miedos, mis dolores, mi fatiga. Brava tambi\u00e9n es un di\u00e1logo con ellas. Porque quer\u00eda que entendieran que la fuerza no es no caer, sino volver a levantarse una y otra vez.<\/p>\n<p><strong>\u00bfQu\u00e9 esperas que el lector encuentre en tu libro?<br \/><\/strong>Que se reconozca. Que no lo lea como la historia de Maggie, sino como una invitaci\u00f3n a mirar la suya propia. Que se vaya con la certeza de que no est\u00e1 roto, sino transform\u00e1ndose.<\/p>\n<p><strong>\u00bfHubo momentos en los que pensaste abandonar el proyecto?<\/strong><br \/>S\u00ed, muchas veces. Escribir sobre uno mismo atemoriza. Pero cada vez que quise dejarlo, sent\u00ed que la historia me ped\u00eda nacer. Y comprend\u00ed que no era solo m\u00eda: le pertenec\u00eda tambi\u00e9n a quienes la estaban esperando.<\/p>\n<p><strong>\u00bfQu\u00e9 aprendizajes personales te dej\u00f3 escribir Brava?<\/strong><br \/>Que la vulnerabilidad no es debilidad. Que mi voz tiene fuerza. Y que todo, incluso lo que parec\u00eda destrucci\u00f3n, pod\u00eda convertirse en semilla.<\/p>\n<p><strong>\u00bfC\u00f3mo influye tu faceta de deportista en la forma de enfrentar la enfermedad?<\/strong><br \/>El deporte me ense\u00f1\u00f3 disciplina, constancia y a confiar en mi cuerpo, incluso en sus l\u00edmites. En el agua aprend\u00ed a respirar distinto, a fluir, a seguir. Esas mismas lecciones son las que aplico cuando la enfermedad me desaf\u00eda.<\/p>\n<p><strong>\u00bfQu\u00e9 autores o lecturas te inspiraron para escribir tu \u00f3pera prima?<\/strong><br \/>Alejandro Palomas fue una gran inspiraci\u00f3n por la honestidad de su narrativa. Tambi\u00e9n busqu\u00e9 refugio en voces autobiogr\u00e1ficas que escriben sin miedo a lo inc\u00f3modo, a lo \u00e1spero. Leerlos me mostr\u00f3 que se puede contar con crudeza y con ternura al mismo tiempo. Me nutren tambi\u00e9n las obras de Joyce Carol Oates, Isabella Hammad, Elvira Sastre, Arundhati Roy, Luc\u00eda Berlin.<\/p>\n<p><strong>\u00bfQu\u00e9 mensaje le dar\u00edas a quienes atraviesan un diagn\u00f3stico similar?<\/strong><br \/>Frente a un diagn\u00f3stico de salud o dificultad de cualquier tipo en la vida, creo que ayuda: llorar, enojarse, sentir miedo. Y luego elegir qui\u00e9n quiere uno ser frente a lo que pasa: v\u00edctima o protagonista. El diagn\u00f3stico es parte de tu historia, no tu identidad completa. Los quiebres o dificultades son siempre una oportunidad de transformaci\u00f3n y reinvenci\u00f3n.<\/p>\n<p><strong>\u00bfTienes en mente continuar escribiendo despu\u00e9s de Brava?<\/strong><br \/>S\u00ed. Estoy trabajando en tres proyectos: una versi\u00f3n infantil de Brava, una segunda parte que sigue creciendo conmigo, y una gu\u00eda pr\u00e1ctica con herramientas de sanaci\u00f3n que me acompa\u00f1an d\u00eda a d\u00eda.<\/p>\n","protected":false},"excerpt":{"rendered":"Maggie Leri, nacida en Asunci\u00f3n en 1973, es madre, dise\u00f1adora gr\u00e1fica y deportista. A los cuarenta a\u00f1os recibi\u00f3&hellip;\n","protected":false},"author":2,"featured_media":161622,"comment_status":"","ping_status":"","sticky":false,"template":"","format":"standard","meta":{"footnotes":""},"categories":[172],"tags":[224,146,147,25,24,225,23],"class_list":{"0":"post-161621","1":"post","2":"type-post","3":"status-publish","4":"format-standard","5":"has-post-thumbnail","7":"category-libros","8":"tag-books","9":"tag-entertainment","10":"tag-entretenimiento","11":"tag-es","12":"tag-espana","13":"tag-libros","14":"tag-spain"},"share_on_mastodon":{"url":"","error":""},"_links":{"self":[{"href":"https:\/\/www.europesays.com\/es\/wp-json\/wp\/v2\/posts\/161621","targetHints":{"allow":["GET"]}}],"collection":[{"href":"https:\/\/www.europesays.com\/es\/wp-json\/wp\/v2\/posts"}],"about":[{"href":"https:\/\/www.europesays.com\/es\/wp-json\/wp\/v2\/types\/post"}],"author":[{"embeddable":true,"href":"https:\/\/www.europesays.com\/es\/wp-json\/wp\/v2\/users\/2"}],"replies":[{"embeddable":true,"href":"https:\/\/www.europesays.com\/es\/wp-json\/wp\/v2\/comments?post=161621"}],"version-history":[{"count":0,"href":"https:\/\/www.europesays.com\/es\/wp-json\/wp\/v2\/posts\/161621\/revisions"}],"wp:featuredmedia":[{"embeddable":true,"href":"https:\/\/www.europesays.com\/es\/wp-json\/wp\/v2\/media\/161622"}],"wp:attachment":[{"href":"https:\/\/www.europesays.com\/es\/wp-json\/wp\/v2\/media?parent=161621"}],"wp:term":[{"taxonomy":"category","embeddable":true,"href":"https:\/\/www.europesays.com\/es\/wp-json\/wp\/v2\/categories?post=161621"},{"taxonomy":"post_tag","embeddable":true,"href":"https:\/\/www.europesays.com\/es\/wp-json\/wp\/v2\/tags?post=161621"}],"curies":[{"name":"wp","href":"https:\/\/api.w.org\/{rel}","templated":true}]}}