{"id":161639,"date":"2025-10-07T23:19:07","date_gmt":"2025-10-07T23:19:07","guid":{"rendered":"https:\/\/www.europesays.com\/es\/161639\/"},"modified":"2025-10-07T23:19:07","modified_gmt":"2025-10-07T23:19:07","slug":"atacado-el-convoy-de-daniel-noboa-en-plena-oleada-de-movilizaciones-en-ecuador","status":"publish","type":"post","link":"https:\/\/www.europesays.com\/es\/161639\/","title":{"rendered":"Atacado el convoy de Daniel Noboa en plena oleada de movilizaciones en Ecuador"},"content":{"rendered":"<p class=\"\">El Gobierno de Ecuador ha presentado este martes una denuncia ante la Fiscal\u00eda por un presunto intento de asesinato al presidente del pa\u00eds, Daniel Noboa, despu\u00e9s de que la caravana en la que se movilizaba para llegar a un acto en el sur del pa\u00eds fuera atacada por supuestos manifestantes. La ministra de Ambiente y Energ\u00eda, In\u00e9s Manzano, ha explicado que el mandatario estaba llegando a un evento convocado en el municipio de El Tambo, de la provincia andina de Ca\u00f1ar, cuando \u201caparecieron 500 personas\u201d y \u201cestuvieron lanzando piedras\u201d. \u201cTambi\u00e9n hay signos de bala en el carro del presidente\u201d, ha agregado. El pol\u00edtico ha salido ileso, ha participado en el acto previsto, y posteriormente, dijo la ministra, ha seguido cumpliendo su agenda \u201ccon normalidad\u201d. Sin embargo, ha se\u00f1alado que lo ocurrido no va a \u201cquedar en la impunidad\u201d. <\/p>\n<p class=\"\">En v\u00eddeos que circulan en las redes sociales se observa <a href=\"https:\/\/elpais.com\/america\/2025-09-30\/el-video-del-maltrato-de-los-militares-a-un-manifestante-moribundo-enciende-las-protestas-contra-noboa.html\" target=\"_self\" rel=\"nofollow noopener\" title=\"https:\/\/elpais.com\/america\/2025-09-30\/el-video-del-maltrato-de-los-militares-a-un-manifestante-moribundo-enciende-las-protestas-contra-noboa.html\">el momento en que supuestos manifestantes lanzan algunas piedras<\/a> contra la caravana presidencial. Desde la Secretar\u00eda de Comunicaci\u00f3n de la Presidencia se\u00f1alan que el veh\u00edculo en el que iba el presidente \u201cest\u00e1 en an\u00e1lisis de [la brigada de] Criminal\u00edstica\u201d. La titular de Ambiente y Energ\u00eda ha indicado tambi\u00e9n que las fuerzas de seguridad pudieron detener a cinco personas que estaban en las manifestaciones y que ser\u00e1n denunciadas por el delito de terrorismo. \u201cEsto no lo vamos a permitir. Ecuador dice: \u2018S\u00ed a la paz, s\u00ed al trabajo\u2019, y esta clase de manifestaciones que no son pac\u00edficas, no son las que nosotros necesitamos en un momento de progreso y desarrollo\u201d, ha mencionado. <\/p>\n<p class=\"\">El ataque denunciado se registra durante el decimosexto d\u00eda de las <a href=\"https:\/\/elpais.com\/america\/2025-09-16\/noboa-decreta-el-estado-de-excepcion-en-seis-regiones-de-ecuador-tras-cortar-el-subsidio-al-diesel.html\" target=\"_self\" rel=\"nofollow noopener\" title=\"https:\/\/elpais.com\/america\/2025-09-16\/noboa-decreta-el-estado-de-excepcion-en-seis-regiones-de-ecuador-tras-cortar-el-subsidio-al-diesel.html\">protestas convocadas por la Confederaci\u00f3n de Nacionalidades Ind\u00edgenas del Ecuador (Conaie)<\/a>, la organizaci\u00f3n social m\u00e1s grande de pa\u00eds, despu\u00e9s de que Noboa elimin\u00f3 el subsidio al di\u00e9sel. Sin embargo, Manzano ha subrayado que sab\u00edan que \u201clas comunidades ind\u00edgenas ancestrales no est\u00e1n involucradas en esto\u201d, sino que se trataba de \u201cciertas c\u00e9lulas criminales\u201d que estaban \u201cprovocando estos actos de terrorismo\u201d. Por su parte, la Conaie ha denunciado en su cuenta de la red social X una \u201cbrutal acci\u00f3n policial y militar\u201d contra \u201cel pueblo movilizado\u201d durante la llegada de Noboa a El Tambo, y ha se\u00f1alado que \u201ccinco compa\u00f1eros\u201d hab\u00edan sido \u201cdetenidos de forma arbitraria\u201d. El detonante de las protestas ind\u00edgenas ha sido la eliminaci\u00f3n, el pasado 12 de septiembre, del subsidio al di\u00e9sel, que elev\u00f3 de 1,80 a 2,80 d\u00f3lares el precio del gal\u00f3n (3,78 litros) de ese combustible. <\/p>\n","protected":false},"excerpt":{"rendered":"El Gobierno de Ecuador ha presentado este martes una denuncia ante la Fiscal\u00eda por un presunto intento de&hellip;\n","protected":false},"author":2,"featured_media":161640,"comment_status":"","ping_status":"","sticky":false,"template":"","format":"standard","meta":{"footnotes":""},"categories":[42],"tags":[889,17,18,13,14,11,61,62,63,64,19,20,1804,9,10,15,16,12,21,22,65,66,67],"class_list":{"0":"post-161639","1":"post","2":"type-post","3":"status-publish","4":"format-standard","5":"has-post-thumbnail","7":"category-internacional","8":"tag-america","9":"tag-breaking-news","10":"tag-breakingnews","11":"tag-featured-news","12":"tag-featurednews","13":"tag-headlines","14":"tag-internacional","15":"tag-international","16":"tag-international-news","17":"tag-internationalnews","18":"tag-latest-news","19":"tag-latestnews","20":"tag-latinoamerica","21":"tag-news","22":"tag-noticias","23":"tag-noticias-destacadas","24":"tag-noticiasdestacadas","25":"tag-titulares","26":"tag-ultimas-noticias","27":"tag-ultimasnoticias","28":"tag-world","29":"tag-world-news","30":"tag-worldnews"},"share_on_mastodon":{"url":"","error":""},"_links":{"self":[{"href":"https:\/\/www.europesays.com\/es\/wp-json\/wp\/v2\/posts\/161639","targetHints":{"allow":["GET"]}}],"collection":[{"href":"https:\/\/www.europesays.com\/es\/wp-json\/wp\/v2\/posts"}],"about":[{"href":"https:\/\/www.europesays.com\/es\/wp-json\/wp\/v2\/types\/post"}],"author":[{"embeddable":true,"href":"https:\/\/www.europesays.com\/es\/wp-json\/wp\/v2\/users\/2"}],"replies":[{"embeddable":true,"href":"https:\/\/www.europesays.com\/es\/wp-json\/wp\/v2\/comments?post=161639"}],"version-history":[{"count":0,"href":"https:\/\/www.europesays.com\/es\/wp-json\/wp\/v2\/posts\/161639\/revisions"}],"wp:featuredmedia":[{"embeddable":true,"href":"https:\/\/www.europesays.com\/es\/wp-json\/wp\/v2\/media\/161640"}],"wp:attachment":[{"href":"https:\/\/www.europesays.com\/es\/wp-json\/wp\/v2\/media?parent=161639"}],"wp:term":[{"taxonomy":"category","embeddable":true,"href":"https:\/\/www.europesays.com\/es\/wp-json\/wp\/v2\/categories?post=161639"},{"taxonomy":"post_tag","embeddable":true,"href":"https:\/\/www.europesays.com\/es\/wp-json\/wp\/v2\/tags?post=161639"}],"curies":[{"name":"wp","href":"https:\/\/api.w.org\/{rel}","templated":true}]}}