{"id":161643,"date":"2025-10-07T23:21:18","date_gmt":"2025-10-07T23:21:18","guid":{"rendered":"https:\/\/www.europesays.com\/es\/161643\/"},"modified":"2025-10-07T23:21:18","modified_gmt":"2025-10-07T23:21:18","slug":"feijoo-defiende-a-un-agitador-ultra-que-persigue-al-ministro-puente","status":"publish","type":"post","link":"https:\/\/www.europesays.com\/es\/161643\/","title":{"rendered":"Feij\u00f3o defiende a un agitador ultra que persigue al ministro Puente"},"content":{"rendered":"<p class=\"article-text\">\n        Este martes se viv\u00eda un nuevo enfrentamiento entre un trabajador de un pseudomedio y un pol\u00edtico. El ministro de Transportes, \u00d3scar Puente, llegaba al Senado para participar en la sesi\u00f3n de control cuando Bertrand Ndongo, de Periodista Digital, y otra persona de EDATV le pon\u00edan delante los micr\u00f3fonos mientras le segu\u00edan hasta su entrada en la C\u00e1mara Alta.\n    <\/p>\n<p class=\"article-text\">\n        Puente sigui\u00f3 adelante sin contestar a las preguntas de ninguno, mientras Ndongo le cuestionaba sobre las recientes informaciones publicadas sobre los <a href=\"https:\/\/www.eldiario.es\/politica\/sobres-logo-psoe-abalos-billetes_129_12661121.html\" target=\"_blank\" data-mrf-recirculation=\"links-noticia\" class=\"link\" rel=\"nofollow noopener\">pagos en efectivos del PSOE<\/a>. El ministro, a pocos pasos de la entrada del Senado, alz\u00f3 una mano para indicar que le dejaran en paz y le pidi\u00f3 por favor al camerun\u00e9s que no le tocara.\n    <\/p>\n<p class=\"article-text\">\n        Ndongo insisti\u00f3 en mantener su micr\u00f3fono por delante de Puente y este reaccion\u00f3 apartando el aparato con su brazo y repitiendo: \u201cNo me toques\u201d. Poco despu\u00e9s, Ndongo sub\u00eda el v\u00eddeo del momento a la red social X y calificaba de \u201caut\u00e9ntico impresentable\u201d al ministro.\n    <\/p>\n<blockquote class=\"twitter-tweet\" data-lang=\"es\"><p><a href=\"https:\/\/twitter.com\/X\/status\/1975542798809194705?ref_src=twsrc%5Etfw\" rel=\"nofollow noopener\" target=\"_blank\"><\/p><\/blockquote>\n<p class=\"article-text\">\n        Horas despu\u00e9s, el presidente del Partido Popular se solidarizaba con Ndongo tambi\u00e9n desde su cuenta de X. \u201cSi un ministro de mi Gobierno trata as\u00ed a cualquier ciudadano le ceso de inmediato\u201d, public\u00f3 Feij\u00f3o. \u201cEducaci\u00f3n y cortes\u00eda es lo m\u00ednimo que se le puede pedir a un dirigente pol\u00edtico. Y m\u00e1s a\u00fan a una persona que ya ha demostrado ineficacia y torpeza\u201d, a\u00f1ad\u00eda.\n    <\/p>\n<p class=\"article-text\">\n        \u201cVamos a desterrar esta forma de actuar de la pol\u00edtica nacional. En la Espa\u00f1a que viene, ni Pedro S\u00e1nchez de presidente ni \u00d3scar Puente de ministro\u201d, conclu\u00eda el l\u00edder del PP.\n    <\/p>\n<p>    <a href=\"https:\/\/www.eldiario.es\/politica\/sobres-logo-psoe-abalos-billetes_129_12661121.html\" data-mrf-recirculation=\"saber-mas-abajo\" data-dl-event=\"saber-mas-abajo\" rel=\"nofollow noopener\" target=\"_blank\"><\/p>\n<p class=\"know-more__title\">Los sobres que eran tan secretos que llevaban el logo del PSOE, el nombre de \u00c1balos y los billetes asomando\n<\/p>\n<p>            <img decoding=\"async\" class=\"lazy\" loading=\"lazy\" data-src=\"https:\/\/static.eldiario.es\/clip\/2df9713e-e5c8-4a78-a504-9e4d69050f83_16-9-aspect-ratio_default_0.jpg\" src=\"data:image\/svg+xml,%3Csvg xmlns=\" http:=\"\" viewbox=\"0 0 880 495\" alt=\"Los sobres que eran tan secretos que llevaban el logo del PSOE, el nombre de \u00c1balos y los billetes asomando\"\/><\/p>\n<p>                        <\/a><\/p>\n<blockquote class=\"twitter-tweet\" data-lang=\"es\"><p><a href=\"https:\/\/twitter.com\/X\/status\/1975607340683469061?ref_src=twsrc%5Etfw\" rel=\"nofollow noopener\" target=\"_blank\"><\/p><\/blockquote>\n<p class=\"article-text\">\n        El ministro, muy activo en redes sociales, contest\u00f3 menos de una hora despu\u00e9s: \u201cQu\u00e9 vas a cesar t\u00fa, si no has sido capaz de cesar al que retozaba en el Ventorro mientras 229 personas se ahogaban, miserable. As\u00ed trat\u00e1is vosotros a la gente. Yo lo que no hago es dejarme avasallar por tus fascistas a sueldo\u201d.\n    <\/p>\n<blockquote class=\"twitter-tweet\" data-lang=\"es\"><p><a href=\"https:\/\/twitter.com\/X\/status\/1975620440543633425?ref_src=twsrc%5Etfw\" rel=\"nofollow noopener\" target=\"_blank\"><\/p><\/blockquote>\n<p class=\"text\">\n        En alg\u00fan lugar hay algo que necesitas leer.\n    <\/p>\n<p>            <script async src=\"https:\/\/platform.twitter.com\/widgets.js\" charset=\"utf-8\"><\/script><\/p>\n","protected":false},"excerpt":{"rendered":"Este martes se viv\u00eda un nuevo enfrentamiento entre un trabajador de un pseudomedio y un pol\u00edtico. El ministro&hellip;\n","protected":false},"author":2,"featured_media":161644,"comment_status":"","ping_status":"","sticky":false,"template":"","format":"standard","meta":{"footnotes":""},"categories":[5],"tags":[47916,17,18,5443,25,24,13,14,9860,11,19,20,7459,9,10,15,16,17764,2497,23,12,21,22,5765],"class_list":{"0":"post-161643","1":"post","2":"type-post","3":"status-publish","4":"format-standard","5":"has-post-thumbnail","7":"category-titulares","8":"tag-agitador","9":"tag-breaking-news","10":"tag-breakingnews","11":"tag-defiende","12":"tag-es","13":"tag-espana","14":"tag-featured-news","15":"tag-featurednews","16":"tag-feijoo","17":"tag-headlines","18":"tag-latest-news","19":"tag-latestnews","20":"tag-ministro","21":"tag-news","22":"tag-noticias","23":"tag-noticias-destacadas","24":"tag-noticiasdestacadas","25":"tag-persigue","26":"tag-puente","27":"tag-spain","28":"tag-titulares","29":"tag-ultimas-noticias","30":"tag-ultimasnoticias","31":"tag-ultra"},"share_on_mastodon":{"url":"","error":""},"_links":{"self":[{"href":"https:\/\/www.europesays.com\/es\/wp-json\/wp\/v2\/posts\/161643","targetHints":{"allow":["GET"]}}],"collection":[{"href":"https:\/\/www.europesays.com\/es\/wp-json\/wp\/v2\/posts"}],"about":[{"href":"https:\/\/www.europesays.com\/es\/wp-json\/wp\/v2\/types\/post"}],"author":[{"embeddable":true,"href":"https:\/\/www.europesays.com\/es\/wp-json\/wp\/v2\/users\/2"}],"replies":[{"embeddable":true,"href":"https:\/\/www.europesays.com\/es\/wp-json\/wp\/v2\/comments?post=161643"}],"version-history":[{"count":0,"href":"https:\/\/www.europesays.com\/es\/wp-json\/wp\/v2\/posts\/161643\/revisions"}],"wp:featuredmedia":[{"embeddable":true,"href":"https:\/\/www.europesays.com\/es\/wp-json\/wp\/v2\/media\/161644"}],"wp:attachment":[{"href":"https:\/\/www.europesays.com\/es\/wp-json\/wp\/v2\/media?parent=161643"}],"wp:term":[{"taxonomy":"category","embeddable":true,"href":"https:\/\/www.europesays.com\/es\/wp-json\/wp\/v2\/categories?post=161643"},{"taxonomy":"post_tag","embeddable":true,"href":"https:\/\/www.europesays.com\/es\/wp-json\/wp\/v2\/tags?post=161643"}],"curies":[{"name":"wp","href":"https:\/\/api.w.org\/{rel}","templated":true}]}}