{"id":161651,"date":"2025-10-07T23:29:11","date_gmt":"2025-10-07T23:29:11","guid":{"rendered":"https:\/\/www.europesays.com\/es\/161651\/"},"modified":"2025-10-07T23:29:11","modified_gmt":"2025-10-07T23:29:11","slug":"festival-del-joventut-en-su-estreno-en-la-bcl","status":"publish","type":"post","link":"https:\/\/www.europesays.com\/es\/161651\/","title":{"rendered":"Festival del Joventut en su estreno en la BCL"},"content":{"rendered":"<p class=\"ft-text\"><strong>Fiesta completa<\/strong> en el Ol\u00edmpic de Badalona con el<strong> <\/strong><a class=\"ft-link ft-link--decoration\" href=\"https:\/\/www.sport.es\/es\/baloncesto\/\" rel=\"nofollow noopener\" target=\"_blank\"><strong>debut del Joventut en la BCL.<\/strong><\/a>Los verdinegros no tuvieron piedad del <strong>Cholet<\/strong> franc\u00e9s, al que <strong>derrotaron por 18 puntos de diferencia (91-73)<\/strong> en la jornada inaugural de la competici\u00f3n de la FIBA, a la que la Penya se ha pasado este curso dejando atr\u00e1s a\u00f1os de participaci\u00f3n en la Eurocup de la Euroliga.<\/p>\n<p><img decoding=\"async\" src=\"https:\/\/www.europesays.com\/es\/wp-content\/uploads\/2025\/10\/joventut-4f7add7.png\" width=\"35\" height=\"35\" alt=\"JOVENTUT, 91\" class=\"ft-mol-dataSheed__image\" loading=\"lazy\"\/><\/p>\n<p class=\"ft-text\">JOV<\/p>\n<p>91<\/p>\n<p>73<\/p>\n<p><img decoding=\"async\" src=\"https:\/\/www.europesays.com\/es\/wp-content\/uploads\/2025\/10\/cholet-basket.png\" width=\"35\" height=\"35\" alt=\"CHOLET, 73\" class=\"ft-mol-dataSheed__image\" loading=\"lazy\"\/><\/p>\n<p class=\"ft-text\">CHO<\/p>\n<p>Alineaciones<\/p>\n<tr\/>\n<tr class=\"ft-mol-dataSheed__equipPlayers\">\n<td>(29+24+21+17): Hakanson (12), Hunt (14), Kraag (2), Dekker (13), Tomic (14) -cinco inicial-; Drell (9), Rubio (5), Vives (5), Allen (1), Birgander (8) y Hanga (8).<\/td>\n<\/tr>\n<tr class=\"ft-mol-dataSheed__equipPlayers\"><\/tr>\n<tr\/>\n<tr class=\"ft-mol-dataSheed__equipPlayers\">\n<td>(17+18+20+18): Campbell (4), Ayayi (14), McNeace (12), Kountz (8), Diarra (3) -cinco inicial-; Diawara (-), De Sousa (10), Wahab (6), Agbo (9) y Towo-Nansi (7).<\/td>\n<\/tr>\n<tr class=\"ft-mol-dataSheed__equipPlayers\"><\/tr>\n<p class=\"ft-text\"><strong>Ante Tomic y Cameron Hunt, con 14 puntos cada uno,<\/strong> fueron los m\u00e1ximos anotadores en el bando local, mientras que <strong>Gerald Ayayi<\/strong> tambi\u00e9n aport\u00f3 14 tantos para los visitantes. El partido no tuvo mucha historia, y los jugadores de <strong>Dani Miret <\/strong>ya demostraron su superioridad respecto al cuadro galo desde los primeros minutos.<\/p>\n<p>Ricky y Tomic ya dejaron detalles de su calidad<\/p>\n<p class=\"ft-text\"><strong>Ricky Rubio, Ante Tomic o Adam Hanga<\/strong> disputaron por primera vez en sus carreras un partido de BCL, y el base de El Masnou ya dej\u00f3 una jugada de fantas\u00eda junto al p\u00edvot croata, que culmin\u00f3 el estonio <strong>Henri Drell<\/strong> con un buen aro pasado.<\/p>\n<p class=\"ft-text\">Se divirti\u00f3 mucho el Joventut en una primera mitad que cerr\u00f3 con un <strong>53-35 favorable.<\/strong> Los franceses encajaban y encajaban puntos sin saber por donde les llov\u00eda, y en el inicio del tercer cuarto empezaron a subir su tono f\u00edsico, con m\u00e1s <strong>&#8216;caricias&#8217;<\/strong> hacia los jugadores verdinegros que los \u00e1rbitros no sancionaban con personales.<\/p>\n<p>Tres t\u00e9cnicas pr\u00e1cticamente consecutivas para la Penya<\/p>\n<p class=\"ft-text\"><strong>Y la Penya se desquici\u00f3, recibiendo tres t\u00e9cnicas por protestar pr\u00e1cticamente consecutivas<\/strong> que situaron a los de <strong>Fabrice Lefran\u00e7ois<\/strong> a tan solo 11 puntos (53-42).<\/p>\n<p class=\"ft-text\">Pero el Joventut supo regresar al partido bien liderado por<strong> Cameron Hunt,<\/strong> y puso la directa para cerrar el tercer asalto con un 74-55 que dejaba el triunfo pr\u00e1cticamente sellado.<\/p>\n<p><img decoding=\"async\" src=\"https:\/\/www.europesays.com\/es\/wp-content\/uploads\/2025\/10\/53cf40cf-d5ca-466c-92e7-f4eaf4f1d89c_alta-libre-aspect-ratio_default_0.jpg\" width=\"1200\" height=\"675\" alt=\"Ricky Rubio charla con uno de los \u00e1rbitros del partido continental ante el Cholet\" class=\"ft-helper-img-rd\" loading=\"lazy\" hasdataaida=\"true\"\/><\/p>\n<p class=\"ft-helper-fontColor-quaternary ft-helper-fontSize-body-S ft-helper-spacer-t-xxs\">Ricky Rubio charla con uno de los \u00e1rbitros del partido continental ante el Cholet  \/ FIBA<\/p>\n<p class=\"ft-text\">Los badaloneses siguieron completando un partido muy serio y <strong>no levantaron el pie del acelerador<\/strong> en el \u00faltimo cuarto, sabiendo que el gran objetivo en esta fase de grupos, m\u00e1s all\u00e1 de lograr el billete para las eliminatorias, es tratar de finalizar en <strong>primera posici\u00f3n<\/strong> y acceder directamente a los octavos, evitando el Play-In previo.<\/p>\n<p class=\"ft-text\">Finalmente,<strong> la victoria se qued\u00f3 en casa (91-73),<\/strong> y la acci\u00f3n volver\u00e1 al Ol\u00edmpic el pr\u00f3ximo domingo (12h CET) con la visita del <strong>Casademont Zaragoza, <\/strong>antes de viajar la pr\u00f3xima semana a Hungr\u00eda para medirse al <strong>Hapoel Holon.<\/strong><\/p>\n","protected":false},"excerpt":{"rendered":"Fiesta completa en el Ol\u00edmpic de Badalona con el debut del Joventut en la BCL.Los verdinegros no tuvieron&hellip;\n","protected":false},"author":2,"featured_media":161652,"comment_status":"","ping_status":"","sticky":false,"template":"","format":"standard","meta":{"footnotes":""},"categories":[269],"tags":[299,298,23271,11681,47917,168,25,24,4079,23,167],"class_list":{"0":"post-161651","1":"post","2":"type-post","3":"status-publish","4":"format-standard","5":"has-post-thumbnail","7":"category-baloncesto","8":"tag-baloncesto","9":"tag-basketball","10":"tag-bcl","11":"tag-champions","12":"tag-cholet","13":"tag-deportes","14":"tag-es","15":"tag-espana","16":"tag-joventut","17":"tag-spain","18":"tag-sports"},"share_on_mastodon":{"url":"","error":""},"_links":{"self":[{"href":"https:\/\/www.europesays.com\/es\/wp-json\/wp\/v2\/posts\/161651","targetHints":{"allow":["GET"]}}],"collection":[{"href":"https:\/\/www.europesays.com\/es\/wp-json\/wp\/v2\/posts"}],"about":[{"href":"https:\/\/www.europesays.com\/es\/wp-json\/wp\/v2\/types\/post"}],"author":[{"embeddable":true,"href":"https:\/\/www.europesays.com\/es\/wp-json\/wp\/v2\/users\/2"}],"replies":[{"embeddable":true,"href":"https:\/\/www.europesays.com\/es\/wp-json\/wp\/v2\/comments?post=161651"}],"version-history":[{"count":0,"href":"https:\/\/www.europesays.com\/es\/wp-json\/wp\/v2\/posts\/161651\/revisions"}],"wp:featuredmedia":[{"embeddable":true,"href":"https:\/\/www.europesays.com\/es\/wp-json\/wp\/v2\/media\/161652"}],"wp:attachment":[{"href":"https:\/\/www.europesays.com\/es\/wp-json\/wp\/v2\/media?parent=161651"}],"wp:term":[{"taxonomy":"category","embeddable":true,"href":"https:\/\/www.europesays.com\/es\/wp-json\/wp\/v2\/categories?post=161651"},{"taxonomy":"post_tag","embeddable":true,"href":"https:\/\/www.europesays.com\/es\/wp-json\/wp\/v2\/tags?post=161651"}],"curies":[{"name":"wp","href":"https:\/\/api.w.org\/{rel}","templated":true}]}}