{"id":161657,"date":"2025-10-07T23:32:07","date_gmt":"2025-10-07T23:32:07","guid":{"rendered":"https:\/\/www.europesays.com\/es\/161657\/"},"modified":"2025-10-07T23:32:07","modified_gmt":"2025-10-07T23:32:07","slug":"un-escultor-clandestino-incrusta-una-abeja-de-piedra-en-una-fachada-del-pilar-de-zaragoza","status":"publish","type":"post","link":"https:\/\/www.europesays.com\/es\/161657\/","title":{"rendered":"Un escultor clandestino incrusta una abeja de piedra en una fachada del Pilar de Zaragoza"},"content":{"rendered":"<p class=\"c-paragraph\">\u00bfHa intervenido el escultor clandestino que el a\u00f1o pasado coloc\u00f3 l\u00e1pidas con inscripciones en el exterior de la Seo y del Seminario de San Carlos de Zaragoza ahora en la bas\u00edlica del Pilar de Zaragoza? Eso se plantean en este momento en la prensa local, tras hacerse viral la aparici\u00f3n de\u00a0una abeja de unos 20 cent\u00edmetros de longitud esculpida en piedra bajo una de las ventanas. Habr\u00eda sido fotografiado ahora, aunque\u00a0puede llevar all\u00ed meses o a\u00f1os sin que nadie lo haya advertido, dice el <a href=\"https:\/\/www.heraldo.es\/noticias\/ocio-y-cultura\/2025\/10\/07\/escultor-clandestino-incrusta-abeja-fachad-pilar-zaragoza-1859733.html\" rel=\"nofollow noreferrer noopener\" target=\"_blank\">Heraldo de Arag\u00f3n<\/a>.<\/p>\n<p class=\"c-paragraph\">El <a href=\"https:\/\/www.heraldo.es\/noticias\/ocio-y-cultura\/2025\/10\/07\/escultor-clandestino-incrusta-abeja-fachad-pilar-zaragoza-1859733.html\" rel=\"noreferrer nofollow noopener\" target=\"_blank\">diario aragon\u00e9s<\/a> dice que<b> la abeja ha sido localizada en la fachada del Pilar menos vigilada y fotografiada de todas,<\/b> la que da a la calle de Florencio Jardiel. \u00abEs una v\u00eda corta, sin apenas m\u00e1s tr\u00e1nsito que el propio del Colegio Escolan\u00eda de Infantes\u00bb. Tambi\u00e9n dice que si bien todas las fachadas del Pilar est\u00e1n recorridas por un z\u00f3calo con molduras de piedra, y bajo la ventana central de la fachada de Florencio Jardiel, hace falta \u00abun ojo atento\u00bb para\u00a0descubrir la figura de la abeja de piedra. Adem\u00e1s est\u00e1 \u00absola, no hay nada igual en todo el per\u00edmetro del templo\u00bb. \u00abY descentrada, lo que sorprende en un edificio como el Pilar, donde todo es simetr\u00eda\u00bb.\u00a0\u00a0<\/p>\n<p class=\"c-paragraph\">La abeja est\u00e1 encastrada en la moldura con cemento gris oscuro, mientras que en la \u00faltima rehabilitaci\u00f3n se us\u00f3\u00a0<b>mortero de cal\u00a0<\/b>claro, \u00abde un color arena apagado\u00bb. Si la abeja hubiera estado all\u00ed cuando se restaur\u00f3 esa fachada, sus junturas ser\u00edan de mortero de cal, se\u00f1alan. Por ello la prensa se\u00f1ala que todo apunta \u00aba que el autor de la escultura no actu\u00f3 con permiso del Cabildo\u00bb.<\/p>\n<p class=\"c-paragraph\">Heraldo de Arag\u00f3n ha comprobado adem\u00e1s que en la imagen de Street View de Google tomada en septiembre de 2015, en el punto en el que se ve la abeja hay un hueco. Por tanto concluye que habr\u00eda sido\u00a0<b>colocada all\u00ed \u00aben alg\u00fan momento de los \u00faltimos 10 a\u00f1os\u00bb.<\/b><\/p>\n","protected":false},"excerpt":{"rendered":"\u00bfHa intervenido el escultor clandestino que el a\u00f1o pasado coloc\u00f3 l\u00e1pidas con inscripciones en el exterior de la&hellip;\n","protected":false},"author":2,"featured_media":161658,"comment_status":"","ping_status":"","sticky":false,"template":"","format":"standard","meta":{"footnotes":""},"categories":[173],"tags":[229,233,231,230,16349,232,234,146,147,25,14397,24,47921,23,16743,20877],"class_list":{"0":"post-161657","1":"post","2":"type-post","3":"status-publish","4":"format-standard","5":"has-post-thumbnail","7":"category-arte-y-diseno","8":"tag-arte","9":"tag-arte-y-diseno","10":"tag-arts","11":"tag-arts-and-design","12":"tag-clandestino","13":"tag-design","14":"tag-diseno","15":"tag-entertainment","16":"tag-entretenimiento","17":"tag-es","18":"tag-escultor","19":"tag-espana","20":"tag-incrusta","21":"tag-spain","22":"tag-un","23":"tag-una"},"share_on_mastodon":{"url":"","error":""},"_links":{"self":[{"href":"https:\/\/www.europesays.com\/es\/wp-json\/wp\/v2\/posts\/161657","targetHints":{"allow":["GET"]}}],"collection":[{"href":"https:\/\/www.europesays.com\/es\/wp-json\/wp\/v2\/posts"}],"about":[{"href":"https:\/\/www.europesays.com\/es\/wp-json\/wp\/v2\/types\/post"}],"author":[{"embeddable":true,"href":"https:\/\/www.europesays.com\/es\/wp-json\/wp\/v2\/users\/2"}],"replies":[{"embeddable":true,"href":"https:\/\/www.europesays.com\/es\/wp-json\/wp\/v2\/comments?post=161657"}],"version-history":[{"count":0,"href":"https:\/\/www.europesays.com\/es\/wp-json\/wp\/v2\/posts\/161657\/revisions"}],"wp:featuredmedia":[{"embeddable":true,"href":"https:\/\/www.europesays.com\/es\/wp-json\/wp\/v2\/media\/161658"}],"wp:attachment":[{"href":"https:\/\/www.europesays.com\/es\/wp-json\/wp\/v2\/media?parent=161657"}],"wp:term":[{"taxonomy":"category","embeddable":true,"href":"https:\/\/www.europesays.com\/es\/wp-json\/wp\/v2\/categories?post=161657"},{"taxonomy":"post_tag","embeddable":true,"href":"https:\/\/www.europesays.com\/es\/wp-json\/wp\/v2\/tags?post=161657"}],"curies":[{"name":"wp","href":"https:\/\/api.w.org\/{rel}","templated":true}]}}