{"id":161659,"date":"2025-10-07T23:33:17","date_gmt":"2025-10-07T23:33:17","guid":{"rendered":"https:\/\/www.europesays.com\/es\/161659\/"},"modified":"2025-10-07T23:33:17","modified_gmt":"2025-10-07T23:33:17","slug":"este-lector-kindle-esta-en-oferta-en-amazon-y-no-es-exclusivo-de-la-fiesta-de-ofertas-prime","status":"publish","type":"post","link":"https:\/\/www.europesays.com\/es\/161659\/","title":{"rendered":"Este lector Kindle est\u00e1 en oferta en Amazon y no es exclusivo de la Fiesta de Ofertas Prime"},"content":{"rendered":"<p>El <a href=\"https:\/\/www.xataka.com\/black-friday\" rel=\"nofollow noopener\" target=\"_blank\">Black Friday<\/a> est\u00e1 a la vuelta de la esquina, en lo que esperamos sea un a\u00f1o m\u00e1s la mayor campa\u00f1a de rebajas de 2025. Sin embargo, <strong>no hace falta esperar hasta finales de noviembre<\/strong> para ahorrarnos un pellizco en la compra de, por ejemplo, un lector electr\u00f3nico s\u00faper ventas, como es el Kindle b\u00e1sico: ya est\u00e1 rebajado a s\u00f3lo <a rel=\"nofollow, sponsored, noopener, noreferrer\" target=\"_blank\" class=\"js-ecommerce\" id=\"link-ecommerce-1\" href=\"https:\/\/www.xataka.com\/redirect?url=https%3A%2F%2Fwww.mediamarkt.es%2Fes%2Fproduct%2F_ebook-amazon-kindle-2024-6-hd-300ppp-16-gb-memoria-8-semanas-autonomia-usb-c-black-1581505.html&amp;category=seleccion&amp;ecomPostExpiration=perish&amp;postId=325386\" data-vars-affiliate-url=\"https:\/\/www.mediamarkt.es\/es\/product\/_ebook-amazon-kindle-2024-6-hd-300ppp-16-gb-memoria-8-semanas-autonomia-usb-c-black-1581505.html\">98,35 euros<\/a>.<\/p>\n<p> <a rel=\"nofollow, sponsored, noopener, noreferrer\" target=\"_blank\" href=\"https:\/\/www.xataka.com\/redirect?site=xataka&amp;url=https%3A%2F%2Fwww.mediamarkt.es%2Fes%2Fproduct%2F_ebook-amazon-kindle-2024-6-hd-300ppp-16-gb-memoria-8-semanas-autonomia-usb-c-black-1581505.html&amp;affiliate_id=&amp;ecomPostExpiration=perish&amp;postId=325386\"><br \/>\n     <img loading=\"lazy\" decoding=\"async\" src=\"https:\/\/www.europesays.com\/es\/wp-content\/uploads\/2025\/10\/1759879996_895_original.jpeg\" alt=\"Amazon Kindle (16 GB) \" width=\"500\" height=\"500\"\/><br \/>\n   <\/a><\/p>\n<p>El precio podr\u00eda variar. Obtenemos comisi\u00f3n por estos enlaces<\/p>\n<p>Disponible a precio rebajado en sus dos colores: negro y verde<\/p>\n<p>                    <a rel=\"nofollow, sponsored, noopener, noreferrer\" target=\"_blank\" class=\"js-ecommerce\" id=\"link-ecommerce-2\" href=\"https:\/\/www.xataka.com\/redirect?url=https%3A%2F%2Fwww.mediamarkt.es%2Fes%2Fproduct%2F_ebook-amazon-kindle-2024-6-hd-300ppp-16-gb-memoria-8-semanas-autonomia-usb-c-black-1581505.html&amp;category=seleccion&amp;ecomPostExpiration=perish&amp;postId=325386\" data-vars-affiliate-url=\"https:\/\/www.mediamarkt.es\/es\/product\/_ebook-amazon-kindle-2024-6-hd-300ppp-16-gb-memoria-8-semanas-autonomia-usb-c-black-1581505.html\"><br \/>\n         <img class=\"centro_sinmarco\" height=\"512\" width=\"795\" loading=\"lazy\" decoding=\"async\"  fetchpriority=\"high\"  src=\"https:\/\/www.europesays.com\/es\/wp-content\/uploads\/2025\/10\/1759879996_549_450_1000.jpeg\" alt=\"Oferta00\"\/><\/p>\n<p>     <\/a><\/p>\n<p>Antes del Black Friday llega la <a class=\"text-outboundlink\" href=\"https:\/\/www.compradiccion.com\/eventos\/fiesta-ofertas-prime-2025-espana-que-cuando-a-que-hora-empieza-quien-puede-beneficiarse\" data-vars-post-title=\"Fiesta de Ofertas Prime 2025 en Espa\u00f1a: qu\u00e9 es, cu\u00e1ndo es, a qu\u00e9 hora empieza y qui\u00e9n puede beneficiarse \" data-vars-post-url=\"https:\/\/www.compradiccion.com\/eventos\/fiesta-ofertas-prime-2025-espana-que-cuando-a-que-hora-empieza-quien-puede-beneficiarse\" rel=\"nofollow noopener\" target=\"_blank\">Fiesta de Ofertas Prime a Amazon<\/a>. Ma\u00f1ana mismo, de hecho, con dos jornadas de rebajas para suscriptores del servicio Prime. Pero incluso antes, desde anoche y hasta ma\u00f1ana a primera hora, MediaMarkt est\u00e1 celebrando su <a rel=\"nofollow, sponsored, noopener, noreferrer\" target=\"_blank\" class=\"js-ecommerce\" id=\"link-ecommerce-3\" href=\"https:\/\/www.xataka.com\/redirect?url=https%3A%2F%2Fwww.mediamarkt.es%2Fes%2Fcampaign%2Fdia-sin-iva&amp;category=seleccion&amp;ecomPostExpiration=perish&amp;postId=325386\" data-vars-affiliate-url=\"https:\/\/www.mediamarkt.es\/es\/campaign\/dia-sin-iva\">D\u00eda sin IVA<\/a>. Y tanto en una tienda como en otra, <strong>el Kindle b\u00e1sico est\u00e1 ahora rebajado<\/strong> a esos <a rel=\"nofollow, sponsored, noopener, noreferrer\" target=\"_blank\" class=\"js-ecommerce\" id=\"link-ecommerce-4\" href=\"https:\/\/www.xataka.com\/redirect?url=https%3A%2F%2Fwww.mediamarkt.es%2Fes%2Fproduct%2F_ebook-amazon-kindle-2024-6-hd-300ppp-16-gb-memoria-8-semanas-autonomia-usb-c-black-1581505.html&amp;category=seleccion&amp;ecomPostExpiration=perish&amp;postId=325386\" data-vars-affiliate-url=\"https:\/\/www.mediamarkt.es\/es\/product\/_ebook-amazon-kindle-2024-6-hd-300ppp-16-gb-memoria-8-semanas-autonomia-usb-c-black-1581505.html\">98,35 euros<\/a>.<\/p>\n<p>Con un PVP de en torno a los 120 euros y un descuento de algo m\u00e1s de 20 euros, el Kindle m\u00e1s barato tiene ahora una relaci\u00f3n calidad precio incluso mejor, posicion\u00e1ndose como <strong>la mejor opci\u00f3n de compra<\/strong> si buscamos un <a class=\"text-outboundlink\" href=\"https:\/\/www.xataka.com\/seleccion\/que-kindle-comprar-guia-compra-recomendaciones-para-acertar-lectores-libros-electronicos-amazon\" data-vars-post-title=\"Qu\u00e9 Kindle comprar: gu\u00eda de compra con recomendaciones para acertar con los lectores de libros electr\u00f3nicos de Amazon\" data-vars-post-url=\"https:\/\/www.xataka.com\/seleccion\/que-kindle-comprar-guia-compra-recomendaciones-para-acertar-lectores-libros-electronicos-amazon\" rel=\"nofollow noopener\" target=\"_blank\">lector Kindle<\/a> pero no queremos gastar demasiado.<\/p>\n<p>Si no necesitamos una <a class=\"text-outboundlink\" href=\"https:\/\/www.xataka.com\/seleccion\/kindle-colorsoft-vs-kindle-paperwhite-que-ereader-elegir-tus-gustos-necesidades\" data-vars-post-title=\"Kindle Colorsoft Vs Kindle Paperwhite. Qu\u00e9 eReader elegir seg\u00fan tus gustos o necesidades \" data-vars-post-url=\"https:\/\/www.xataka.com\/seleccion\/kindle-colorsoft-vs-kindle-paperwhite-que-ereader-elegir-tus-gustos-necesidades\" rel=\"nofollow noopener\" target=\"_blank\">pantalla a color o carga inal\u00e1mbrica<\/a>, con este Kindle b\u00e1sico tendremos m\u00e1s que suficiente. Cuenta con un panel de 6 pulgadas a 300 ppp, retroiluminaci\u00f3n para leer a oscuras, 16 GB donde caben cientos de libros y una autonom\u00eda de semanas con una sola carga a trav\u00e9s de su puerto USB tipo C. <strong>Un lector b\u00e1sico pero muy completo<\/strong> para lo que cuesta.<\/p>\n<p>    <a href=\"https:\/\/www.xataka.com\/seleccion\/cinco-mejores-ofertas-tecnologia-durante-dia-iva-mediamarkt-hoy-6-octubre\" class=\"pivot-outboundlink\" data-vars-post-title=\"Cinco de las mejores ofertas en tecnolog\u00eda durante el D\u00eda sin IVA de MediaMarkt, hoy 6 de octubre \" rel=\"nofollow noopener\" target=\"_blank\"><br \/>\n     <img loading=\"lazy\" decoding=\"async\" alt=\"Cinco de las mejores ofertas en tecnolog\u00eda durante el D\u00eda sin IVA de MediaMarkt, hoy 6 de octubre \" width=\"375\" height=\"142\" src=\"https:\/\/www.europesays.com\/es\/wp-content\/uploads\/2025\/10\/1759879996_309_375_142.jpeg\"\/><br \/>\n    <\/a><\/p>\n<p>Tambi\u00e9n te puede interesar<\/p>\n<p> <a rel=\"nofollow, sponsored, noopener, noreferrer\" target=\"_blank\" href=\"https:\/\/www.xataka.com\/redirect?site=xataka&amp;url=https%3A%2F%2Fwww.amazon.es%2Fdp%2FB0CX8MQF7R%3Ftag%3Dxataka-21%26linkCode%3Dogi%26th%3D1%26psc%3D1&amp;affiliate_id=&amp;ecomPostExpiration=perish&amp;postId=325386\"><br \/>\n     <img loading=\"lazy\" decoding=\"async\" src=\"https:\/\/www.europesays.com\/es\/wp-content\/uploads\/2025\/10\/1759879997_476_original.jpeg\" alt=\"Nuevo Amazon Kindle Colorsoft \" width=\"500\" height=\"500\"\/><br \/>\n   <\/a><\/p>\n<p class=\"pivot-ecommerce-desc\">Nuevo Amazon Kindle Colorsoft <\/p>\n<p>El precio podr\u00eda variar. Obtenemos comisi\u00f3n por estos enlaces<\/p>\n<p> <a rel=\"nofollow, sponsored, noopener, noreferrer\" target=\"_blank\" href=\"https:\/\/www.xataka.com\/redirect?site=xataka&amp;url=https%3A%2F%2Fwww.amazon.es%2Fdp%2FB0CZB73S5L%3Ftag%3Dxataka-21%26linkCode%3Dogi%26th%3D1%26psc%3D1&amp;affiliate_id=&amp;ecomPostExpiration=perish&amp;postId=325386\"><br \/>\n     <img loading=\"lazy\" decoding=\"async\" src=\"https:\/\/www.europesays.com\/es\/wp-content\/uploads\/2025\/10\/1759879997_376_original.jpeg\" alt=\"Amazon Kindle Scribe (32 GB) \" width=\"500\" height=\"500\"\/><br \/>\n   <\/a><\/p>\n<p class=\"pivot-ecommerce-desc\">Amazon Kindle Scribe (32 GB) <\/p>\n<p>El precio podr\u00eda variar. Obtenemos comisi\u00f3n por estos enlaces<\/p>\n<p>Algunos de los enlaces de este art\u00edculo son afiliados y pueden reportar un beneficio a Xataka. En caso de no disponibilidad, las ofertas pueden variar.<\/p>\n<p>Im\u00e1genes | Amazon<\/p>\n<p>En Xataka | <a class=\"text-outboundlink\" href=\"https:\/\/www.xataka.com\/seleccion\/que-libro-electronico-comprar-guia-compra-ebook-recomendaciones-11-modelos-destacados\" data-vars-post-title=\"Mejores libros electr\u00f3nicos. Qu\u00e9 eBook comprar y 11 modelos recomendados\" data-vars-post-url=\"https:\/\/www.xataka.com\/seleccion\/que-libro-electronico-comprar-guia-compra-ebook-recomendaciones-11-modelos-destacados\" rel=\"nofollow noopener\" target=\"_blank\">Mejores libros electr\u00f3nicos. Cu\u00e1l comprar y nueve modelos recomendados<\/a><\/p>\n<p>En Xataka | <a class=\"text-outboundlink\" href=\"https:\/\/www.xataka.com\/seleccion\/kindle-colorsoft-vs-kobo-libra-colour-que-ereader-pantalla-a-color-elegir-tus-gustos-necesidades\" data-vars-post-title=\"Kindle Colorsoft Vs Kobo Libra Colour. Qu\u00e9 eReader con pantalla a color elegir seg\u00fan tus gustos y necesidades\" data-vars-post-url=\"https:\/\/www.xataka.com\/seleccion\/kindle-colorsoft-vs-kobo-libra-colour-que-ereader-pantalla-a-color-elegir-tus-gustos-necesidades\" rel=\"nofollow noopener\" target=\"_blank\">Kindle Colorsoft Vs Kobo Libra Colour. Qu\u00e9 eReader con pantalla a color elegir seg\u00fan tus gustos y necesidades<\/a><\/p>\n","protected":false},"excerpt":{"rendered":"El Black Friday est\u00e1 a la vuelta de la esquina, en lo que esperamos sea un a\u00f1o m\u00e1s&hellip;\n","protected":false},"author":2,"featured_media":161660,"comment_status":"","ping_status":"","sticky":false,"template":"","format":"standard","meta":{"footnotes":""},"categories":[172],"tags":[224,146,147,25,24,225,23],"class_list":{"0":"post-161659","1":"post","2":"type-post","3":"status-publish","4":"format-standard","5":"has-post-thumbnail","7":"category-libros","8":"tag-books","9":"tag-entertainment","10":"tag-entretenimiento","11":"tag-es","12":"tag-espana","13":"tag-libros","14":"tag-spain"},"share_on_mastodon":{"url":"","error":""},"_links":{"self":[{"href":"https:\/\/www.europesays.com\/es\/wp-json\/wp\/v2\/posts\/161659","targetHints":{"allow":["GET"]}}],"collection":[{"href":"https:\/\/www.europesays.com\/es\/wp-json\/wp\/v2\/posts"}],"about":[{"href":"https:\/\/www.europesays.com\/es\/wp-json\/wp\/v2\/types\/post"}],"author":[{"embeddable":true,"href":"https:\/\/www.europesays.com\/es\/wp-json\/wp\/v2\/users\/2"}],"replies":[{"embeddable":true,"href":"https:\/\/www.europesays.com\/es\/wp-json\/wp\/v2\/comments?post=161659"}],"version-history":[{"count":0,"href":"https:\/\/www.europesays.com\/es\/wp-json\/wp\/v2\/posts\/161659\/revisions"}],"wp:featuredmedia":[{"embeddable":true,"href":"https:\/\/www.europesays.com\/es\/wp-json\/wp\/v2\/media\/161660"}],"wp:attachment":[{"href":"https:\/\/www.europesays.com\/es\/wp-json\/wp\/v2\/media?parent=161659"}],"wp:term":[{"taxonomy":"category","embeddable":true,"href":"https:\/\/www.europesays.com\/es\/wp-json\/wp\/v2\/categories?post=161659"},{"taxonomy":"post_tag","embeddable":true,"href":"https:\/\/www.europesays.com\/es\/wp-json\/wp\/v2\/tags?post=161659"}],"curies":[{"name":"wp","href":"https:\/\/api.w.org\/{rel}","templated":true}]}}