{"id":161686,"date":"2025-10-07T23:47:07","date_gmt":"2025-10-07T23:47:07","guid":{"rendered":"https:\/\/www.europesays.com\/es\/161686\/"},"modified":"2025-10-07T23:47:07","modified_gmt":"2025-10-07T23:47:07","slug":"mcgregor-estrella-de-la-ufc-suspendido-18-meses-por-faltar-a-controles-antidopaje","status":"publish","type":"post","link":"https:\/\/www.europesays.com\/es\/161686\/","title":{"rendered":"McGregor, estrella de la UFC, suspendido 18 meses por faltar a controles antidopaje"},"content":{"rendered":"\n<p class=\"p_0\">Conor McGregor, estrella de las artes marciales mixtas, recibi\u00f3 una suspensi\u00f3n de 18 meses tras no presentarse a tres pruebas de detecci\u00f3n de drogas en un periodo de un a\u00f1o, informaron este martes las autoridades antidopaje.<\/p>\n<p class=\"p_1\">La agencia Combat Sports Anti-Doping (CSAD) estableci\u00f3 el inicio de la suspensi\u00f3n desde septiembre de 2024, por lo que el controvertido luchador irland\u00e9s de 37 a\u00f1os podr\u00e1 volver a pelear el 20 de marzo de 2026.<\/p>\n<p class=\"p_2\">En un principio lo hab\u00eda castigado con dos a\u00f1os de sanci\u00f3n, pero finalmente redujo la punici\u00f3n.<\/p>\n<p class=\"p_3\">McGregor, excampe\u00f3n de peso pluma y peso ligero del Ultimate Fighting Championship (UFC), acept\u00f3 la suspensi\u00f3n, indic\u00f3 CSAD en un comunicado.<\/p>\n<p class=\"p_4\">La entidad afirma que el irland\u00e9s, uno de los luchadores m\u00e1s populares y rentables de la UFC, no se present\u00f3 a las pruebas del 13 de junio ni del 19 y el 20 de septiembre de 2024, e incumpli\u00f3 con ello los protocolos antidopaje de \u00ablocalizaci\u00f3n\u00bb.<\/p>\n<p class=\"p_5\">La agencia afirm\u00f3 que el luchador cooper\u00f3 con la investigaci\u00f3n, acept\u00f3 la responsabilidad y proporcion\u00f3 informaci\u00f3n para explicar su ausencia en las pruebas.<\/p>\n<p class=\"p_6\">\u00abPese a esos factores atenuantes, la CSAD enfatiza que la informaci\u00f3n precisa sobre el paradero y la capacidad de realizar pruebas sin previo aviso son esenciales para el \u00e9xito del protocolo antidopaje de la UFC\u00bb, declar\u00f3.<\/p>\n<p class=\"p_7\">La ventana de suspensi\u00f3n le permitir\u00eda a McGregor pelear en el esperado evento de la UFC del 14 de junio de 2026 en la Casa Blanca, d\u00eda del cumplea\u00f1os del presidente estadounidense, Donald Trump.<\/p>\n<p class=\"p_8\">El director ejecutivo de la UFC y aliado cercano de Trump, Dana White, dijo el s\u00e1bado que a\u00fan no se ha negociado la presencia de ning\u00fan peleador para esa cita.<\/p>\n<p class=\"p_9\">\u00abSe puede ver claramente que Conor est\u00e1 muy entusiasmado por pelear en esa cartelera, pero a\u00fan no hay nada decidido\u00bb, insisti\u00f3 White.<\/p>\n","protected":false},"excerpt":{"rendered":"Conor McGregor, estrella de las artes marciales mixtas, recibi\u00f3 una suspensi\u00f3n de 18 meses tras no presentarse a&hellip;\n","protected":false},"author":2,"featured_media":161687,"comment_status":"","ping_status":"","sticky":false,"template":"","format":"standard","meta":{"footnotes":""},"categories":[276],"tags":[11897,168,25,24,23,167,343],"class_list":{"0":"post-161686","1":"post","2":"type-post","3":"status-publish","4":"format-standard","5":"has-post-thumbnail","7":"category-ufc","8":"tag-afp","9":"tag-deportes","10":"tag-es","11":"tag-espana","12":"tag-spain","13":"tag-sports","14":"tag-ufc"},"share_on_mastodon":{"url":"","error":""},"_links":{"self":[{"href":"https:\/\/www.europesays.com\/es\/wp-json\/wp\/v2\/posts\/161686","targetHints":{"allow":["GET"]}}],"collection":[{"href":"https:\/\/www.europesays.com\/es\/wp-json\/wp\/v2\/posts"}],"about":[{"href":"https:\/\/www.europesays.com\/es\/wp-json\/wp\/v2\/types\/post"}],"author":[{"embeddable":true,"href":"https:\/\/www.europesays.com\/es\/wp-json\/wp\/v2\/users\/2"}],"replies":[{"embeddable":true,"href":"https:\/\/www.europesays.com\/es\/wp-json\/wp\/v2\/comments?post=161686"}],"version-history":[{"count":0,"href":"https:\/\/www.europesays.com\/es\/wp-json\/wp\/v2\/posts\/161686\/revisions"}],"wp:featuredmedia":[{"embeddable":true,"href":"https:\/\/www.europesays.com\/es\/wp-json\/wp\/v2\/media\/161687"}],"wp:attachment":[{"href":"https:\/\/www.europesays.com\/es\/wp-json\/wp\/v2\/media?parent=161686"}],"wp:term":[{"taxonomy":"category","embeddable":true,"href":"https:\/\/www.europesays.com\/es\/wp-json\/wp\/v2\/categories?post=161686"},{"taxonomy":"post_tag","embeddable":true,"href":"https:\/\/www.europesays.com\/es\/wp-json\/wp\/v2\/tags?post=161686"}],"curies":[{"name":"wp","href":"https:\/\/api.w.org\/{rel}","templated":true}]}}