{"id":161694,"date":"2025-10-07T23:51:08","date_gmt":"2025-10-07T23:51:08","guid":{"rendered":"https:\/\/www.europesays.com\/es\/161694\/"},"modified":"2025-10-07T23:51:08","modified_gmt":"2025-10-07T23:51:08","slug":"formula-1-carlos-sainz-marc-marquez-es-el-ayrton-senna-de-motogp","status":"publish","type":"post","link":"https:\/\/www.europesays.com\/es\/161694\/","title":{"rendered":"F\u00f3rmula 1.- Carlos Sainz: \u00abMarc M\u00e1rquez es el Ayrton Senna de MotoGP\u00bb"},"content":{"rendered":"<p class=\"com-paragraph  --capital --s\">MADRID, 8 Oct. 2025 (Europa Press) &#8211;<\/p>\n<p class=\"com-paragraph   --s\">El piloto espa\u00f1ol de F\u00f3rmula 1 Carlos Sainz (Williams) ha asegurado que Marc M\u00e1rquez \u00abes el Ayrton Senna de MotoGP\u00bb, ya que es \u00ablo m\u00e1s parecido\u00bb al brasile\u00f1o y tan \u00abcarism\u00e1tico\u00bb como \u00e9l, adem\u00e1s de sentirse muy agradecido al equipo Williams porque \u00abconfiaron\u00bb en \u00e9l \u00aben el momento m\u00e1s complicado\u00bb de su carrera deportiva.<\/p>\n<p class=\"com-paragraph   --s\">\u00abPara m\u00ed, Marc M\u00e1rquez es el Ayrton Senna de MotoGP. El d\u00eda que se retire, todos recordaremos a Marc como lo m\u00e1s parecido y m\u00e1s carism\u00e1tico a lo que es Senna en la F\u00f3rmula 1. Desde aqu\u00ed te doy la enhorabuena, ese s\u00ed que ha hecho una buena remontada\u00bb, se\u00f1al\u00f3 en una entrevista a El Partidazo de COPE con Juanma Casta\u00f1o.<\/p>\n<p class=\"com-paragraph   --s\">Por otra parte, explic\u00f3 que su cabeza \u00abest\u00e1 centrada en Williams\u00bb. \u00abMe motiva mucho el proyecto, nada me har\u00eda m\u00e1s ilusi\u00f3n que ganar con ellos. Fueron los que confiaron en m\u00ed en el momento m\u00e1s complicado de mi carrera. Si yo alg\u00fan d\u00eda soy capaz de ganar una carrera con Williams, no va a haber una sensaci\u00f3n mejor dentro de m\u00ed\u00bb, manifest\u00f3.<\/p>\n<p class=\"com-paragraph   --s\">Adem\u00e1s, habl\u00f3 de la temporada 2026. \u00abHe probado el coche del a\u00f1o que viene y es un cambio radical. El equipo ha pasado de ser noveno a ser quinto, es un paso adelante muy grande. De repente, ponerme a ganar carreras el a\u00f1o que viene, es un poco pronto, pero s\u00ed que espero dar otro paso adelante y ojal\u00e1 nos consolidemos como un equipo que est\u00e1 luchando cerca de Ferrari, Mercedes, Red Bull y compa\u00f1\u00eda\u00bb, dese\u00f3.<\/p>\n<p class=\"com-paragraph   --s\">En otro orden de cosas, confes\u00f3 que no le gusta la situaci\u00f3n pol\u00edtica y social en Espa\u00f1a. \u00abLa \u00faltima vez que fui a Espa\u00f1a fue en mi cumplea\u00f1os, voy para eventos familiares y con amigos. Estoy tan disgustado con lo que veo en Espa\u00f1a, la situaci\u00f3n tanto pol\u00edtica como social, que me pon\u00eda de mal humor cada vez que intentaba seguir la actualidad. Ahora, con el tema de Israel y Palestina he intentado leer e informarme para entender lo que est\u00e1 pasando. El tema pol\u00edtico espa\u00f1ol lo tengo abandonado porque me pone de muy mal humor\u00bb, subray\u00f3.<\/p>\n<p class=\"com-paragraph   --s\">El madrile\u00f1o tambi\u00e9n desvel\u00f3 que mantiene una gran amistad con el ciclista esloveno Tadej Pogacar. \u00abDe los que vivimos en M\u00f3naco, Pogacar te dir\u00eda que ahora mismo es de mis mejores amigos. Vamos mucho a cenar juntos, sale \u00e9l a montar en bici conmigo. Es otro nivel de ciclismo. Es muy seguidor de la F\u00f3rmula 1 y nos lo pasamos muy bien. Le admiro much\u00edsimo porque es una persona muy cercana. Es de los mejores deportistas que he conocido jam\u00e1s\u00bb, afirm\u00f3.<\/p>\n<p class=\"com-paragraph   --s\">Tambi\u00e9n rememor\u00f3 su viaje junto a Charles Leclerc en furgoneta a la vuelta del Gran Premio de Azerbaiy\u00e1n. \u00ab\u00cdbamos a aterrizar en el aeropuerto de Niza, pero hab\u00eda una tormenta el\u00e9ctrica. Lecrerc le dijo al piloto que no se la jugase, que fu\u00e9semos a G\u00e9nova, que son dos horas de coche. Charles estuvo muy precavido, que lo respeto. Cuando llegamos a G\u00e9nova, le pedimos un coche a una se\u00f1ora de 50 a\u00f1os que no nos conoc\u00eda, nos dijo que solo hab\u00eda una furgoneta. Estaba intentando hacernos todos los descuentos posibles, y tard\u00f3 25 minutos en darnos el coche\u00bb, relat\u00f3.<\/p>\n<p class=\"com-paragraph   --s\">Por \u00faltimo, Sainz confes\u00f3 que est\u00e1 haciendo \u00abuna colecci\u00f3n de<br \/>\nFerraris\u00bb.<\/p>\n<p class=\"com-paragraph   --s\">\u00abCreo que por culpa de eso se pican m\u00e1s porque reconocen<br \/>\nla matr\u00edcula y el coche.<\/p>\n<p class=\"com-paragraph   --s\">Creo que tengo cuatro Ferraris. No soy un<br \/>\ngran fan de los coches de calle, pero me dijeron que era muy buen<br \/>\nnegocio porque las ediciones limitadas de los Ferrari suben mucho de<br \/>\nvalor\u00bb, finaliz\u00f3.<\/p>\n","protected":false},"excerpt":{"rendered":"MADRID, 8 Oct. 2025 (Europa Press) &#8211; El piloto espa\u00f1ol de F\u00f3rmula 1 Carlos Sainz (Williams) ha asegurado&hellip;\n","protected":false},"author":2,"featured_media":161695,"comment_status":"","ping_status":"","sticky":false,"template":"","format":"standard","meta":{"footnotes":""},"categories":[270],"tags":[168,25,24,306,271,272,23,167],"class_list":{"0":"post-161694","1":"post","2":"type-post","3":"status-publish","4":"format-standard","5":"has-post-thumbnail","7":"category-formula-1","8":"tag-deportes","9":"tag-es","10":"tag-espana","11":"tag-f1","12":"tag-formula-1","13":"tag-formula1","14":"tag-spain","15":"tag-sports"},"share_on_mastodon":{"url":"","error":""},"_links":{"self":[{"href":"https:\/\/www.europesays.com\/es\/wp-json\/wp\/v2\/posts\/161694","targetHints":{"allow":["GET"]}}],"collection":[{"href":"https:\/\/www.europesays.com\/es\/wp-json\/wp\/v2\/posts"}],"about":[{"href":"https:\/\/www.europesays.com\/es\/wp-json\/wp\/v2\/types\/post"}],"author":[{"embeddable":true,"href":"https:\/\/www.europesays.com\/es\/wp-json\/wp\/v2\/users\/2"}],"replies":[{"embeddable":true,"href":"https:\/\/www.europesays.com\/es\/wp-json\/wp\/v2\/comments?post=161694"}],"version-history":[{"count":0,"href":"https:\/\/www.europesays.com\/es\/wp-json\/wp\/v2\/posts\/161694\/revisions"}],"wp:featuredmedia":[{"embeddable":true,"href":"https:\/\/www.europesays.com\/es\/wp-json\/wp\/v2\/media\/161695"}],"wp:attachment":[{"href":"https:\/\/www.europesays.com\/es\/wp-json\/wp\/v2\/media?parent=161694"}],"wp:term":[{"taxonomy":"category","embeddable":true,"href":"https:\/\/www.europesays.com\/es\/wp-json\/wp\/v2\/categories?post=161694"},{"taxonomy":"post_tag","embeddable":true,"href":"https:\/\/www.europesays.com\/es\/wp-json\/wp\/v2\/tags?post=161694"}],"curies":[{"name":"wp","href":"https:\/\/api.w.org\/{rel}","templated":true}]}}