{"id":161704,"date":"2025-10-07T23:56:08","date_gmt":"2025-10-07T23:56:08","guid":{"rendered":"https:\/\/www.europesays.com\/es\/161704\/"},"modified":"2025-10-07T23:56:08","modified_gmt":"2025-10-07T23:56:08","slug":"presentacion-del-libro-mi-segunda-oportunidad-de-hernando-picos-cubides-en-la-biblioteca-publica-pedro-salinas","status":"publish","type":"post","link":"https:\/\/www.europesays.com\/es\/161704\/","title":{"rendered":"Presentaci\u00f3n del libro \u00abMi segunda oportunidad\u00bb, de Hernando Picos Cubides, en la Biblioteca P\u00fablica Pedro Salinas"},"content":{"rendered":"<p><strong>Mi segunda Oportunidad<\/strong> es una obra que aborda la resiliencia y la capacidad de reinventarse frente a las<br \/>adversidades de la vida. El protagonista, enfrentando una serie de fracasos personales y profesionales, se<br \/>ve obligado a dar un paso atr\u00e1s y reflexionar sobre sus decisiones pasadas. A trav\u00e9s de este proceso de<br \/>autoconocimiento, surge la oportunidad de empezar de nuevo, de tomar una segunda oportunidad para<br \/>corregir el rumbo y encontrar una vida m\u00e1s plena.<\/p>\n<p>La obra destaca por su enfoque motivacional, proporcionando al lector herramientas emocionales para<br \/>reflexionar sobre sus propios retos y c\u00f3mo transformarlos en oportunidades de crecimiento.\u00a0<\/p>\n<p><strong>Hernando Picos Cubides<\/strong> es abogado, contador p\u00fablico y escritor. Es oriundo de Bogot\u00e1 (Colombia), radicado en Espa\u00f1a desde 2022. Sus obras literarias son todas de contenido social, cultural y humanitario. En esta expresa de manera sencilla sus vivencias convirti\u00e9ndose en el protagonista principal.<\/p>\n<p>Al final de la actividad habr\u00e1 un turno de preguntas.<\/p>\n<p>Actividad destinada a j\u00f3venes y adultos.<\/p>\n<p>Entrada libre hasta completar aforo.<\/p>\n","protected":false},"excerpt":{"rendered":"Mi segunda Oportunidad es una obra que aborda la resiliencia y la capacidad de reinventarse frente a lasadversidades&hellip;\n","protected":false},"author":2,"featured_media":161705,"comment_status":"","ping_status":"","sticky":false,"template":"","format":"standard","meta":{"footnotes":""},"categories":[172],"tags":[224,146,147,25,24,225,23],"class_list":{"0":"post-161704","1":"post","2":"type-post","3":"status-publish","4":"format-standard","5":"has-post-thumbnail","7":"category-libros","8":"tag-books","9":"tag-entertainment","10":"tag-entretenimiento","11":"tag-es","12":"tag-espana","13":"tag-libros","14":"tag-spain"},"share_on_mastodon":{"url":"","error":""},"_links":{"self":[{"href":"https:\/\/www.europesays.com\/es\/wp-json\/wp\/v2\/posts\/161704","targetHints":{"allow":["GET"]}}],"collection":[{"href":"https:\/\/www.europesays.com\/es\/wp-json\/wp\/v2\/posts"}],"about":[{"href":"https:\/\/www.europesays.com\/es\/wp-json\/wp\/v2\/types\/post"}],"author":[{"embeddable":true,"href":"https:\/\/www.europesays.com\/es\/wp-json\/wp\/v2\/users\/2"}],"replies":[{"embeddable":true,"href":"https:\/\/www.europesays.com\/es\/wp-json\/wp\/v2\/comments?post=161704"}],"version-history":[{"count":0,"href":"https:\/\/www.europesays.com\/es\/wp-json\/wp\/v2\/posts\/161704\/revisions"}],"wp:featuredmedia":[{"embeddable":true,"href":"https:\/\/www.europesays.com\/es\/wp-json\/wp\/v2\/media\/161705"}],"wp:attachment":[{"href":"https:\/\/www.europesays.com\/es\/wp-json\/wp\/v2\/media?parent=161704"}],"wp:term":[{"taxonomy":"category","embeddable":true,"href":"https:\/\/www.europesays.com\/es\/wp-json\/wp\/v2\/categories?post=161704"},{"taxonomy":"post_tag","embeddable":true,"href":"https:\/\/www.europesays.com\/es\/wp-json\/wp\/v2\/tags?post=161704"}],"curies":[{"name":"wp","href":"https:\/\/api.w.org\/{rel}","templated":true}]}}