{"id":161720,"date":"2025-10-08T00:04:13","date_gmt":"2025-10-08T00:04:13","guid":{"rendered":"https:\/\/www.europesays.com\/es\/161720\/"},"modified":"2025-10-08T00:04:13","modified_gmt":"2025-10-08T00:04:13","slug":"la-hosteleria-y-los-nuevos-negocios-colonizan-cientos-de-locales-vacios-en-burgos","status":"publish","type":"post","link":"https:\/\/www.europesays.com\/es\/161720\/","title":{"rendered":"La hosteler\u00eda y los nuevos negocios colonizan cientos de locales vac\u00edos en Burgos"},"content":{"rendered":"<p>El n\u00famero de locales vac\u00edos en Burgos ha descendido bruscamente en los \u00faltimos cuatro a\u00f1os, como acreditan los datos recopilados por el sistema Giscom de la <a href=\"https:\/\/www.diariodeburgos.es\/tags\/60600\/federaci%c3%b3n+de+empresarios+del+comercio\" target=\"_blank\" rel=\"nofollow noopener\">Federaci\u00f3n de Empresarios de Comercio (FEC)<\/a>. Entre 2021 y 2025, zonas como el Centro, Gamonal Norte, Sur-Bulevar, San Pedro de la Fuente-Fuentecillas o el Ensanche muestran un retroceso de persianas bajadas. Es un fen\u00f3meno que, a primera vista, podr\u00eda interpretarse como un s\u00edntoma de <a href=\"https:\/\/www.diariodeburgos.es\/tags\/48629\/recuperaci%c3%b3n+econ%c3%b3mica\" target=\"_blank\" rel=\"nofollow noopener\">recuperaci\u00f3n econ\u00f3mica<\/a>, pero la realidad, como tantas veces, es m\u00e1s compleja.<\/p>\n<p>Detr\u00e1s de esta disminuci\u00f3n no siempre hay nuevos comercios, sino transformaciones de locales en negocios vinculados a la <a href=\"https:\/\/www.diariodeburgos.es\/tags\/50206\/hosteler%c3%ada\" target=\"_blank\" rel=\"nofollow noopener\">hosteler\u00eda<\/a> y a los servicios personales, o incluso en viviendas. La foto que dejan estos datos es, en definitiva, la de una ciudad que tiene menos locales en barbecho, pero que no necesariamente est\u00e1 recuperando su <a href=\"https:\/\/www.diariodeburgos.es\/noticia\/zd2091f80-c777-493f-86ae826b9c38c092\/202510\/el-comercio-exige-mas-sanciones-contra-la-competencia-desleal\" target=\"_blank\" rel=\"nofollow noopener\">comercio tradicional<\/a>.<\/p>\n<p>El Giscom, un sistema de Informaci\u00f3n Geogr\u00e1fica Comercial para monitorizar esta realidad, reconoce que no es posible precisar con exactitud qu\u00e9 ha ocurrido con los locales que ya no figuran como vac\u00edos. \u00abVemos que <strong>hay menos locales vac\u00edos, pero no sabemos si es porque se han reconvertido en viviendas, garajes o en otra actividad<\/strong> econ\u00f3mica distinta\u00bb, explican desde el equipo t\u00e9cnico.<\/p>\n<p><img decoding=\"async\" loading=\"lazy\" src=\"https:\/\/www.europesays.com\/es\/wp-content\/uploads\/2025\/10\/F2BEEE7D-E922-4835-9AA18FDA64E326D5.JPG\" alt=\"La zapater\u00eda de la esquina de las calles La\u00edn Calvo y Avellanos se ha transformado en un negocio de venta de d\u00f3nuts. \" border=\"0\"\/>La zapater\u00eda de la esquina de las calles La\u00edn Calvo y Avellanos se ha transformado en un negocio de venta de d\u00f3nuts.  &#8211; Foto: Luis L\u00f3pez Araico<\/p>\n<p>El reconocimiento es importante: los n\u00fameros muestran una tendencia positiva, pero los motivos siguen siendo inciertos. De hecho, el propio Sistema apunta a la posibilidad de que parte de la reducci\u00f3n se deba a cambios de uso, un factor que preocupa a comerciantes y asociaciones, porque resta espacio al <a href=\"https:\/\/www.diariodeburgos.es\/tags\/63473\/comercio+tradicional\" target=\"_blank\" rel=\"nofollow noopener\">tejido econ\u00f3mico tradicional<\/a>.<\/p>\n<blockquote class=\"cita\"><p>En la plaza del Cid se abrir\u00e1 una franquicia de comida r\u00e1pida. Eso es lo que est\u00e1 proliferando\u00bbPatricia Gil, presidenta de la Asociaci\u00f3n de Comerciantes Centro Burgos<\/p><\/blockquote>\n<p>La realidad que describe Centro Burgos refleja bien esta paradoja. <strong>Menos locales vac\u00edos, s\u00ed, pero no gracias a nuevas tiendas<\/strong>. Patricia Gil, presidenta de la Asociaci\u00f3n de Comerciantes Centro Burgos, lo resume de forma clara: \u00abSe est\u00e1n abriendo cl\u00ednicas dentales, hosteler\u00eda, <a href=\"https:\/\/www.diariodeburgos.es\/noticia\/zff785ef7-caa1-4d9d-94fd7da4be66e0dc\/202507\/piden-blindar-los-locales-historicos-del-boom-de-comida-rapida\" target=\"_blank\" rel=\"nofollow noopener\">establecimientos de comida r\u00e1pida<\/a>&#8230;\u00bb. Indica que no se dan nuevas aperturas comerciales como tal y a\u00f1ade, adem\u00e1s, que \u00aben la <a href=\"https:\/\/www.diariodeburgos.es\/tags\/44940\/plaza+de+m%c3%ado+cid\" target=\"_blank\" rel=\"nofollow noopener\">plaza del Cid<\/a> abrir\u00e1 <a href=\"https:\/\/www.diariodeburgos.es\/noticia\/z2fa24768-139c-4d3c-83ce2479a5cc2a02\/202507\/vecinos-de-la-plaza-del-cid-contra-el-local-de-pollo-frito\" target=\"_blank\" rel=\"nofollow noopener\">una franquicia de comida r\u00e1pida<\/a>. Eso es lo que est\u00e1 proliferando\u00bb.<\/p>\n<p>El cierre de grandes cadenas, como la que ocupaba en el Cid el establecimiento que ahora pondr\u00e1 en marcha un fast food, evidencia la <strong>p\u00e9rdida de peso del comercio de moda y de referencia en las calles m\u00e1s emblem\u00e1ticas<\/strong>. En su lugar, emergen negocios vinculados al ocio y al consumo r\u00e1pido, con el riesgo de homogeneizar la oferta y reducir el atractivo diferencial del centro hist\u00f3rico.<\/p>\n<p>Gil advierte, adem\u00e1s, que <strong>los altos precios de los locales son una barrera infranqueable para los emprendedores<\/strong>, ya que \u00abes dif\u00edcil que alguien que quiere montar un negocio pueda acceder a una buena ubicaci\u00f3n, que es lo que al final prima en el comercio\u00bb. Ante esta situaci\u00f3n, desde la asociaci\u00f3n se reclama al Ayuntamiento la puesta en marcha de un banco de locales municipales en el <a href=\"https:\/\/www.diariodeburgos.es\/tags\/44858\/casco+hist%c3%b3rico+de+burgos\" target=\"_blank\" rel=\"nofollow noopener\">Casco Hist\u00f3rico<\/a> que puedan alquilarse a <a href=\"https:\/\/www.diariodeburgos.es\/noticia\/z01a2aa14-cf34-4625-85cd9b75a81f216d\/202509\/hasta-6000-euros-por-metro-de-comercio-en-la-milla-de-oro\" target=\"_blank\" rel=\"nofollow noopener\">precios razonables<\/a> para favorecer la instalaci\u00f3n de nuevos comercios. <strong>Tambi\u00e9n se alerta sobre la transformaci\u00f3n de bajos en viviendas, en particular de uso tur\u00edstico<\/strong>, que podr\u00eda vaciar a\u00fan m\u00e1s al comercio local.<\/p>\n<p>En <a href=\"https:\/\/www.diariodeburgos.es\/tags\/44866\/gamonal\" target=\"_blank\" rel=\"nofollow noopener\">Gamonal<\/a>, la estad\u00edstica se\u00f1ala un descenso de locales vac\u00edos en la zona norte, pero la percepci\u00f3n de los profesionales no coincide con esa lectura. El presidente de la Asociaci\u00f3n Zona G, <a href=\"https:\/\/www.diariodeburgos.es\/noticia\/z8cfa1239-e3b5-4ccf-8239299c80d5f3be\/202509\/no-podemos-asumir-que-gamonal-se-quede-como-esta\" target=\"_blank\" rel=\"nofollow noopener\">Miguel \u00c1ngel Iniesta<\/a>, sostiene que el barrio se mantiene estable: \u00abNo hemos notado una disminuci\u00f3n ni un aumento, est\u00e1 m\u00e1s o menos estancado. Lo que pasa es que los locales que se quedan vac\u00edos llaman mucho la atenci\u00f3n, sobre todo si est\u00e1n sucios o poco cuidados, y eso genera rechazo para nuevos emprendedores\u00bb.<\/p>\n<blockquote>\n<p>El consumidor tambi\u00e9n debe pensar en un futuro sin comercio, en cuando no puedas ir de compras\u00bb<\/p>\n<\/blockquote>\n<p>Iniesta advierte que<strong> los locales cerrados se perpet\u00faan en el tiempo y transmiten un efecto desalentador<\/strong>, tanto para inversores como para vecinos. Por eso, la asociaci\u00f3n ha decidido actuar en este frente con una iniciativa propia: ofrecer a los propietarios la posibilidad de adecentar escaparates vac\u00edos, limpiarlos y colocarlos como espacios publicitarios de otros comercios de la zona con el objetivo de mejorar la imagen del barrio y facilitar su alquiler o venta.<\/p>\n<p>Los problemas que frenan al comercio en Gamonal son de sobra conocidos: el precio de los alquileres m\u00e1s grandes, la falta de aparcamiento -que restringe la clientela al propio barrio- y las dificultades log\u00edsticas. <strong>Esto ha limitado la llegada de grandes cadenas, que ven en Gamonal un escenario poco atractivo<\/strong>. No obstante, Iniesta s\u00ed percibe un fen\u00f3meno interesante: el retorno del comercio tradicional, sobre todo de fruter\u00edas o peque\u00f1as tiendas de ropa, muchas veces impulsado por emprendedores extranjeros que apuestan por el barrio en mayor medida que la poblaci\u00f3n local.<\/p>\n<p>El contraste entre Centro y Gamonal resume el dilema del comercio en Burgos. En el Casco Hist\u00f3rico, el dinamismo de aperturas no significa necesariamente vitalidad del comercio tradicional, sino un cambio de modelo hacia servicios y hosteler\u00eda. En Gamonal, en cambio, el problema no es tanto la reconversi\u00f3n como la sensaci\u00f3n de estancamiento: los vac\u00edos permanecen y la renovaci\u00f3n avanza muy lentamente. Ambas zonas coinciden en algo:<strong> los emprendedores encuentran serias dificultades para abrir nuevos negocios<\/strong>. El alto coste de los locales, la incertidumbre sobre la rentabilidad del comercio f\u00edsico en la era digital y la falta de incentivos p\u00fablicos son los grandes obst\u00e1culos se\u00f1alados por los comerciantes.<\/p>\n<p><strong>Un futuro en disputa.<\/strong> La estad\u00edstica oficial aporta un dato positivo. Burgos tiene menos locales vac\u00edos que hace cuatro a\u00f1os. Pero el an\u00e1lisis cualitativo lo matiza: <strong>el comercio tradicional no ha recuperado terreno<\/strong>, y en algunos casos incluso lo est\u00e1 perdiendo. El futuro del sector pasa por decisiones pol\u00edticas y sociales de calado.<\/p>\n<p>Un ejemplo de decisi\u00f3n trascendente es el apoyo institucional al emprendimiento, con medidas de financiaci\u00f3n y acceso a locales. Otro, el control sobre la reconversi\u00f3n de bajos en viviendas, en especial de uso tur\u00edstico, adem\u00e1s de iniciar campa\u00f1as de concienciaci\u00f3n sobre la importancia de comprar en el <a href=\"https:\/\/www.diariodeburgos.es\/tags\/63567\/comercio+local\" target=\"_blank\" rel=\"nofollow noopener\">comercio local<\/a>. Como advierte Patricia Gil, \u00abel consumidor tambi\u00e9n tiene que pensar en un futuro cuando no haya comercios, cuando no puedas probarte la ropa ni salir con amigas a comer y luego irte de tiendas\u00bb.<\/p>\n<p>El riesgo, coinciden las voces consultadas, es que Burgos gane dinamismo en sus calles, pero pierda la esencia de su comercio de proximidad, ese que da vida a los barrios y forma parte de la identidad de la ciudad.<\/p>\n","protected":false},"excerpt":{"rendered":"El n\u00famero de locales vac\u00edos en Burgos ha descendido bruscamente en los \u00faltimos cuatro a\u00f1os, como acreditan los&hellip;\n","protected":false},"author":2,"featured_media":161721,"comment_status":"","ping_status":"","sticky":false,"template":"","format":"standard","meta":{"footnotes":""},"categories":[80],"tags":[623,82,47939,20365,47936,95,94,25,24,47937,38413,6799,47940,47938,23],"class_list":{"0":"post-161720","1":"post","2":"type-post","3":"status-publish","4":"format-standard","5":"has-post-thumbnail","7":"category-economia","8":"tag-burgos","9":"tag-business","10":"tag-casco-historico-de-burgos","11":"tag-comercio-local","12":"tag-comercio-tradicional","13":"tag-economia","14":"tag-economy","15":"tag-es","16":"tag-espana","17":"tag-federacion-de-empresarios-del-comercio","18":"tag-gamonal","19":"tag-hosteleria","20":"tag-plaza-de-mio-cid","21":"tag-recuperacion-economica","22":"tag-spain"},"share_on_mastodon":{"url":"","error":""},"_links":{"self":[{"href":"https:\/\/www.europesays.com\/es\/wp-json\/wp\/v2\/posts\/161720","targetHints":{"allow":["GET"]}}],"collection":[{"href":"https:\/\/www.europesays.com\/es\/wp-json\/wp\/v2\/posts"}],"about":[{"href":"https:\/\/www.europesays.com\/es\/wp-json\/wp\/v2\/types\/post"}],"author":[{"embeddable":true,"href":"https:\/\/www.europesays.com\/es\/wp-json\/wp\/v2\/users\/2"}],"replies":[{"embeddable":true,"href":"https:\/\/www.europesays.com\/es\/wp-json\/wp\/v2\/comments?post=161720"}],"version-history":[{"count":0,"href":"https:\/\/www.europesays.com\/es\/wp-json\/wp\/v2\/posts\/161720\/revisions"}],"wp:featuredmedia":[{"embeddable":true,"href":"https:\/\/www.europesays.com\/es\/wp-json\/wp\/v2\/media\/161721"}],"wp:attachment":[{"href":"https:\/\/www.europesays.com\/es\/wp-json\/wp\/v2\/media?parent=161720"}],"wp:term":[{"taxonomy":"category","embeddable":true,"href":"https:\/\/www.europesays.com\/es\/wp-json\/wp\/v2\/categories?post=161720"},{"taxonomy":"post_tag","embeddable":true,"href":"https:\/\/www.europesays.com\/es\/wp-json\/wp\/v2\/tags?post=161720"}],"curies":[{"name":"wp","href":"https:\/\/api.w.org\/{rel}","templated":true}]}}