{"id":161726,"date":"2025-10-08T00:11:07","date_gmt":"2025-10-08T00:11:07","guid":{"rendered":"https:\/\/www.europesays.com\/es\/161726\/"},"modified":"2025-10-08T00:11:07","modified_gmt":"2025-10-08T00:11:07","slug":"rahm-y-lowry-un-partido-de-heroes-ryder-para-estrenar-el-open-de-espana","status":"publish","type":"post","link":"https:\/\/www.europesays.com\/es\/161726\/","title":{"rendered":"Rahm y Lowry: un partido de h\u00e9roes Ryder para estrenar el Open de Espa\u00f1a"},"content":{"rendered":"<p class=\"\">Estaba cantado y se ha hecho realidad<b>. Jon Rahm y Shane Lowry jugar\u00e1n juntos las dos primeras vueltas del <\/b><a href=\"https:\/\/as.com\/masdeporte\/open-de-espana-de-golf-2025-fechas-horarios-tv-y-donde-ver-en-directo-f202510-n\/\" target=\"_self\" rel=\"nofollow noopener\" title=\"https:\/\/as.com\/masdeporte\/open-de-espana-de-golf-2025-fechas-horarios-tv-y-donde-ver-en-directo-f202510-n\/\"><b>Open de Espa\u00f1a de golf<\/b><\/a><b>, en un grupo que completa el vigente campe\u00f3n, \u00e1ngel Hidalgo<\/b>, y que re\u00fane a dos de los h\u00e9roes europeos de la \u00faltima Ryder Cup disputada hace apenas dos semanas en Bethpage Black. <\/p>\n<p class=\"\">Los emparejamientos para el jueves y el viernes se hicieron p\u00fablicos este martes, y ubican el que puede considerarse partido estelar en la franja de las 09:30 (en Movistar Golf desde las 13:45) para el primer d\u00eda y en la de las 14:00 para el segundo. <b>Se dar\u00e1n cita dos pesos pesados del circuito europeo, que juntan 13 victorias en torneos regulares entre sus respectivos curriculums<\/b>, 3 de las 8 de Rahmbo precisamente en esta cita (las mismas que Seve, con el que puede desempatar el domingo), y tres grandes en total.<\/p>\n<p class=\"\">Lowry, campe\u00f3n del British Open en 2019 y el hombre que hace unos d\u00edas dio a Europa el medio punto que le garantizaba retener la <a href=\"https:\/\/as.com\/masdeporte\/gloria-con-suspense-para-europa-en-la-ryder-cup-n\/\" target=\"_self\" rel=\"nofollow noopener\" title=\"https:\/\/as.com\/masdeporte\/gloria-con-suspense-para-europa-en-la-ryder-cup-n\/\">Ryder<\/a>, <b>se enamor\u00f3 de Madrid el a\u00f1o pasado y ha decidido repetir<\/b>. Con ellos marchar\u00e1 \u00c1ngel Hidalgo, que tras tumbar a Rahm en el playoff que decidi\u00f3 el torneo el a\u00f1o pasado ha atravesado un bache, pero es el hombre a batir al fin y al cabo y un jugador con un carisma que no hace sino agrandar el atractivo de la terna. Sergio Garc\u00eda, por su parte, ir\u00e1 en un partido que no le hace justicia a su trayectoria, con el noruego Reitan y el belga Detry (14:00 el jueves, 09:30 el viernes). <\/p>\n<p>Noticias relacionadas<\/p>\n<p class=\"\"><b>\u00a1Tus opiniones importan!<\/b> Comenta en los art\u00edculos y suscr\u00edbete gratis a nuestra <a href=\"https:\/\/asfan.as.com\/newsletters\/\" target=\"_blank\" rel=\"nofollow noopener\" title=\"https:\/\/asfan.as.com\/newsletters\/\">newsletter<\/a> y a las alertas informativas en la <a href=\"https:\/\/as.com\/aplicacion-de-as-n\/\" target=\"_blank\" rel=\"nofollow noopener\" title=\"https:\/\/as.com\/aplicacion-de-as-n\/\">App<\/a> o el canal de <a href=\"https:\/\/www.whatsapp.com\/channel\/0029VaAasdA7j6g745nz9M10\" target=\"_blank\" rel=\"nofollow noopener\" title=\"https:\/\/www.whatsapp.com\/channel\/0029VaAasdA7j6g745nz9M10\">WhatsApp<\/a>.<\/p>\n<p class=\"\">\u00bfBuscas licenciar contenido? Haz clic <a href=\"https:\/\/profesional.elpais.com\/soluciones-sindicacion?utm_medium=interno&amp;utm_source=crosslinking&amp;utm_campaign=sindicacion_as_pie_articulos\" target=\"_blank\" rel=\"nofollow noopener\" title=\"https:\/\/profesional.elpais.com\/soluciones-sindicacion?utm_medium=interno&amp;utm_source=crosslinking&amp;utm_campaign=sindicacion_as_pie_articulos\">aqu\u00ed<\/a><\/p>\n","protected":false},"excerpt":{"rendered":"Estaba cantado y se ha hecho realidad. Jon Rahm y Shane Lowry jugar\u00e1n juntos las dos primeras vueltas&hellip;\n","protected":false},"author":2,"featured_media":161727,"comment_status":"","ping_status":"","sticky":false,"template":"","format":"standard","meta":{"footnotes":""},"categories":[275],"tags":[168,25,24,329,23,167],"class_list":{"0":"post-161726","1":"post","2":"type-post","3":"status-publish","4":"format-standard","5":"has-post-thumbnail","7":"category-golf","8":"tag-deportes","9":"tag-es","10":"tag-espana","11":"tag-golf","12":"tag-spain","13":"tag-sports"},"share_on_mastodon":{"url":"","error":""},"_links":{"self":[{"href":"https:\/\/www.europesays.com\/es\/wp-json\/wp\/v2\/posts\/161726","targetHints":{"allow":["GET"]}}],"collection":[{"href":"https:\/\/www.europesays.com\/es\/wp-json\/wp\/v2\/posts"}],"about":[{"href":"https:\/\/www.europesays.com\/es\/wp-json\/wp\/v2\/types\/post"}],"author":[{"embeddable":true,"href":"https:\/\/www.europesays.com\/es\/wp-json\/wp\/v2\/users\/2"}],"replies":[{"embeddable":true,"href":"https:\/\/www.europesays.com\/es\/wp-json\/wp\/v2\/comments?post=161726"}],"version-history":[{"count":0,"href":"https:\/\/www.europesays.com\/es\/wp-json\/wp\/v2\/posts\/161726\/revisions"}],"wp:featuredmedia":[{"embeddable":true,"href":"https:\/\/www.europesays.com\/es\/wp-json\/wp\/v2\/media\/161727"}],"wp:attachment":[{"href":"https:\/\/www.europesays.com\/es\/wp-json\/wp\/v2\/media?parent=161726"}],"wp:term":[{"taxonomy":"category","embeddable":true,"href":"https:\/\/www.europesays.com\/es\/wp-json\/wp\/v2\/categories?post=161726"},{"taxonomy":"post_tag","embeddable":true,"href":"https:\/\/www.europesays.com\/es\/wp-json\/wp\/v2\/tags?post=161726"}],"curies":[{"name":"wp","href":"https:\/\/api.w.org\/{rel}","templated":true}]}}