{"id":161736,"date":"2025-10-08T00:16:12","date_gmt":"2025-10-08T00:16:12","guid":{"rendered":"https:\/\/www.europesays.com\/es\/161736\/"},"modified":"2025-10-08T00:16:12","modified_gmt":"2025-10-08T00:16:12","slug":"estaba-sufriendo-la-version-de-barcelona-en-el-conflicto-con-espana-por-yamal","status":"publish","type":"post","link":"https:\/\/www.europesays.com\/es\/161736\/","title":{"rendered":"\u00abEstaba sufriendo\u00bb: la versi\u00f3n de Barcelona en el conflicto con Espa\u00f1a por Yamal"},"content":{"rendered":"<p>&#13;<br \/>\n                    &#13;<br \/>\n                        &#13;<br \/>\n&#13;<\/p>\n<p>Deco, Director Deportivo del Blaugrana, ahond\u00f3 sobre la notificaci\u00f3n que enviaron a la RFEF para que la joven estrella se pierda los compromisos de la Roja. <\/p>\n<p>&#13;<br \/>\n<img decoding=\"async\" class=\"mainImg r16x9\" width=\"416\" height=\"234\" fetchpriority=\"high\" src=\"https:\/\/www.europesays.com\/es\/wp-content\/uploads\/2025\/10\/lamine-yamal-barcelona_416x234.webp\"  alt=\"Lamine Yamal  - Barcelona\" title=\"Lamine Yamal  - Barcelona\"\/> Lamine Yamal no ser\u00e1 parte de la Selecci\u00f3n de Espa\u00f1a y desat\u00f3 un fuerte conflicto entre la RFEF y Barcelona. (Image Photo Agency\/Getty Images)<\/p>\n<p>El<a onclick=\"ga4SelectContentEvent(&quot;\\&quot;Estaba sufriendo\\&quot;: la versi\\u00f3n de Barcelona en el conflicto con Espa\\u00f1a por Yamal&quot;, &quot;La Liga&quot;, &quot;Nota&quot;);\" href=\"https:\/\/www.tycsports.com\/espana\/la-liga\/yamal-afuera-por-lesion-renace-el-conflicto-entre-la-seleccion-de-espana-y-barcelona-id690365.html\" target=\"_blank\" rel=\"nofollow noopener\"> esc\u00e1ndalo entre la RFEF y Barcelona por la <b>baja de Lamine Yamal a la Selecci\u00f3n de Espa\u00f1a<\/b><\/a> sum\u00f3 un nuevo cap\u00edtulo. Luego del fuerte cruce por parte de Luis de la Fuente, <b>habl\u00f3 Deco y di\u00f3 a conocer la versi\u00f3n oficial del club<\/b>.\u00a0<\/p>\n<p>&#13;<\/p>\n<p>        <b>\u00abLamine estaba sufriendo despu\u00e9s del partido con el PSG\u00bb<\/b>, inici\u00f3 el Director Deportivo en di\u00e1logo con Catalunya Radio. \u00abDecidimos que no jugar\u00eda contra el Sevilla porque hab\u00eda que hacerle una recuperaci\u00f3n intensa. <b>Lo hablamos de manera interna en el club y luego mandamos el informe que la RFEF lo acept\u00f3<\/b>. Es normal que Lamine  hable con el seleccionador. De la Fuente habl\u00f3 con Gavi para interesarse por la lesi\u00f3n\u00bb, revel\u00f3 el hist\u00f3rico exjugador portugu\u00e9s y dando su postura sobre el <a onclick=\"ga4SelectContentEvent(&quot;\\&quot;Estaba sufriendo\\&quot;: la versi\\u00f3n de Barcelona en el conflicto con Espa\\u00f1a por Yamal&quot;, &quot;La Liga&quot;, &quot;Nota&quot;);\" href=\"https:\/\/www.tycsports.com\/futbol-internacional\/lamine-yamal-barcelona-espana-polemica-de-la-fuente-id690505.html\" target=\"_blank\" rel=\"nofollow noopener\">supuesto ultim\u00e1tutm por parte del entrenador<\/a> del seleccionado ib\u00e9rico .\u00a0<\/p>\n<p>Tambi\u00e9n Deco ahond\u00f3 sobre la pl\u00e1tica que sostuvo con Aitor Karanka, Director de Desarrollo de la RFEF, y empatiz\u00f3 con la bronca de su propio DT luego de que la joyita de 18 a\u00f1os sea exigido. \u00abCon Karanka hemos hablado y fue un tema muy f\u00e1cil. <b>S\u00f3lo hay que ponerse un poco en el lado del otro. Si vuelve Lamine de la selecci\u00f3n y no puede jugar es normal que a Flick no le guste<\/b>\u00ab, indic\u00f3.<\/p>\n<p>    &#13;<br \/>\n        &#13;<br \/>\n        &#13;<\/p>\n<p>    Lamine Yamal, a pura fantas\u00eda en la Champions League<\/p>\n<p>    <img class=\"videoPlayerImg\" width=\"416\" height=\"234\"  loading=\"lazy\" fetchpriority=\"low\" alt=\"Lamine Yamal, a pura fantas\u00eda en la Champions League\" title=\"Lamine Yamal, a pura fantas\u00eda en la Champions League\"\/><\/p>\n<p>\u00ab<b>Cuidamos de los jugadores, de todos<\/b>. Cada futbolista tiene su mundo particular. Nos alegramos de tener un Lamine. Es importante en el Bar\u00e7a y tambi\u00e9n en el mundo. Se le trata como un jugador profesional que tiene compromisos y responsabilidades<b>. Lamine ha demostrado una madurez distinta, pero no hay que olvidar que tiene 18 a\u00f1os<\/b>\u00ab, finaliz\u00f3 con \u00e1nimos de poner pa\u00f1os fr\u00edos a la tensi\u00f3n que reina entre las partes.\u00a0<\/p>\n<p class=\"subs-tag\">&#13;<br \/>\n            &#13;<br \/>\n            &#13;<br \/>\n            &#13;<br \/>\n            &#13;<br \/>\n            &#13;<br \/>\n         No te pierdas nada<\/p>\n<p>        &#13;<br \/>\n            Recib\u00ed las \u00faltimas noticias de F\u00fatbol Internacional \u00a1y m\u00e1s!    &#13;<br \/>\n    &#13;<\/p>\n<p>&#13;<br \/>\n    &#13;<br \/>\n       &#13;<br \/>\n&#13;<br \/>\n        Te puede interesar<a href=\"https:\/\/www.tycsports.com\/futbol-internacional\/especial-mensaje-messi-jordi-alba-tras-anunciar-retiro-id690995.html\" onclick=\"ga4SelectContentEvent(&quot;El especial mensaje de Messi a Jordi Alba tras anunciar su retiro: \\&quot;\\u00bfQui\\u00e9n me va a dar los pases atr\\u00e1s?\\&quot;&quot;,&quot;F\\u00fatbol Internacional&quot;,&quot;page_nota-comun-2024-blo_4109&quot;,&quot;Federico Zbogar&quot;);\" class=\"cardImageHolder\" rel=\"nofollow noopener\" target=\"_blank\">&#13;<br \/>\n                    &#13;<br \/>\n                    &#13;<br \/>\n                <img decoding=\"async\" class=\"cardImage r16x9\" width=\"416\" height=\"234\" fetchpriority=\"low\" loading=\"lazy\" src=\"https:\/\/www.europesays.com\/es\/wp-content\/uploads\/2025\/10\/jordi-alba-y-lionel-messi-en-el-inter-miami_416x234.webp.webp\"  alt=\"El especial mensaje de Messi a Jordi Alba tras anunciar su retiro: &quot;\u00bfQui\u00e9n me va a dar los pases atr\u00e1s?&quot;\" title=\"El especial mensaje de Messi a Jordi Alba tras anunciar su retiro: &quot;\u00bfQui\u00e9n me va a dar los pases atr\u00e1s?&quot;\"\/><\/a><a href=\"https:\/\/www.tycsports.com\/francia\/ligue-1\/boca-river-se-fueron-en-conflicto-ligue-1-francia-figuras-valentin-barco-joaquin-panichelli-id690929.html\" onclick=\"ga4SelectContentEvent(&quot;Se fueron mal de Boca y River, la rompen en Francia y su equipo pelea el torneo&quot;,&quot;Ligue 1&quot;,&quot;page_nota-comun-2024-blo_4109&quot;,&quot;Fernando Bajo &quot;);\" class=\"cardImageHolder\" rel=\"nofollow noopener\" target=\"_blank\"><img decoding=\"async\" class=\"cardImage r16x9\" width=\"416\" height=\"234\" fetchpriority=\"low\" loading=\"lazy\" src=\"https:\/\/www.europesays.com\/es\/wp-content\/uploads\/2025\/10\/joaquin-panichelli-y-valentin-barco_416x234.webp.webp\"  alt=\"Se fueron mal de Boca y River, la rompen en Francia y su equipo pelea el torneo\" title=\"Se fueron mal de Boca y River, la rompen en Francia y su equipo pelea el torneo\"\/><\/a><a href=\"https:\/\/www.tycsports.com\/espana\/la-liga\/mateu-alemany-atletico-de-madrid-director-deportivo-id690914.html\" onclick=\"ga4SelectContentEvent(&quot;Marc\\u00f3 la salida de Messi del Barcelona y ahora llega al Atl\\u00e9tico de Madrid&quot;,&quot;La Liga&quot;,&quot;page_nota-comun-2024-blo_4109&quot;,&quot;Lautaro Mourin&quot;);\" class=\"cardImageHolder\" rel=\"nofollow noopener\" target=\"_blank\"><img decoding=\"async\" class=\"cardImage r16x9\" width=\"416\" height=\"234\" fetchpriority=\"low\" loading=\"lazy\" src=\"https:\/\/www.europesays.com\/es\/wp-content\/uploads\/2025\/10\/mateu-alemany_416x234.webp.webp\"  alt=\"Marc\u00f3 la salida de Messi del Barcelona y ahora llega al Atl\u00e9tico de Madrid\" title=\"Marc\u00f3 la salida de Messi del Barcelona y ahora llega al Atl\u00e9tico de Madrid\"\/><\/a><a href=\"https:\/\/www.tycsports.com\/mundial\/valderrama-colombia-mundial--id690908.html\" onclick=\"ga4SelectContentEvent(&quot;Valderrama sue\\u00f1a en grande: \\u201cColombia est\\u00e1 para jugar la final del Mundial\\u201d&quot;,&quot;Mundial&quot;,&quot;page_nota-comun-2024-blo_4109&quot;,&quot;Delfina Gatti&quot;);\" class=\"cardImageHolder\" rel=\"nofollow noopener\" target=\"_blank\"><img decoding=\"async\" class=\"cardImage r16x9\" width=\"416\" height=\"234\" fetchpriority=\"low\" loading=\"lazy\" src=\"https:\/\/www.europesays.com\/es\/wp-content\/uploads\/2025\/10\/carlos-valderrama_416x234.webp\"  alt=\"Valderrama sue\u00f1a en grande: \u201cColombia est\u00e1 para jugar la final del Mundial\u201d\" title=\"Valderrama sue\u00f1a en grande: \u201cColombia est\u00e1 para jugar la final del Mundial\u201d\"\/><\/a><a href=\"https:\/\/www.tycsports.com\/ecuador\/futbol-de-ecuador\/paton-bauza-familia-dura-enfermedad-demencia-frontotemporal--id690892.html\" onclick=\"ga4SelectContentEvent(&quot;La familia del Pat\\u00f3n Bauza revel\\u00f3 c\\u00f3mo enfrenta su dura enfermedad&quot;,&quot;F\\u00fatbol de Ecuador&quot;,&quot;page_nota-comun-2024-blo_4109&quot;,&quot;Lautaro Mourin&quot;);\" class=\"cardImageHolder\" rel=\"nofollow noopener\" target=\"_blank\"><img decoding=\"async\" class=\"cardImage r16x9\" width=\"416\" height=\"234\" fetchpriority=\"low\" loading=\"lazy\" src=\"https:\/\/www.europesays.com\/es\/wp-content\/uploads\/2025\/10\/edgardo-bauza-liga-de-quito_416x234.webp\"  alt=\"La familia del Pat\u00f3n Bauza revel\u00f3 c\u00f3mo enfrenta su dura enfermedad\" title=\"La familia del Pat\u00f3n Bauza revel\u00f3 c\u00f3mo enfrenta su dura enfermedad\"\/><\/a><a href=\"https:\/\/www.tycsports.com\/seleccion-argentina\/facundo-buonanotte-seleccion-argentina-enzo-fernandez-alejandro-garnacho-chelsea--id690857.html\" onclick=\"ga4SelectContentEvent(&quot;Buonanotte, de los elogios a Enzo y Garnacho al sue\\u00f1o de volver a la Selecci\\u00f3n: \\&quot;Quiero demostrar que estoy a la altura\\&quot;&quot;,&quot;Selecci\\u00f3n Argentina&quot;,&quot;page_nota-comun-2024-blo_4109&quot;,&quot;Federico Zbogar&quot;);\" class=\"cardImageHolder\" rel=\"nofollow noopener\" target=\"_blank\">&#13;<br \/>\n                    &#13;<br \/>\n                    &#13;<br \/>\n                <img decoding=\"async\" class=\"cardImage r16x9\" width=\"416\" height=\"234\" fetchpriority=\"low\" loading=\"lazy\" src=\"https:\/\/www.europesays.com\/es\/wp-content\/uploads\/2025\/10\/facundo-buonanotte_416x234.webp\"  alt=\"Buonanotte, de los elogios a Enzo y Garnacho al sue\u00f1o de volver a la Selecci\u00f3n: &quot;Quiero demostrar que estoy a la altura&quot;\" title=\"Buonanotte, de los elogios a Enzo y Garnacho al sue\u00f1o de volver a la Selecci\u00f3n: &quot;Quiero demostrar que estoy a la altura&quot;\"\/><\/a>&#13;<br \/>\n&#13;<br \/>\n    &#13;<br \/>\n&#13;<br \/>\n&#13;<br \/>\n                  &#13;<\/p>\n","protected":false},"excerpt":{"rendered":"&#13; &#13; &#13; &#13; Deco, Director Deportivo del Blaugrana, ahond\u00f3 sobre la notificaci\u00f3n que enviaron a la RFEF&hellip;\n","protected":false},"author":2,"featured_media":161737,"comment_status":"","ping_status":"","sticky":false,"template":"","format":"standard","meta":{"footnotes":""},"categories":[268],"tags":[168,25,24,280,282,1698,2918,281,23,167],"class_list":{"0":"post-161736","1":"post","2":"type-post","3":"status-publish","4":"format-standard","5":"has-post-thumbnail","7":"category-futbol","8":"tag-deportes","9":"tag-es","10":"tag-espana","11":"tag-football","12":"tag-futbol","13":"tag-futbol-internacional","14":"tag-la-liga","15":"tag-soccer","16":"tag-spain","17":"tag-sports"},"share_on_mastodon":{"url":"","error":""},"_links":{"self":[{"href":"https:\/\/www.europesays.com\/es\/wp-json\/wp\/v2\/posts\/161736","targetHints":{"allow":["GET"]}}],"collection":[{"href":"https:\/\/www.europesays.com\/es\/wp-json\/wp\/v2\/posts"}],"about":[{"href":"https:\/\/www.europesays.com\/es\/wp-json\/wp\/v2\/types\/post"}],"author":[{"embeddable":true,"href":"https:\/\/www.europesays.com\/es\/wp-json\/wp\/v2\/users\/2"}],"replies":[{"embeddable":true,"href":"https:\/\/www.europesays.com\/es\/wp-json\/wp\/v2\/comments?post=161736"}],"version-history":[{"count":0,"href":"https:\/\/www.europesays.com\/es\/wp-json\/wp\/v2\/posts\/161736\/revisions"}],"wp:featuredmedia":[{"embeddable":true,"href":"https:\/\/www.europesays.com\/es\/wp-json\/wp\/v2\/media\/161737"}],"wp:attachment":[{"href":"https:\/\/www.europesays.com\/es\/wp-json\/wp\/v2\/media?parent=161736"}],"wp:term":[{"taxonomy":"category","embeddable":true,"href":"https:\/\/www.europesays.com\/es\/wp-json\/wp\/v2\/categories?post=161736"},{"taxonomy":"post_tag","embeddable":true,"href":"https:\/\/www.europesays.com\/es\/wp-json\/wp\/v2\/tags?post=161736"}],"curies":[{"name":"wp","href":"https:\/\/api.w.org\/{rel}","templated":true}]}}