{"id":161738,"date":"2025-10-08T00:17:11","date_gmt":"2025-10-08T00:17:11","guid":{"rendered":"https:\/\/www.europesays.com\/es\/161738\/"},"modified":"2025-10-08T00:17:11","modified_gmt":"2025-10-08T00:17:11","slug":"asi-pasan-sus-dias-lejos-de-la-rutina","status":"publish","type":"post","link":"https:\/\/www.europesays.com\/es\/161738\/","title":{"rendered":"as\u00ed pasan sus d\u00edas lejos de la rutina"},"content":{"rendered":"<p id=\"eOqA8ICNaV\" data-wc=\"117\">Durante los \u00faltimos meses, la familia Beckham ha acaparado titulares de manera constante debido al distanciamiento entr<strong>e Victoria y David con Brooklyn y su esposa, Nicola Peltz.\u00a0<\/strong>A pesar de ello, el matrimonio junto a sus hijos Romeo, Harper y Cruz se mantienen unidos; de hecho, una prueba de ello se vivi\u00f3 esta semana, cuando acudieron a arropar a su madre <a class=\"hm-link ho-link\" href=\"https:\/\/www.hola.com\/fashion\/20250910855028\/victoria-beckham-serie-netflix-firma-moda-record-historico\/\" data-mrf-recirculation=\"article-body-link\" rel=\"nofollow noopener\" target=\"_blank\">durante el desfile en la Paris Fashion Week<\/a>. La jornada en la capital francesa dej\u00f3 momentos memorables en familia, entre los que destac\u00f3 el rom\u00e1ntico beso de celebraci\u00f3n de la dise\u00f1adora y el exfutbolista tras el evento. Ahora, el clan ha puesto rumbo a un lugar muy especial para alejarse de los focos durante unos d\u00edas.<\/p>\n<p> <img src=\"https:\/\/www.europesays.com\/es\/wp-content\/uploads\/2025\/10\/8fb407ea8932-foto1-ig.jpg\"   width=\"819\" height=\"1024\" loading=\"lazy\" decoding=\"async\" alt=\"Familia Beckham en Par\u00eds\" fetchpriority=\"auto\" class=\"image ho-image\"\/>\u00a9 victoriabeckhamFotograf\u00edas de archivo<\/p>\n<p data-wc=\"136\" id=\"e-n5en2GQI\">El matrimonio de estrellas internacionales ha escogido nuestro pa\u00eds como destino para disfrutar de unos merecidos d\u00edas de descanso. Concretamente, han decidido pasar unos d\u00edas en Mallorca tras su paso por Par\u00eds, seg\u00fan ha publicado el medio \u00daltima Hora. A<a class=\"hm-link ho-link\" href=\"https:\/\/www.hola.com\/actualidad\/20250925857964\/brooklyn-beckham-habla-primera-vez-ruptura-familiar\/\" data-mrf-recirculation=\"article-body-link\" rel=\"nofollow noopener\" target=\"_blank\">dem\u00e1s, Victoria y David Beckham no se encuentran solos,<\/a> sino que les acompa\u00f1an dos de sus cuatro hijos, Cruz y Harper, con quienes aprovechan estos momentos para disfrutar en familia lejos del ajetreo medi\u00e1tico. Tal y como informa el citado medio, la dise\u00f1adora y el exfutbolista ordenaron a su equipo trasladar su lujoso yate, Seven, a las tranquilas aguas de Port de S\u00f3ller. All\u00ed, toda la tripulaci\u00f3n trabaj\u00f3 minuciosamente para que la impresionante embarcaci\u00f3n estuviera en perfecto estado a su llegada, garantizando que la familia pudiera comenzar su estancia de la manera m\u00e1s c\u00f3moda y exclusiva posible.\u00a0<\/p>\n<p> <img src=\"https:\/\/www.europesays.com\/es\/wp-content\/uploads\/2025\/10\/c374db7c576b-fun-few-days-in-vegas-i-love-you-all-victoriabeckham-romeobeckham-cruzbeck.jpg\"   width=\"1024\" height=\"768\" loading=\"lazy\" decoding=\"async\" alt=\"La familia Beckham\" fetchpriority=\"auto\" class=\"image ho-image\"\/>\u00a9 davidbeckham<\/p>\n<p id=\"e2rUzkcw_2\" data-wc=\"68\">Seg\u00fan informa el medio citado, los Beckham aterrizaron en Palma procedentes de un vuelo privado. Al pisar suelo espa\u00f1ol, el exjugador del Real Madrid y la ic\u00f3nica exmiembro del inolvidable grupo Spice Girls se dirigieron directamente al puerto de S\u00f3ller, ubicado frente al renombrado restaurante Suculenta. Este lugar fue elegido como punto de inicio de una elegante ruta mar\u00edtima que combin\u00f3 glamour con la serenidad caracter\u00edstica del Mediterr\u00e1neo.<\/p>\n<p> <img src=\"https:\/\/www.europesays.com\/es\/wp-content\/uploads\/2025\/10\/0a62f948062e-davidbeckham-2.jpg\"   width=\"1024\" height=\"1024\" loading=\"lazy\" decoding=\"async\" alt=\"Media Image\" fetchpriority=\"auto\" class=\"image ho-image\"\/>\u00a9 davidbeckham<\/p>\n<p> <img src=\"https:\/\/www.europesays.com\/es\/wp-content\/uploads\/2025\/10\/aab814e20094-davidbeckham-3.jpg\"   width=\"1024\" height=\"1024\" loading=\"lazy\" decoding=\"async\" alt=\"Media Image\" fetchpriority=\"auto\" class=\"image ho-image\"\/>\u00a9 davidbeckham<\/p>\n<p id=\"e2kfc7ua7gE\" data-wc=\"82\">Entre las paradas destacadas de su itinerario, llam\u00f3 la atenci\u00f3n la tranquila jornada matutina fondeados cerca de Sa Foradada, donde se les pudo observar disfrutando de un merecido descanso tras el almuerzo. <a class=\"hm-link ho-link\" href=\"https:\/\/www.hola.com\/actualidad\/20250930858892\/nicola-peltz-brooklyn-beckham-razon-ausencia-boda-selena-gomez\/\" data-mrf-recirculation=\"article-body-link\" rel=\"nofollow noopener\" target=\"_blank\">La familia, conocida por su estilo sofisticado<\/a>, parece haber encontrado en esta escapada un espacio de calma y privacidad, mientras disfrutan del paisaje \u00fanico y de la luz t\u00edpica de la costa mallorquina. El recorrido de los Beckham por el litoral balear ha despertado gran inter\u00e9s entre locales y visitantes.<\/p>\n<p> <img src=\"https:\/\/www.europesays.com\/es\/wp-content\/uploads\/2025\/10\/5451ff9d6990-davidbeckham-4.jpg\"   width=\"1024\" height=\"1024\" loading=\"lazy\" decoding=\"async\" alt=\"Media Image\" fetchpriority=\"auto\" class=\"image ho-image\"\/>\u00a9 davidbeckham<\/p>\n<p id=\"er4y_X7bZsa\" data-wc=\"112\">Otra de las escalas que han realizado <strong>ha sido en el Port d\u2019Andratx donde la dise\u00f1adora pis\u00f3 tierra para pasear junto a su hija Harper<\/strong> y un discreto equipo de seguridad mientras que David y su hijo se quedaban descansando en las tumbonas de su yate tomando un caf\u00e9 con leche. A pesar de esta parada, seg\u00fan informa el citado medio, la \u00fanica noche que el matrimonio baj\u00f3 a la vez del Seven fue para cenar en el restaurante Suculenta, del Port de Soller, donde disfrutaron de una lubina al josper, con le\u00f1a de naranjo, con verduras a la plancha, mientras que el empresario se decant\u00f3 por carpaccio de ventresca de at\u00fan.\u00a0<\/p>\n<p> <img src=\"https:\/\/www.europesays.com\/es\/wp-content\/uploads\/2025\/10\/ef23c8ef42ff-davidbeckham-1.jpg\"   width=\"1024\" height=\"846\" loading=\"lazy\" decoding=\"async\" alt=\"Media Image\" fetchpriority=\"auto\" class=\"image ho-image\"\/>\u00a9 davidbeckham<br \/>\nLos Beckham arropan a Victoria en su desfile en Par\u00edsBrooklyn Beckham habla por primera vez de la ruptura familiar<\/p>\n<p id=\"eS53BevyP_\" data-wc=\"191\">La crisis de<strong>\u00a0Brooklyn y Nicola Peltz\u00a0<\/strong>con los Beckham es una de las pol\u00e9micas del a\u00f1o. Durante 25 a\u00f1os, el futbolista, la dise\u00f1adora y sus cuatro hijos han demostrado que son una pi\u00f1a, pero todo ha cambiado entre ellos. \u00a0Fue hace tan solo unas semanas cuando <strong>Brooklyn dio un paso al frente pronunci\u00e1ndose acerca de esta nueva etapa.\u00a0<\/strong>El hijo mayor de los Beckham explic\u00f3 a Daily Mail que se mantiene al margen del inter\u00e9s que despierta su vida personal, especialmente en los \u00faltimos meses. \u00abTodo el mundo siempre va a decir tonter\u00edas. Simplemente intento hacer esto, jugar al golf con amigos. Es muy divertido\u00bb, confes\u00f3 sin querer hacer referencia a la distancia emocional con sus padres y hermanos. Eso s\u00ed, dej\u00f3 claro que su absoluta prioridad es Nicola Peltz, con la que contrajo matrimonio en abril de 2022 y con la que renov\u00f3 los votos este mismo verano en una<a class=\"hm-link ho-link\" href=\"https:\/\/www.hola.com\/actualidad\/20250818850643\/las-palabras-de-brooklyn-beckham-que-confirman-la-ruptura\/\" data-mrf-recirculation=\"article-body-link\" rel=\"nofollow noopener\" target=\"_blank\">\u00a0ceremonia a la que no asisti\u00f3 ninguno de sus familiares<\/a>. \u00ab<strong>Siempre habr\u00e1 gente que diga cosas negativas, pero tengo una esposa que me apoya mucho<\/strong>. Ella y yo hacemos lo nuestro, nos concentramos y trabajamos. Y somos felices\u00bb, zanj\u00f3.\u00a0<\/p>\n<p> <img src=\"https:\/\/www.europesays.com\/es\/wp-content\/uploads\/2025\/10\/1dcb8113086a-gettyimages-2174599536.jpg\"   width=\"682\" height=\"1024\" loading=\"lazy\" decoding=\"async\" alt=\"Brooklyn Beckham y Nicola Peltz asisten al desfile de moda femenina de Balmain Primavera-Verano 2025, en el marco de la Semana de la Moda de Par\u00eds, el 25 de septiembre de 2024 en Par\u00eds, Francia.\" fetchpriority=\"auto\" class=\"image ho-image\"\/>\u00a9 Getty Images<\/p>\n","protected":false},"excerpt":{"rendered":"Durante los \u00faltimos meses, la familia Beckham ha acaparado titulares de manera constante debido al distanciamiento entre Victoria&hellip;\n","protected":false},"author":2,"featured_media":161739,"comment_status":"","ping_status":"","sticky":false,"template":"","format":"standard","meta":{"footnotes":""},"categories":[174],"tags":[517,255,3062,146,147,25,24,256,19281,23,3063],"class_list":{"0":"post-161738","1":"post","2":"type-post","3":"status-publish","4":"format-standard","5":"has-post-thumbnail","7":"category-famosos","8":"tag-actualidad","9":"tag-celebrities","10":"tag-david-beckham","11":"tag-entertainment","12":"tag-entretenimiento","13":"tag-es","14":"tag-espana","15":"tag-famosos","16":"tag-harper-beckham","17":"tag-spain","18":"tag-victoria-beckham"},"share_on_mastodon":{"url":"","error":""},"_links":{"self":[{"href":"https:\/\/www.europesays.com\/es\/wp-json\/wp\/v2\/posts\/161738","targetHints":{"allow":["GET"]}}],"collection":[{"href":"https:\/\/www.europesays.com\/es\/wp-json\/wp\/v2\/posts"}],"about":[{"href":"https:\/\/www.europesays.com\/es\/wp-json\/wp\/v2\/types\/post"}],"author":[{"embeddable":true,"href":"https:\/\/www.europesays.com\/es\/wp-json\/wp\/v2\/users\/2"}],"replies":[{"embeddable":true,"href":"https:\/\/www.europesays.com\/es\/wp-json\/wp\/v2\/comments?post=161738"}],"version-history":[{"count":0,"href":"https:\/\/www.europesays.com\/es\/wp-json\/wp\/v2\/posts\/161738\/revisions"}],"wp:featuredmedia":[{"embeddable":true,"href":"https:\/\/www.europesays.com\/es\/wp-json\/wp\/v2\/media\/161739"}],"wp:attachment":[{"href":"https:\/\/www.europesays.com\/es\/wp-json\/wp\/v2\/media?parent=161738"}],"wp:term":[{"taxonomy":"category","embeddable":true,"href":"https:\/\/www.europesays.com\/es\/wp-json\/wp\/v2\/categories?post=161738"},{"taxonomy":"post_tag","embeddable":true,"href":"https:\/\/www.europesays.com\/es\/wp-json\/wp\/v2\/tags?post=161738"}],"curies":[{"name":"wp","href":"https:\/\/api.w.org\/{rel}","templated":true}]}}