{"id":161746,"date":"2025-10-08T00:22:20","date_gmt":"2025-10-08T00:22:20","guid":{"rendered":"https:\/\/www.europesays.com\/es\/161746\/"},"modified":"2025-10-08T00:22:20","modified_gmt":"2025-10-08T00:22:20","slug":"peliculas-peruanas-2025-guia-completa-para-ver-en-cines-este-ano-saltar-intro","status":"publish","type":"post","link":"https:\/\/www.europesays.com\/es\/161746\/","title":{"rendered":"Pel\u00edculas peruanas 2025: gu\u00eda completa para ver en cines este a\u00f1o | SALTAR-INTRO"},"content":{"rendered":"<p itemprop=\"description\" class=\"story-contents__font-paragraph \"><b>La producci\u00f3n de cine peruano en 2025 crece con m\u00e1s pel\u00edculas de acci\u00f3n y comedias musicales en los mejores <\/b><a itemprop=\"url\" href=\"https:\/\/elcomercio.pe\/saltar-intro\/streaming\/series\/las-mejores-series-originales-de-2025-que-ver-hoy-en-netflix-prime-video-hbo-max-disney-y-vix-noticia\/\" target=\"_blank\" rel=\"noreferrer nofollow noopener\" title=\"https:\/\/elcomercio.pe\/saltar-intro\/streaming\/series\/las-mejores-series-originales-de-2025-que-ver-hoy-en-netflix-prime-video-hbo-max-disney-y-vix-noticia\/\"><b>estrenos<\/b><\/a><b> de septiembre y octubre. Entre las propuestas que ya llegaron a la cartelera y las que est\u00e1n por venir antes de que finalice el a\u00f1o, destacan t\u00edtulos como \u201cSoltera, casada, viuda, divorciada 2\u2033 y \u201cEl coraz\u00f3n del lobo\u201d, dirigida por Francisco J. Lombardi. Revisa la lista completa a continuaci\u00f3n.<\/b><\/p>\n<blockquote class=\"story-contents__blockquote\"><p><b>MIRA: <\/b><a href=\"https:\/\/clubelcomercio.pe\/catalogo-virtual\/tipo\/entretenimiento?utm_source=referal&amp;utm_campaign=textoentretenimiento_elcomercio\" rel=\"nofollow noopener\" target=\"_blank\">Hasta 57% de dscto. en lo mejor del entretenimiento. Conoce todas las promociones aqu\u00ed<\/a><\/p><\/blockquote>\n<p><b>Pel\u00edculas peruanas 2025 en cines hasta octubre<\/b><b>\u201cAmor erizo\u201d<\/b><img loading=\"lazy\" src=\"https:\/\/www.europesays.com\/es\/wp-content\/uploads\/2025\/10\/SPO5HU64SVAVRMD7C76X55XGP4.jpg\" alt=\"&quot;Amor erizo&quot;. (Foto: Difusi\u00f3n)\" decoding=\"async\" class=\"lazy story-contents__image w-full o-cover\" style=\"--aspect-ratio:1998\/1080\" width=\"1998\" height=\"1080\"\/><\/p>\n<p>\u00abAmor erizo\u00bb. (Foto: Difusi\u00f3n)<\/p>\n<p itemprop=\"description\" class=\"story-contents__font-paragraph \">Dirigida por P.J. Ruiz<\/p>\n<p class=\"cutter-nl__title\">Newsletter Saltar Intro<\/p>\n<p><img decoding=\"async\" src=\"https:\/\/www.europesays.com\/es\/wp-content\/uploads\/2025\/08\/saltar_intro.png\" width=\"87\" height=\"87\" alt=\"Alfonso Rivadeneyra\" class=\"cutter-nl__author-image\" loading=\"lazy\"\/><\/p>\n<p class=\"cutter-nl__newsletter-description\">Alfonso Rivadeneyra analiza las series y pel\u00edculas que no puedes perderte, todos los jueves.<\/p>\n<p>Rec\u00edbelo<\/p>\n<p itemprop=\"description\" class=\"story-contents__font-paragraph \">Sigue la historia de Alicia y Eduardo durante 15 a\u00f1os de relaci\u00f3n, t\u00edpica comedia rom\u00e1ntica marcada por retos sentimentales y una atm\u00f3sfera intimista. Fue protagonizada por Patricia Barreto y Oscar Meza, con la banda sonora de Pelo Madue\u00f1o. <\/p>\n<ul class=\"story-contents__paragraph-list list-unordered\">\n<li>Fecha de estreno en Per\u00fa: 23 de enero de 2025<\/li>\n<\/ul>\n<p><b>\u201cLocos de amor: mi primer amor\u201d<\/b><img loading=\"lazy\" src=\"https:\/\/www.europesays.com\/es\/wp-content\/uploads\/2025\/10\/PRHUMA7QBBAGJB3LD7SCSC242A.jpg\" alt=\"Imagen del primer tr\u00e1iler de &quot;Locos de amor: mi primer amor&quot;, pel\u00edcula peruana.\" decoding=\"async\" class=\"lazy story-contents__image w-full o-cover\" style=\"--aspect-ratio:1600\/1066\" width=\"1600\" height=\"1066\"\/><\/p>\n<p>Imagen del primer tr\u00e1iler de \u00abLocos de amor: mi primer amor\u00bb, pel\u00edcula peruana.<\/p>\n<p> \/ Tondero<\/p>\n<p itemprop=\"description\" class=\"story-contents__font-paragraph \">En su cuarta entrega, la franquicia musical producida por Miguel Valladares, quien dirige su opera prima, muestra la amistad y el despertar sentimental de un grupo de j\u00f3venes en su \u00faltimo a\u00f1o escolar, en un viaje a Uruguay. Tuvieron que filmar fuera del pa\u00eds, debido a las dificultades crediticias para producir dentro del Per\u00fa. Participan Thiago Vernal, Ray del Castillo, Brando Gallesi, Mar\u00eda Gracia Mora, Alexia Barnechea y Arianna Fern\u00e1ndez. La cinta utiliza m\u00fasica de los a\u00f1os 90 para las coreograf\u00edas.<\/p>\n<ul class=\"story-contents__paragraph-list list-unordered\">\n<li>Fecha de estreno en Per\u00fa: febrero de 2025<\/li>\n<\/ul>\n<p><b>\u201cKaruara, la gente del r\u00edo\u201d<\/b><img loading=\"lazy\" src=\"https:\/\/www.europesays.com\/es\/wp-content\/uploads\/2025\/10\/AV6SS3KKOVEJNKYH3RULFKWXAA.jpg\" alt=\"Imagen de &quot;Karuara: la gente del r\u00edo&quot;.\" decoding=\"async\" class=\"lazy story-contents__image w-full o-cover\" style=\"--aspect-ratio:1290\/708\" width=\"1290\" height=\"708\"\/><\/p>\n<p>Imagen de \u00abKaruara: la gente del r\u00edo\u00bb.<\/p>\n<p> \/ Asociaci\u00f3n Quisca<\/p>\n<p itemprop=\"description\" class=\"story-contents__font-paragraph \">Documental de la canadiense Stephanie Boyd y el director cusque\u00f1o Miguel Araoz. Retrata la lucha del pueblo Kukama por preservar el r\u00edo Mara\u00f1\u00f3n (Amazon\u00eda peruana). Sus animaciones se integran a testimonios que resaltan el v\u00ednculo espiritual y la defensa de derechos ambientales. <\/p>\n<ul class=\"story-contents__paragraph-list list-unordered\">\n<li>Fecha de estreno en Per\u00fa: 20 de febrero de 2025<\/li>\n<\/ul>\n<p><b>\u201cNo te mueras por m\u00ed\u201d<\/b><img loading=\"lazy\" src=\"https:\/\/www.europesays.com\/es\/wp-content\/uploads\/2025\/10\/F6SEH6ZTBNBJZKTSWBD4MRSEEA.png\" alt=\"Imagen de \u201cNo te mueras por m\u00ed\u201d. \" decoding=\"async\" class=\"lazy story-contents__image w-full o-cover\" style=\"--aspect-ratio:1280\/800\" width=\"1280\" height=\"800\"\/><\/p>\n<p>Imagen de \u201cNo te mueras por m\u00ed\u201d. <\/p>\n<p itemprop=\"description\" class=\"story-contents__font-paragraph \">Dirigida por Daniel Rehder, aborda la violencia de g\u00e9nero a trav\u00e9s de la historia de Emma y Crist\u00f3bal, interpretados por Ximena Palomino y Carlos Rey de Castro. Reconocida con el premio a Mejor Guion en el Colorado International Activism Film Festival, busca generar conciencia sobre un problema social urgente.<\/p>\n<ul class=\"story-contents__paragraph-list list-unordered\">\n<li>Fecha de estreno en Per\u00fa: 3 de abril de 2025<\/li>\n<\/ul>\n<p><b>\u201cSoltera, casada, viuda, divorciada 2\u2033<\/b><img loading=\"lazy\" src=\"https:\/\/www.europesays.com\/es\/wp-content\/uploads\/2025\/10\/T7G4Z4CLMBEW5G6XW3M3VTZAXY.jpg\" alt=\"Imagen de &quot;Soltera, Casada, Viuda, Divorciada 2&quot;.\" decoding=\"async\" class=\"lazy story-contents__image w-full o-cover\" style=\"--aspect-ratio:1600\/1066\" width=\"1600\" height=\"1066\"\/><\/p>\n<p>Imagen de \u00abSoltera, Casada, Viuda, Divorciada 2\u00bb.<\/p>\n<p itemprop=\"description\" class=\"story-contents__font-paragraph \">Secuela dirigida por Ani Alva Helfer, la directora de comedias rom\u00e1nticas enfocadas en autorrealizaci\u00f3n personal. Este t\u00edtulo re\u00fane a Patricia Portocarrero, Gianella Neyra, Milene V\u00e1zquez y Katia Condos en nuevas aventuras donde ellas se reinventan entre la amistad y la familia. Ambientada en Pacasmayo, Lima y Chile, es relevante por continuar una saga popular en la taquilla nacional, donde su precuela se posicion\u00f3 con 1 mill\u00f3n de espectadores. <\/p>\n<ul class=\"story-contents__paragraph-list list-unordered\">\n<li>Fecha de estreno en Per\u00fa: 17 de abril de 2025<\/li>\n<li>La primera y la segunda pel\u00edcula de la saga est\u00e1n disponibles en Netflix.<\/li>\n<\/ul>\n<p><b>\u201cKayara: la princesa inca\u201d<\/b><img loading=\"lazy\" src=\"https:\/\/www.europesays.com\/es\/wp-content\/uploads\/2025\/10\/JLDDE3ZMFRGALBVHTF76TWGQWY.jpg\" alt=\"Kayara es hija de un chasqui.\" decoding=\"async\" class=\"lazy story-contents__image w-full o-cover\" style=\"--aspect-ratio:1800\/1013\" width=\"1800\" height=\"1013\"\/><\/p>\n<p>Kayara es hija de un chasqui.<\/p>\n<p> \/ Tunche Films<\/p>\n<p itemprop=\"description\" class=\"story-contents__font-paragraph \">Animaci\u00f3n coproducida entre Per\u00fa y Espa\u00f1a, dirigida por C\u00e9sar Zelada, se trata de la primera mujer chasqui en el Imperio Inca. Resalta por su reivindicaci\u00f3n hist\u00f3rica y valor educativo, as\u00ed como por el uso de nuevas t\u00e9cnicas visuales. Pronto estar\u00e1 en los cines de Estados Unidos.<\/p>\n<ul class=\"story-contents__paragraph-list list-unordered\">\n<li>Fecha de estreno en Per\u00fa: 6 de marzo de 2025<\/li>\n<\/ul>\n<p><b>\u201cCuadril\u00e1tero\u201d<\/b><img loading=\"lazy\" src=\"https:\/\/www.europesays.com\/es\/wp-content\/uploads\/2025\/10\/GXYALEDZUBHMZHKKORXF65M67U.jpg\" alt=\"Imagen de &quot;Cuadril\u00e1tero&quot;.\" decoding=\"async\" class=\"lazy story-contents__image w-full o-cover\" style=\"--aspect-ratio:5120\/2770\" width=\"5120\" height=\"2770\"\/><\/p>\n<p>Imagen de \u00abCuadril\u00e1tero\u00bb.<\/p>\n<p itemprop=\"description\" class=\"story-contents__font-paragraph \">Dirigida por Daniel Rodr\u00edguez Risco, esta comedia negra retrata la distorsi\u00f3n de la vida familiar cuando el equilibrio se rompe. Protagonizada por Lizet Ch\u00e1vez, Valentina Saba, Gonzalo Molina y su hijo, Fausto Molina, la historia sigue a una madre cuya aparente vida perfecta se desmorona con la llegada de un tercer hijo, desatando un perturbador \u2018juego de sillas\u2019 donde solo hay lugar para cuatro. El filme gan\u00f3 en Biarritz, Madrid y el Festival Europeo de Cine Independiente, y es la candidata peruana a los Premios Goya 2025.<\/p>\n<ul class=\"story-contents__paragraph-list list-unordered\">\n<li>Fecha de estreno en Per\u00fa: 12 de junio de 2025<\/li>\n<\/ul>\n<p><b>\u201cLos patos y las patas\u201d<\/b><img loading=\"lazy\" src=\"https:\/\/www.europesays.com\/es\/wp-content\/uploads\/2025\/10\/RT6ZHAXUGBF6JLQ7LYWJE7QDEQ.jpg\" alt=\"Imagen de &quot;Los patos y las patas&quot;.\" decoding=\"async\" class=\"lazy story-contents__image w-full o-cover\" style=\"--aspect-ratio:1200\/810\" width=\"1200\" height=\"810\"\/><\/p>\n<p>Imagen de \u00abLos patos y las patas\u00bb.<\/p>\n<p itemprop=\"description\" class=\"story-contents__font-paragraph \">Comedia familiar con las canciones de Ra\u00fal Romero. Este jukebox, un mix de m\u00fasica de los noventas en Per\u00fa, tiene como protagonistas a Diego Villar\u00e1n y Francisca Aronsson en una historia de amor adolescente y viajes en el tiempo, al estilo de cl\u00e1sicos como \u201c17 otra vez\u201d o \u201cComo si tuviera 30\u201d. Tuvo buena acogida, con m\u00e1s de <a itemprop=\"url\" href=\"https:\/\/x.com\/SoyAlPacine\/status\/1975289783997096040\/\" target=\"_blank\" rel=\"noreferrer nofollow\" title=\"https:\/\/x.com\/SoyAlPacine\/status\/1975289783997096040\">84 mil espectadores<\/a> en su tercer fin de semana, pues se posicion\u00f3 entre las cintas peruanas con mejor recepci\u00f3n en septiembre.<\/p>\n<ul class=\"story-contents__paragraph-list list-unordered\">\n<li>Fecha de estreno en Per\u00fa: 18 de septiembre de 2025<\/li>\n<\/ul>\n<p><b>\u201cEl coraz\u00f3n del lobo\u201d<\/b><img loading=\"lazy\" src=\"https:\/\/www.europesays.com\/es\/wp-content\/uploads\/2025\/10\/R4HEAU2N2NG2DJ7SPAXE7MWBFI.jpg\" alt=\"Imagen de &quot;El coraz\u00f3n del lobo&quot;.\" decoding=\"async\" class=\"lazy story-contents__image w-full o-cover\" style=\"--aspect-ratio:2250\/1500\" width=\"2250\" height=\"1500\"\/><\/p>\n<p>Imagen de \u00abEl coraz\u00f3n del lobo\u00bb.<\/p>\n<p itemprop=\"description\" class=\"story-contents__font-paragraph \">Dirigida por Francisco J. Lombardi, se centra en la infancia robada de Aquiles, un ni\u00f1o ash\u00e1ninka a quien Sendero Luminoso secuestra y esclaviza bajo su distorsionado yugo marxista y leninista. Basada en la novela\u201dEl miedo del lobo\u00bb, de Carlos Enrique Freyre, la pel\u00edcula brinda un espect\u00e1culo de crudeza y visceralidad, donde el espectador se siente inmerso en la selva y aquella cruel \u00e9poca. La cinta sorprendi\u00f3 en el puesto 1 de la lista de estreno de la primera semana de octubre, con m\u00e1s de 23.000 mil espectadores.<\/p>\n<ul class=\"story-contents__paragraph-list list-unordered\">\n<li>Fecha de estreno en Per\u00fa: 2 de octubre de 2025<\/li>\n<\/ul>\n<p><b>\u201cUchpa\u201d<\/b><img loading=\"lazy\" src=\"https:\/\/www.europesays.com\/es\/wp-content\/uploads\/2025\/10\/RMNSI5R56FCCXK6YEM5LKHXJPE.jpg\" alt=\"\" decoding=\"async\" class=\"lazy story-contents__image w-full o-cover\" style=\"--aspect-ratio:3000\/2002\" width=\"3000\" height=\"2002\"\/><\/p>\n<p itemprop=\"description\" class=\"story-contents__font-paragraph \">Documental biogr\u00e1fico dirigido por Antonio Rodr\u00edguez Roman\u00ed que retrata la vida y carrera de Fredy Ortiz, l\u00edder de la banda peruana Uchpa, pionera en fusionar hard rock y blues con letras en quechua. El filme de 87 minutos explora el regreso de Ortiz a los pueblos marcados por la violencia del conflicto armado interno en Per\u00fa. Muestra c\u00f3mo la m\u00fasica se convierte en una herramienta para sanar, recordar y transformar el silencio en expresi\u00f3n cultural. <\/p>\n<ul class=\"story-contents__paragraph-list list-unordered\">\n<li>Fecha de estreno en Festival de Cine de Lima: 9 de agosto de 2025<\/li>\n<\/ul>\n<p><b>\u201cAstronauta\u201d<\/b><img loading=\"lazy\" src=\"https:\/\/www.europesays.com\/es\/wp-content\/uploads\/2025\/10\/WCOIPG23TZCZPH3SWN5CJLLUYM.jpg\" alt=\"Imagen de &quot;Astronauta&quot;.\" decoding=\"async\" class=\"lazy story-contents__image w-full o-cover\" style=\"--aspect-ratio:5199\/2924\" width=\"5199\" height=\"2924\"\/><\/p>\n<p>Imagen de \u00abAstronauta\u00bb.<\/p>\n<p> \/ DANIELA TALAVERA<\/p>\n<p itemprop=\"description\" class=\"story-contents__font-paragraph \">Coproducci\u00f3n entre Per\u00fa, Colombia y Uruguay. La opera prima del director y actor Paul Vega \u201cAstronauta\u201d narra la historia de Nicol\u00e1s (Daniel Hendler), un presentador de televisi\u00f3n que, pese a su aparente \u00e9xito profesional y familiar junto a su esposa Claudia (Angie Cepeda), atraviesa una crisis de sentido y distancia emocional. Completan el elenco Salvador del Solar, Gustavo Bueno, Marco Zunino y Fiorella Luna. La pel\u00edcula se estren\u00f3 en circuitos limitados con pocas funciones.<\/p>\n<ul class=\"story-contents__paragraph-list list-unordered\">\n<li>Fecha de estreno en Per\u00fa: Agosto de 2025<\/li>\n<\/ul>\n<p><b>\u201cRam\u00f3n Ram\u00f3n\u201d<\/b><img loading=\"lazy\" src=\"https:\/\/www.europesays.com\/es\/wp-content\/uploads\/2025\/10\/X4GHGB6XP5AQ7PQGUGNBOQUHAI.jpg\" alt=\"Imagen de &quot;Ram\u00f3n, Ram\u00f3n&quot;.\" decoding=\"async\" class=\"lazy story-contents__image w-full o-cover\" style=\"--aspect-ratio:1200\/810\" width=\"1200\" height=\"810\"\/><\/p>\n<p>Imagen de \u00abRam\u00f3n, Ram\u00f3n\u00bb.<\/p>\n<p itemprop=\"description\" class=\"story-contents__font-paragraph \">Con esta pel\u00edcula, Salvador del Solar marca su regreso a la direcci\u00f3n de cine, continuando con su nueva etapa de vida lejos de la pol\u00edtica nacional. Esta coproducci\u00f3n entre Tondero (Per\u00fa) y el prestigioso estudio espa\u00f1ol El Deseo \u2014fundado por Pedro Almod\u00f3var\u2014 narra la historia de Ram\u00f3n (Emanuel Soriano). Se trata del viaje de un joven que recibe las cenizas de su padre, con quien manten\u00eda una relaci\u00f3n distante, y decide llevarlas a Huancayo para entregarlas a su familia. Al elenco, se suma el actor espa\u00f1ol Dar\u00edo Yazbek (\u201cLa casa de las flores, la pel\u00edcula\u201d). La cinta tambi\u00e9n se estren\u00f3 en circuitos limitados.<\/p>\n<ul class=\"story-contents__paragraph-list list-unordered\">\n<li>Fecha de estreno en Per\u00fa: 8 de agosto de 2025<\/li>\n<\/ul>\n<p><b>\u201cLos indomables, la leyenda del \u00faltimo inca\u201d<\/b><img loading=\"lazy\" src=\"https:\/\/www.europesays.com\/es\/wp-content\/uploads\/2025\/10\/CMS6BJEDOZALNDQCK33W4LNB2U.jpg\" alt=\"\" decoding=\"async\" class=\"lazy story-contents__image w-full o-cover\" style=\"--aspect-ratio:1998\/1052\" width=\"1998\" height=\"1052\"\/><\/p>\n<p itemprop=\"description\" class=\"story-contents__font-paragraph \">Dirigida por Tito Catacora y escrita por el fallecido \u00d3scar Catacora, es un drama que transcurre en la sierra sur del Per\u00fa durante 1781. La pel\u00edcula retrata la rebeli\u00f3n de los Amaru-Kataristas aimaras contra el dominio espa\u00f1ol, liderada por Sapa Inca y su esposa Gregoria Apaza. En este filme sobre memoria ind\u00edgena y fervor libertario, Edwin F. Riva encabeza el elenco, sumado a Maribet Berrocal y Amiel Cayo.<\/p>\n<ul class=\"story-contents__paragraph-list list-unordered\">\n<li>Fecha de estreno en Per\u00fa: primera semana de octubre de 2025<\/li>\n<\/ul>\n<p><b>\u201cNanito\u201d<\/b><img loading=\"lazy\" src=\"https:\/\/www.europesays.com\/es\/wp-content\/uploads\/2025\/10\/N3ZFT7BLZBCJBMTZY3WVOF3NTU.png\" alt=\"Imagen de &quot;Nanito&quot;. \" decoding=\"async\" class=\"lazy story-contents__image w-full o-cover\" style=\"--aspect-ratio:1280\/800\" width=\"1280\" height=\"800\"\/><\/p>\n<p>Imagen de \u00abNanito\u00bb. <\/p>\n<p itemprop=\"description\" class=\"story-contents__font-paragraph \">Dirigida por Guillermo Fern\u00e1ndez Cano y producida por <a itemprop=\"url\" href=\"https:\/\/www.instagram.com\/yapafilms\/\" target=\"_blank\" rel=\"noreferrer nofollow noopener\" title=\"https:\/\/www.instagram.com\/yapafilms\/\">Yapa Films<\/a>, la pel\u00edcula arequipe\u00f1a cuenta la historia de amor entre Nanito (Guido Calder\u00f3n), un hombre de 80 a\u00f1os que decide reconquistar a su antiguo amor, Antonia (Martha Rebaza). Fue elogiada por evitar los estereotipos sobre la vejez y celebrar la vitalidad del adulto mayor. El 90% del equipo t\u00e9cnico era natural de Arequipa. Su c\u00e1lida recepci\u00f3n la llev\u00f3 del s\u00e9ptimo al tercer lugar en la taquilla peruana en octubre.<\/p>\n<ul class=\"story-contents__paragraph-list list-unordered\">\n<li>Fecha de estreno en Per\u00fa: 18 de septiembre de 2025<\/li>\n<\/ul>\n<p><b>\u201cAlfa y bravo\u201d<\/b><\/p>\n<p itemprop=\"description\" class=\"story-contents__font-paragraph \">Escrita, dirigida y coproducida por Aaron Otoya, es una comedia de acci\u00f3n que re\u00fane a rostros virales del Per\u00fa, como Johnny \u201cCholo Soy\u201d Zare, el influencer Sibenito y Mateo Garrido Lecca. <\/p>\n<ul class=\"story-contents__paragraph-list list-unordered\">\n<li>Fecha de estreno en Per\u00fa: 16 de octubre de 2025<\/li>\n<\/ul>\n<p><b>\u201cMy Storylove\u201d<\/b><\/p>\n<p itemprop=\"description\" class=\"story-contents__font-paragraph \">Drama rom\u00e1ntico protagonizado por el influencer Benjam\u00edn Doig Espinoza, apunta a un p\u00fablico joven. Primer puesto en taquilla en la primera semana de octubre.<\/p>\n<ul class=\"story-contents__paragraph-list list-unordered\">\n<li>Fecha de estreno en Per\u00fa: 25 de septiembre 2025<\/li>\n<\/ul>\n<blockquote class=\"story-contents__blockquote\"><p><b>MIRA:<\/b><a href=\"https:\/\/clubelcomercio.pe\/catalogo-virtual\/tipo\/entretenimiento?utm_source=referal&amp;utm_campaign=textoentretenimiento_elcomercio\" rel=\"nofollow noopener\" target=\"_blank\"><b> <\/b>Conciertos, obras de teatro, circos, cine y m\u00e1s con hasta 50% de dscto. Descubre tus promos<\/a><\/p><\/blockquote>\n<p><b>\u00bfQu\u00e9 pel\u00edculas peruanas faltan por estrenar en 2025?<\/b><b>\u201cChav\u00edn de Hu\u00e1ntar: El rescate del siglo\u201d<\/b><img loading=\"lazy\" src=\"https:\/\/www.europesays.com\/es\/wp-content\/uploads\/2025\/10\/HKEY2MWHHBCJXKO5CTA6HWN5LA.JPG\" alt=\"\" decoding=\"async\" class=\"lazy story-contents__image w-full o-cover\" style=\"--aspect-ratio:6000\/4002\" width=\"6000\" height=\"4002\"\/><\/p>\n<p itemprop=\"description\" class=\"story-contents__font-paragraph \">Dirigida por <a itemprop=\"url\" href=\"https:\/\/elcomercio.pe\/saltar-intro\/noticias\/chavin-de-huantar-trailer-y-fecha-de-estreno-de-la-pelicula-peruana-noticia\/\" target=\"_blank\" rel=\"noreferrer nofollow noopener\" title=\"https:\/\/elcomercio.pe\/saltar-intro\/noticias\/chavin-de-huantar-trailer-y-fecha-de-estreno-de-la-pelicula-peruana-noticia\/\">Diego Le\u00f3n<\/a>, pel\u00edcula de acci\u00f3n sobre la operaci\u00f3n de rescate de rehenes en la residencia del embajador japon\u00e9s. Con Rodrigo S\u00e1nchez Pati\u00f1o y Andr\u00e9 Silva, busca rendir homenaje a los comandos peruanos.<\/p>\n<ul class=\"story-contents__paragraph-list list-unordered\">\n<li>Fecha de estreno en Per\u00fa: 30 de octubre de 2025<\/li>\n<\/ul>\n<p><b>\u201cRa\u00edz\u201d<\/b><img loading=\"lazy\" src=\"https:\/\/www.europesays.com\/es\/wp-content\/uploads\/2025\/10\/PYT35YACIZFONOWH553YZOW2EA.jpg\" alt=\"Pel\u00edcula peruana \u201cRa\u00edz\u201d se estrenar\u00e1 en el Festival Internacional de Cine de Berl\u00edn. (Foto: Captura de video)\" decoding=\"async\" class=\"lazy story-contents__image w-full o-cover\" style=\"--aspect-ratio:1214\/808\" width=\"1214\" height=\"808\"\/><\/p>\n<p>Pel\u00edcula peruana \u201cRa\u00edz\u201d se estrenar\u00e1 en el Festival Internacional de Cine de Berl\u00edn. (Foto: Captura de video)<\/p>\n<p itemprop=\"description\" class=\"story-contents__font-paragraph \">Dirigida por Franco Garc\u00eda Becerra, coproducci\u00f3n entre Per\u00fa y Chile, narra la historia de Feliciano (Alberth Merma), un ni\u00f1o pastor de ovejas que sue\u00f1a con ver a su pa\u00eds en el Mundial de F\u00fatbol de 2018, mientras enfrenta la amenaza de una minera que contamina su tierra. Se estren\u00f3 en el Festival Internacional de Cine de Berl\u00edn, pero recorri\u00f3 otros destacados cert\u00e1menes internacionales.<\/p>\n<ul class=\"story-contents__paragraph-list list-unordered\">\n<li>Fecha de estreno en Per\u00fa: 16 de octubre de 2025<\/li>\n<\/ul>\n<p><b>\u201cEl correcaminos\u201d<\/b><img loading=\"lazy\" src=\"https:\/\/www.europesays.com\/es\/wp-content\/uploads\/2025\/10\/SO6DGYECNNGBTBOBC3RTUETOOU.jpg\" alt=\"\u201cEl Correcaminos\u201d, protagonizada por Emanuel Soriano, presenta su teaser oficial. (Foto: Captura de video)\" decoding=\"async\" class=\"lazy story-contents__image w-full o-cover\" style=\"--aspect-ratio:1214\/802\" width=\"1214\" height=\"802\"\/><\/p>\n<p>\u201cEl Correcaminos\u201d, protagonizada por Emanuel Soriano, presenta su teaser oficial. (Foto: Captura de video)<\/p>\n<p itemprop=\"description\" class=\"story-contents__font-paragraph \">Pel\u00edcula de acci\u00f3n explosiva y comedia protagonizada por Emmanuel Soriano, sigue a Jes\u00fas, un expiloto que debe volver a las carreras para salvar su hogar. El elenco la describi\u00f3 como un \u201cR\u00e1pidos y furiosos en mototaxis\u201d.<\/p>\n<ul class=\"story-contents__paragraph-list list-unordered\">\n<li>Fecha de estreno en Per\u00fa: 6 de noviembre de 2025<\/li>\n<\/ul>\n<p><b>\u201cAgust\u00edn\u201d<\/b><img loading=\"lazy\" src=\"https:\/\/www.europesays.com\/es\/wp-content\/uploads\/2025\/10\/OSJNFCVCGBEXPGJZ4EU7MEZGTA.jpg\" alt=\"Imagen de &quot;Agust\u00edn&quot;.\" decoding=\"async\" class=\"lazy story-contents__image w-full o-cover\" style=\"--aspect-ratio:1200\/810\" width=\"1200\" height=\"810\"\/><\/p>\n<p>Imagen de \u00abAgust\u00edn\u00bb.<\/p>\n<p itemprop=\"description\" class=\"story-contents__font-paragraph \">Creada por estudiantes de los colegios Villa Caritas y San Pedro, aborda los dilemas de la adolescencia al finalizar el colegio. Protagonizada por alumnos de quinto de secundaria junto a Monserrat Brugu\u00e9 y Alessa Wichtel, la cinta forma parte del proyecto educativo Creativita Cine y busca generar reflexi\u00f3n sobre la salud emocional de los j\u00f3venes.<\/p>\n<ul class=\"story-contents__paragraph-list list-unordered\">\n<li>Fecha de estreno en Per\u00fa: 13 de octubre de 2025<\/li>\n<\/ul>\n<p><script async src=\"\/\/www.instagram.com\/embed.js\"><\/script><\/p>\n","protected":false},"excerpt":{"rendered":"La producci\u00f3n de cine peruano en 2025 crece con m\u00e1s pel\u00edculas de acci\u00f3n y comedias musicales en los&hellip;\n","protected":false},"author":2,"featured_media":161747,"comment_status":"","ping_status":"","sticky":false,"template":"","format":"standard","meta":{"footnotes":""},"categories":[169],"tags":[47944,177,47942,146,147,25,24,176,47941,175,152,47943,705,47945,23],"class_list":{"0":"post-161746","1":"post","2":"type-post","3":"status-publish","4":"format-standard","5":"has-post-thumbnail","7":"category-cine","8":"tag-cartelera-nacional","9":"tag-cine","10":"tag-cine-peruano","11":"tag-entertainment","12":"tag-entretenimiento","13":"tag-es","14":"tag-espana","15":"tag-film","16":"tag-guia-completa-peliculas-peruanas","17":"tag-movies","18":"tag-netflix","19":"tag-peliculas-peruanas-2025","20":"tag-peru","21":"tag-soltera-casada-viuda-divorciada","22":"tag-spain"},"share_on_mastodon":{"url":"","error":""},"_links":{"self":[{"href":"https:\/\/www.europesays.com\/es\/wp-json\/wp\/v2\/posts\/161746","targetHints":{"allow":["GET"]}}],"collection":[{"href":"https:\/\/www.europesays.com\/es\/wp-json\/wp\/v2\/posts"}],"about":[{"href":"https:\/\/www.europesays.com\/es\/wp-json\/wp\/v2\/types\/post"}],"author":[{"embeddable":true,"href":"https:\/\/www.europesays.com\/es\/wp-json\/wp\/v2\/users\/2"}],"replies":[{"embeddable":true,"href":"https:\/\/www.europesays.com\/es\/wp-json\/wp\/v2\/comments?post=161746"}],"version-history":[{"count":0,"href":"https:\/\/www.europesays.com\/es\/wp-json\/wp\/v2\/posts\/161746\/revisions"}],"wp:featuredmedia":[{"embeddable":true,"href":"https:\/\/www.europesays.com\/es\/wp-json\/wp\/v2\/media\/161747"}],"wp:attachment":[{"href":"https:\/\/www.europesays.com\/es\/wp-json\/wp\/v2\/media?parent=161746"}],"wp:term":[{"taxonomy":"category","embeddable":true,"href":"https:\/\/www.europesays.com\/es\/wp-json\/wp\/v2\/categories?post=161746"},{"taxonomy":"post_tag","embeddable":true,"href":"https:\/\/www.europesays.com\/es\/wp-json\/wp\/v2\/tags?post=161746"}],"curies":[{"name":"wp","href":"https:\/\/api.w.org\/{rel}","templated":true}]}}