{"id":161754,"date":"2025-10-08T00:26:07","date_gmt":"2025-10-08T00:26:07","guid":{"rendered":"https:\/\/www.europesays.com\/es\/161754\/"},"modified":"2025-10-08T00:26:07","modified_gmt":"2025-10-08T00:26:07","slug":"google-trae-a-espana-sus-busquedas-con-inteligencia-artificial-expansion","status":"publish","type":"post","link":"https:\/\/www.europesays.com\/es\/161754\/","title":{"rendered":"Google trae a Espa\u00f1a sus b\u00fasquedas con inteligencia artificial &#8211; Expansi\u00f3n"},"content":{"rendered":"<ol>\n<li><a href=\"https:\/\/news.google.com\/rss\/articles\/CBMimAFBVV95cUxPRFk2VXFIYTRUYUsyTWZYSUJFWENXQUhKNWthQWpzdWotaERCMXpyVExzNG5FenFiek9DTXc2NEpjWG10STVyaGZvTjQ3SjhsRUwtNllVMTdEblZ4MEp2X3VLMUxMblMxeEJ1OE5WT05OQzJWOVI2MjA4cUxGdXBrUGFoMll4VGJRaVNoM2RfejZfdlBVWm1SeNIBmAFBVV95cUxOajdmUzNOWE1HUHMwRS1BdG1KMjJCTldaYW5jOGhKeFUtRjlkeTBDRUFwR3pRT1NzN0xkTUlZSFdLby1rMWNYZ2dwb0pGbUE3dTdyRV9zNWRDTFNFTUF0ZmF3R2M0clJzOVBwTHVldkFPMUp3ZGxDM2twTVhneFNEdjVkT3AxMTNqZGZlb2t0ekQwQlcyRVE1cw?oc=5\" target=\"_blank\" rel=\"nofollow noopener\">Google trae a Espa\u00f1a sus b\u00fasquedas con inteligencia artificial<\/a>&nbsp;&nbsp;Expansi\u00f3n<\/li>\n<li><a href=\"https:\/\/news.google.com\/rss\/articles\/CBMiiAFBVV95cUxQa21JbjluMjFBWkVOUTVpQkpnenFUaFZWTTVsTjdlTmg4aXp6RXNnZHVjT3E4YW9ua0ZyMkwySDc5NW5UZVcxVzBvZnkwV1ZUZEJGQVNJVnFRdkdXRk00QVZOLUFwbzIxcjR1VmViZFFSb3U2QTgybnAwbmRySVFFbVRyRXktMVha0gGIAUFVX3lxTE1XMlRkLUFfQkRUX2lySWdjUTNYRmtBMUtXbkZEVFk3N2NjeW9xQURQaExXcWNsRml5a3pneC1wSlp2Q2VDSnNoaExKVGpHQ2RhbW01bjJ3Y0E1Q2RpbWRZUnJJYUNlNDU4eU5WcXZ0QzZZUkxUMzBZMEtZMklRVHVUUGdwU204aEk?oc=5\" target=\"_blank\" rel=\"nofollow noopener\">Google lanza la nueva versi\u00f3n de su buscador para que no vuelvas a ChatGPT: el modo IA llega a Espa\u00f1a<\/a>&nbsp;&nbsp;El Mundo<\/li>\n<li><a href=\"https:\/\/news.google.com\/rss\/articles\/CBMiqAFBVV95cUxPeUtyYXplR1BBODhLQnNvZHBsblZvX0pmeDUwcXVzdXg1Tk93OThPYlJnb2xLZndzYnNuUjBxbjdkYl9kem9SREJvWEMwRmtrNlZlUnA3cFhQZkVKbWotZXFqQi0zVmEtb2drbkNrdW1MZUlTNExwNVBlTm8tN0hERGVTb0FDWDhURC1tcFpzX2FfUGtWR3ZZZkEtekJFNF9TTW0zTTN6Q1g?oc=5\" target=\"_blank\" rel=\"nofollow noopener\">Google activa su &#8216;Modo IA&#8217; en Espa\u00f1a, el mayor cambio de la historia de su buscador<\/a>&nbsp;&nbsp;elDiario.es<\/li>\n<li><a href=\"https:\/\/news.google.com\/rss\/articles\/CBMi_AFBVV95cUxNMzFpSFgzMWZHaU9Nek9BRFdBc2NFWW80VjZnUDRDRUhPOW9SNHptaTRKQXBsTV93aUlDLTZxWWtfX1hFbjdkYTFwd3RjUEFFSWowM0RYSnozZzExUDB2ZC1QOFhyNFRBRGlxNjVXTGZkX2lVVnpGOXBQdXRwOEVOYTg1OTdHUm5QMkdXZ0ZUMnZ0c0pldnlXU29TRGhXdlJOSEpSWGRGZ2RiZkJ4T1JnMlFrdDB0aVZZTDhLX2taTjFuV2hrVXZsM1BrR09WT0E0UzFaS3FLQWVKeVpqZ2F4T2k4VW1CdmlybDFBeWp0VlBDT1BXM3FpbWhta3HSAZACQVVfeXFMTXo2OFBnSHlMSGZKeGlrVTMyZi0yc1dsVUYxR0lwS0EzbFJycm95cGRQVVM3cWxoSnpaQzhGUVVLbnZlcC1ERUJUUGpBMjktWUpQdmY4U2tBb29TSHQ4dW9jaXk3VnNMZzFoU2JEUUZZclhIVEhZdW12RDktMi1CWS14eDZsT3ROaDVjN25xMnY4czk4UjRIZjZDbUVSMkQtTHhIbC0xQS1VSnA3elhKSEpSUFRlX0lDNFNOT2Zva05yNlY2V3dXbjNUY1Y1MTQtTXpsZlhTd0hnMkpETGl1M2Y1aTBSLUVCRjdQck1lYTB4TlpQdVNIeDBfV3p2VHo5d0dXY2hIM0lPLUx5MW9BNzA?oc=5\" target=\"_blank\" rel=\"nofollow noopener\">Google lanza en Espa\u00f1a el Modo IA de su buscador: multimodal, Gemini 2.5 personalizado y respuestas<\/a>&nbsp;&nbsp;La Raz\u00f3n<\/li>\n<li><a href=\"https:\/\/news.google.com\/rss\/articles\/CBMiggJBVV95cUxOWlhUMlVNV1NLb3AzZURMUGcwWVl0SXBMaTgtYW9EUlRyNUlRVi1Lc0lpV1NSRkVWbXZ5dTY4ZnRZWWtZMjB5bWg2dE9jcHJkRHcyYUFWczUwQmJHU0J3Q2V4RmlrVmRlTkRyNDlnUncwYl9LRW02WEJfRVFBcnd1VGJFSGpZT2VuQkxLTlJqbERISlFNZ0VXSVB5S2x0TG9QTzFkRHdNWkNNOW1LSHJrLVZ5cFc4WlFpWWI5aWh6bU9yMHRBT08xaTNSMEU4di1iSVdlR3IxNFh0emlOcElsdUNSQmhjZmJIYTRYd0k4alNqcEM5eWt6UVROOGFVOTZ1enc?oc=5\" target=\"_blank\" rel=\"nofollow noopener\">Google lanza en Espa\u00f1a su nuevo Modo IA en el buscador para darte respuestas claras y completas: as\u00ed funciona<\/a>&nbsp;&nbsp;20Minutos<\/li>\n<\/ol>\n","protected":false},"excerpt":{"rendered":"Google trae a Espa\u00f1a sus b\u00fasquedas con inteligencia artificial&nbsp;&nbsp;Expansi\u00f3n Google lanza la nueva versi\u00f3n de su buscador para&hellip;\n","protected":false},"author":2,"featured_media":161755,"comment_status":"","ping_status":"","sticky":false,"template":"","format":"standard","meta":{"footnotes":""},"categories":[81],"tags":[119,123,124,44023,27981,47946,2308,25,24,24594,117,121,122,23,118,120],"class_list":{"0":"post-161754","1":"post","2":"type-post","3":"status-publish","4":"format-standard","5":"has-post-thumbnail","7":"category-ciencia-y-tecnologia","8":"tag-ciencia","9":"tag-ciencia-y-tecnologia","10":"tag-cienciaytecnologia","11":"tag-companias","12":"tag-economia-digital","13":"tag-economia-digital-companias","14":"tag-empresas","15":"tag-es","16":"tag-espana","17":"tag-nea","18":"tag-science","19":"tag-science-and-technology","20":"tag-scienceandtechnology","21":"tag-spain","22":"tag-technology","23":"tag-tecnologia"},"share_on_mastodon":{"url":"","error":""},"_links":{"self":[{"href":"https:\/\/www.europesays.com\/es\/wp-json\/wp\/v2\/posts\/161754","targetHints":{"allow":["GET"]}}],"collection":[{"href":"https:\/\/www.europesays.com\/es\/wp-json\/wp\/v2\/posts"}],"about":[{"href":"https:\/\/www.europesays.com\/es\/wp-json\/wp\/v2\/types\/post"}],"author":[{"embeddable":true,"href":"https:\/\/www.europesays.com\/es\/wp-json\/wp\/v2\/users\/2"}],"replies":[{"embeddable":true,"href":"https:\/\/www.europesays.com\/es\/wp-json\/wp\/v2\/comments?post=161754"}],"version-history":[{"count":0,"href":"https:\/\/www.europesays.com\/es\/wp-json\/wp\/v2\/posts\/161754\/revisions"}],"wp:featuredmedia":[{"embeddable":true,"href":"https:\/\/www.europesays.com\/es\/wp-json\/wp\/v2\/media\/161755"}],"wp:attachment":[{"href":"https:\/\/www.europesays.com\/es\/wp-json\/wp\/v2\/media?parent=161754"}],"wp:term":[{"taxonomy":"category","embeddable":true,"href":"https:\/\/www.europesays.com\/es\/wp-json\/wp\/v2\/categories?post=161754"},{"taxonomy":"post_tag","embeddable":true,"href":"https:\/\/www.europesays.com\/es\/wp-json\/wp\/v2\/tags?post=161754"}],"curies":[{"name":"wp","href":"https:\/\/api.w.org\/{rel}","templated":true}]}}