{"id":161766,"date":"2025-10-08T00:36:09","date_gmt":"2025-10-08T00:36:09","guid":{"rendered":"https:\/\/www.europesays.com\/es\/161766\/"},"modified":"2025-10-08T00:36:09","modified_gmt":"2025-10-08T00:36:09","slug":"il-lombardia-recorrido-perfil-y-equipos","status":"publish","type":"post","link":"https:\/\/www.europesays.com\/es\/161766\/","title":{"rendered":"Il Lombardia: Recorrido, perfil y equipos"},"content":{"rendered":"<p><strong>PERFIL<\/strong><\/p>\n<p><a href=\"https:\/\/www.ciclo21.com\/wp-content\/uploads\/2025\/09\/Perfil-c-Il-Lombardia.jpg\" target=\"_blank\" rel=\"noopener nofollow\"><img fetchpriority=\"high\" decoding=\"async\" aria-describedby=\"caption-attachment-447504\" class=\"wp-image-447504 size-full lazy\" src=\"data:image\/svg+xml,%3Csvg%20xmlns=\" http:=\"\" data-src=\"https:\/\/www.europesays.com\/es\/wp-content\/uploads\/2025\/10\/Perfil-c-Il-Lombardia.jpg.webp.webp\" alt=\"\" width=\"1280\" height=\"852\" data- data-\/><\/a><\/p>\n<p id=\"caption-attachment-447504\" class=\"wp-caption-text\">Altimetr\u00eda (c) Il Lombardia<\/p>\n<p><strong style=\"font-size: 16px;\">Redacci\u00f3n \/ <a href=\"http:\/\/t.me\/ciclo21\" target=\"_blank\" rel=\"noopener nofollow\">Ciclo 21<\/a><\/strong><\/p>\n<p style=\"text-align: justify;\"><strong>El Giro de Lombard\u00eda, renombrado cono \u00abIl Lombardi\u00bb, el \u00faltimo de los cinco Cl\u00e1sicas Monumento de la temporada, se disputar\u00e1 el <a href=\"https:\/\/www.ciclo21.com\/ciclismo-calendarios-uci-completos-2025\/\" target=\"_blank\" rel=\"noopener nofollow\">s\u00e1bado 11 de octubre<\/a> sobre un recorrido de 238 kil\u00f3metros<\/strong>, los ciclistas tendr\u00e1n que enfrentarse a un desnivel positivo de 4.400 metros.\u00a0El trazado de esta edici\u00f3n sigue manteniendo la alternancia entre Como y Bergamo como ciudades de salida y llegada, pero este a\u00f1o se dar\u00e1<strong> la salida desde la orilla del Lago de Como y el recorrido seguir\u00e1 una direcci\u00f3n oeste-este, con el final en la ciudad de Bergamo<\/strong>, capital de la provincia hom\u00f3nima. El recorrido es muy similar al de las ediciones de 2021 y 2023, en las que Tadej Poga\u010dar logr\u00f3 el triunfo, repitiendo victorias tambi\u00e9n en 2022 y 2024, aunque en un sentido opuesto.<\/p>\n<p style=\"text-align: justify;\"><strong>\u00abLa cl\u00e1sica de las hojas muertas\u00bb comenzar\u00e1 en Como<\/strong>, con los primeros kil\u00f3metros bastante din\u00e1micos, atravesando Cant\u00f9 antes de llegar a <strong>la primera ascensi\u00f3n importante del d\u00eda: el Madonna del Ghisallo<\/strong>, que se escalar\u00e1 por el lado de Asso. Desde la cima, los ciclistas se lanzar\u00e1n en un r\u00e1pido descenso hacia la orilla occidental del Lago de Lecco, cruzar\u00e1n el r\u00edo Adda y comenzar\u00e1n a adentrarse en la provincia de Bergamo, accediendo a la localidad de Torre de\u2019 Busi por una subida no categorizada.<\/p>\n<p style=\"text-align: justify;\">La siguiente fase del recorrido ser\u00e1 una corta pero intensa bajada hacia el municipio de Berbenno, donde los corredores tendr\u00e1n que enfrentarse a una subida con pendientes pronunciadas.<strong> Tras esta dificultad, la ruta seguir\u00e1 con un breve tramo llano hasta llegar a San Pellegrino Terme, donde comenzar\u00e1 la ascensi\u00f3n m\u00e1s exigente del d\u00eda: el Passo della Crocetta<\/strong>. Una vez en la cima, los corredores deber\u00e1n seguir por la monta\u00f1a enfrent\u00e1ndose a varios altibajos antes de llegar al punto m\u00e1s alto de la jornada, el paso de Zambla Alta, a 1.257 metros sobre el nivel del mar. En ese momento, el pelot\u00f3n habr\u00e1 recorrido ya 64 kil\u00f3metros de los \u00faltimos 238 y todav\u00eda quedar\u00e1n varias dificultades por afrontar.<\/p>\n<p style=\"text-align: justify;\"><strong>Desde Zambla Alta, comenzar\u00e1 una larga bajada hacia Gazzaniga, donde se retomar\u00e1 una nueva subida hacia el Passo di Ganda<\/strong>, otra dificultad considerable que llega despu\u00e9s de m\u00e1s de 200 kil\u00f3metros de carrera. La cima de Ganda se alcanza<strong> a 31 kil\u00f3metros de la meta, a partir de la cual los corredores comenzar\u00e1n a descender hacia Nembro y posteriormente hacia Bergamo<\/strong>. Sin embargo, antes de la llegada, a\u00fan quedar\u00e1 un \u00faltimo obst\u00e1culo: el temido strappo de Colle Aperto, un fuerte repecho situado a solo tres kil\u00f3metros de la meta. Como es tradici\u00f3n en Il Lombardia, este ser\u00e1 el punto de euforia m\u00e1xima del p\u00fablico, que estar\u00e1 volcado al m\u00e1ximo con los ciclistas en su lucha por la victoria.<\/p>\n<p><strong>RECORRIDO<\/strong><\/p>\n<p><a href=\"https:\/\/www.ciclo21.com\/wp-content\/uploads\/2025\/09\/Planimetria-c-Il-Lombardia.jpg\" target=\"_blank\" rel=\"noopener nofollow\"><img loading=\"lazy\" decoding=\"async\" aria-describedby=\"caption-attachment-447503\" class=\"wp-image-447503 size-full lazy\" src=\"data:image\/svg+xml,%3Csvg%20xmlns=\" http:=\"\" data-src=\"https:\/\/www.europesays.com\/es\/wp-content\/uploads\/2025\/10\/Planimetria-c-Il-Lombardia.jpg.webp.webp\" alt=\"\" width=\"852\" height=\"943\" data- data-\/><\/a><\/p>\n<p id=\"caption-attachment-447503\" class=\"wp-caption-text\">Planimetr\u00eda (c) Il Lombardia<\/p>\n<p><strong>EQUIPOS<\/strong><\/p>\n<p data-pm-slice=\"1 1 []\"><strong>WorldTour<\/strong><br \/>Alpecin-Deceuninck<br \/>Ark\u00e9a \u2013 B&amp;B Hotels<br \/>Bahrain Victorious<br \/>Cofidis<br \/>Decathlon Ag2r The World<br \/>EF Education \u2013 EasyPost<br \/>Groupama \u2013 FDJ<br \/>Ineos Grenadiers<br \/>Intermarch\u00e9 \u2013 Wanty<br \/>Lidl \u2013 Trek<br \/>Movistar<br \/>Red Bull \u2013 Bora \u2013 hansgrohe<br \/>Soudal Quick-Step<br \/>Team Jayco AlUla<br \/>Team Picnic PostNL<br \/>Team Visma | Lease a Bike<br \/>UAE Team Emirates<br \/>Astana Qazaqstan<\/p>\n<p>\u00a0<\/p>\n<p><strong>Israel profesional<\/strong><br \/>\u2013 Premier Tech<br \/>Lotto<br \/>Polti VisitMalta<br \/>Q36.5 Pro Cycling Team<br \/>Tudor Pro Cycling Team<br \/>Uno-X Mobility<br \/>VF Group \u2013 Bardiani CSF \u2013 Faizan\u00e8<\/p>\n<p><strong>PALMAR\u00c9S<\/strong><\/p>\n<p><a href=\"https:\/\/www.ciclo21.com\/il-lombardia-2024-pogacar\" target=\"_blank\" rel=\"noopener nofollow\"><strong>Edici\u00f3n 2024: Pogacar<\/strong><\/a><\/p>\n","protected":false},"excerpt":{"rendered":"PERFIL Altimetr\u00eda (c) Il Lombardia Redacci\u00f3n \/ Ciclo 21 El Giro de Lombard\u00eda, renombrado cono \u00abIl Lombardi\u00bb, el&hellip;\n","protected":false},"author":2,"featured_media":161767,"comment_status":"","ping_status":"","sticky":false,"template":"","format":"standard","meta":{"footnotes":""},"categories":[273],"tags":[45,313,312,168,25,24,47947,47948,47949,47950,23,167],"class_list":{"0":"post-161766","1":"post","2":"type-post","3":"status-publish","4":"format-standard","5":"has-post-thumbnail","7":"category-ciclismo","8":"tag-45","9":"tag-ciclismo","10":"tag-cycling","11":"tag-deportes","12":"tag-es","13":"tag-espana","14":"tag-giro-lombardia","15":"tag-il-lombardia","16":"tag-la-clasica-de-las-hojas-muertas","17":"tag-la-classica-delle-foglie-morte","18":"tag-spain","19":"tag-sports"},"share_on_mastodon":{"url":"","error":""},"_links":{"self":[{"href":"https:\/\/www.europesays.com\/es\/wp-json\/wp\/v2\/posts\/161766","targetHints":{"allow":["GET"]}}],"collection":[{"href":"https:\/\/www.europesays.com\/es\/wp-json\/wp\/v2\/posts"}],"about":[{"href":"https:\/\/www.europesays.com\/es\/wp-json\/wp\/v2\/types\/post"}],"author":[{"embeddable":true,"href":"https:\/\/www.europesays.com\/es\/wp-json\/wp\/v2\/users\/2"}],"replies":[{"embeddable":true,"href":"https:\/\/www.europesays.com\/es\/wp-json\/wp\/v2\/comments?post=161766"}],"version-history":[{"count":0,"href":"https:\/\/www.europesays.com\/es\/wp-json\/wp\/v2\/posts\/161766\/revisions"}],"wp:featuredmedia":[{"embeddable":true,"href":"https:\/\/www.europesays.com\/es\/wp-json\/wp\/v2\/media\/161767"}],"wp:attachment":[{"href":"https:\/\/www.europesays.com\/es\/wp-json\/wp\/v2\/media?parent=161766"}],"wp:term":[{"taxonomy":"category","embeddable":true,"href":"https:\/\/www.europesays.com\/es\/wp-json\/wp\/v2\/categories?post=161766"},{"taxonomy":"post_tag","embeddable":true,"href":"https:\/\/www.europesays.com\/es\/wp-json\/wp\/v2\/tags?post=161766"}],"curies":[{"name":"wp","href":"https:\/\/api.w.org\/{rel}","templated":true}]}}