{"id":161768,"date":"2025-10-08T00:37:11","date_gmt":"2025-10-08T00:37:11","guid":{"rendered":"https:\/\/www.europesays.com\/es\/161768\/"},"modified":"2025-10-08T00:37:11","modified_gmt":"2025-10-08T00:37:11","slug":"se-trata-de-algo-justo","status":"publish","type":"post","link":"https:\/\/www.europesays.com\/es\/161768\/","title":{"rendered":"\u201cSe trata de algo justo\u201d"},"content":{"rendered":"<p data-journey-content=\"true\" data-node-id=\"3\" class=\"css-6wxqfj emevuu60\"><strong data-node-id=\"3.0\">George Russell<\/strong> ha dado argumentos a Mercedes para demostrar que es el hombre adecuado para el puesto. Constancia, pocos errores, capacidad de conseguir victorias sin el coche favorito, son algunas de las razones que hacen parecer m\u00e1s que evidente la <strong data-node-id=\"3.2\">continuidad del brit\u00e1nico<\/strong>. Sin embargo, la posibilidad de fichar a <strong data-node-id=\"3.4\">Max Verstappen<\/strong> desat\u00f3 los rumores durante toda la temporada, aunque el neerland\u00e9s seguir\u00e1 con Red Bull en 2026 salvo gran sorpresa. Con la <a href=\"https:\/\/www.caranddriver.com\/es\/formula-1\/a68831908\/primera-victoria-george-russell-gran-premio-singapur-f1-fernando-alonso-octavo\/\" target=\"_blank\" data-vars-ga-outbound-link=\"https:\/\/www.caranddriver.com\/es\/formula-1\/a68831908\/primera-victoria-george-russell-gran-premio-singapur-f1-fernando-alonso-octavo\/\" data-vars-ga-ux-element=\"Hyperlink\" data-vars-ga-call-to-action=\"victoria de Russell en Singapur\" data-node-id=\"3.6\" class=\"body-link css-168zq96 emevuu60\" rel=\"nofollow noopener\">victoria de Russell en Singapur<\/a>, todo indica que la renovaci\u00f3n est\u00e1 al caer, pero el tiempo de espera sigue generando inc\u00f3gnitas.<\/p>\n<p>Mercedes no lo pone f\u00e1cil en las negociaciones<\/p>\n<p data-journey-content=\"true\" data-node-id=\"7\" class=\"css-6wxqfj emevuu60\"><strong data-node-id=\"7.0\">Toto Wolff<\/strong>, jefe de la escuder\u00eda, <a href=\"https:\/\/www.caranddriver.com\/es\/formula-1\/a65626988\/toto-wolff-renovacion-george-russell-pronto-primero-hablar-max-verstappen\/\" target=\"_blank\" data-vars-ga-outbound-link=\"https:\/\/www.caranddriver.com\/es\/formula-1\/a65626988\/toto-wolff-renovacion-george-russell-pronto-primero-hablar-max-verstappen\/\" data-vars-ga-ux-element=\"Hyperlink\" data-vars-ga-call-to-action=\"confirm\u00f3 hace dos meses\" data-node-id=\"7.2\" class=\"body-link css-168zq96 emevuu60\" rel=\"nofollow noopener\">confirm\u00f3 hace dos meses<\/a> que la extensi\u00f3n de contrato del brit\u00e1nico y Andrea Kimi Antonelli <strong data-node-id=\"7.4\">estaba muy cerca<\/strong>. Estas sensaciones no han cambiado tras las \u00faltimas carreras, ya que el austriaco volvi\u00f3 a recalcar que \u00fanicamente <a href=\"https:\/\/www.caranddriver.com\/es\/formula-1\/a68848434\/toto-wolff-debate-george-russell-andrea-kimi-antonelli-mercedes-f1-cerca\/\" target=\"_blank\" data-vars-ga-outbound-link=\"https:\/\/www.caranddriver.com\/es\/formula-1\/a68848434\/toto-wolff-debate-george-russell-andrea-kimi-antonelli-mercedes-f1-cerca\/\" data-vars-ga-ux-element=\"Hyperlink\" data-vars-ga-call-to-action=\"faltaban los \u00faltimos flecos\" data-node-id=\"7.6\" class=\"body-link css-168zq96 emevuu60\" rel=\"nofollow noopener\">faltaban los \u00faltimos flecos<\/a> antes de hacerlo oficial. El equipo se caracteriza por tener una <strong data-node-id=\"7.8\">forma de negociar cortoplacista<\/strong>, ya que salvo situaciones extraordinarias, optan por renovar a\u00f1o a a\u00f1o.<\/p>\n<p data-journey-content=\"true\" data-node-id=\"9\" class=\"css-6wxqfj emevuu60\">Pese a todas las <strong data-node-id=\"9.1\">confirmaciones extraoficiales<\/strong>, Russell sigue en el punto de mira tras no haber dado el paso final a estas alturas. En unas declaraciones que recoge \u2018RacingNews365\u2019, el piloto responde despu\u00e9s de que le pregunten si se considera un negociador duro: \u201cNo, no lo creo. <strong data-node-id=\"9.5\">Creo que se trata simplemente de algo justo<\/strong>, de beneficio mutuo. Creo que eso es lo que todos buscamos. Obviamente <strong data-node-id=\"9.7\">es diferente para ciertos pilotos<\/strong>, que pueden tener un poco m\u00e1s de potencia o un poco menos. Pero como dije, no hay m\u00e1s novedades. Nada que informar. Con gusto les contar\u00e9 cuando las haya\u201d.<\/p>\n<p><img draggable=\"true\" alt=\"f1 grand prix of singapore\" title=\"F1 Grand Prix Of Singapore\" loading=\"lazy\" width=\"5786\" height=\"3811\" decoding=\"async\" data-nimg=\"1\" style=\"color:transparent;width:100%;height:auto;\"   src=\"https:\/\/www.europesays.com\/es\/wp-content\/uploads\/2025\/10\/race-winner-george-russell-of-great-britain-and-mercedes-news-photo-1759849551.pjpeg\" class=\"css-0 e1g79fud0\"\/><a target=\"_blank\" rel=\"noopener nofollow\" data-theme-key=\"base-link\" href=\"https:\/\/pinterest.com\/pin\/create\/button\/?url=https:\/\/www.caranddriver.com\/es\/formula-1\/a68880994\/george-russell-niega-ser-negociador-duro-renovacion-mercedes-algo-justo\/&amp;description=&amp;media=https:\/\/hips.hearstapps.com\/hmg-prod\/images\/race-winner-george-russell-of-great-britain-and-mercedes-news-photo-1759849551.pjpeg?resize=1600:*\" class=\"pinterest css-on9hn5 e1c1bym14\"><img decoding=\"async\" data-dynamic-svg=\"true\" src=\"https:\/\/www.caranddriver.com\/_assets\/design-tokens\/fre\/static\/icons\/social\/pinterest.e8cf655.svg?primary=%2523ffffff\" loading=\"lazy\" data-testid=\"dynamic-svg-base\" height=\"auto\" width=\"auto\" alt=\"pinterest\" class=\"css-4lml0h e1mlxuuw1\"\/><\/a><\/p>\n<p>Mark Sutton &#8211; Formula 1\/\/Getty Images<\/p>\n<p data-journey-content=\"true\" data-node-id=\"14\" class=\"css-6wxqfj emevuu60\">El brit\u00e1nico est\u00e1 completamente adaptado a la escuder\u00eda con sede en Brackley. Mercedes podr\u00eda ser uno de los equipos con <strong data-node-id=\"14.1\">mayor potencial en 2026<\/strong>, ya que tienen una gran ventaja con su <strong data-node-id=\"14.3\">experiencia fabricando unidades de potencia<\/strong>, que podr\u00e1n probar tambi\u00e9n en <strong data-node-id=\"14.5\">Williams<\/strong>. Por lo tanto, el piloto podr\u00eda ser la gran estrella y demostrar que tiene que mantenerse en los planes de futuro.<\/p>\n<p>Toto Wolff est\u00e1 100% centrado en los cambios de reglamento<\/p>\n<p data-journey-content=\"true\" data-node-id=\"17\" class=\"css-6wxqfj emevuu60\">El jefe de la escuder\u00eda tiene claro que la oportunidad de volver a la gloria pasa por adaptarse r\u00e1pidamente a los cambios. <strong data-node-id=\"17.1\">McLaren<\/strong> viene en una curva ascendente completamente dominadora, mientras que otros equipos como <strong data-node-id=\"17.3\">Aston Martin<\/strong> han puesto todas sus cartas en el 2026, por lo que imponerse no ser\u00e1 tarea f\u00e1cil. Sin embargo, el austriaco confirm\u00f3 que <a href=\"https:\/\/www.caranddriver.com\/es\/formula-1\/a65880225\/toto-wolff-revela-mercedes-f1-solo-piensa-2026-no-hay-mas-actualizaciones\/\" target=\"_blank\" data-vars-ga-outbound-link=\"https:\/\/www.caranddriver.com\/es\/formula-1\/a65880225\/toto-wolff-revela-mercedes-f1-solo-piensa-2026-no-hay-mas-actualizaciones\/\" data-vars-ga-ux-element=\"Hyperlink\" data-vars-ga-call-to-action=\"no habr\u00eda m\u00e1s actualizaciones\" data-node-id=\"17.5\" class=\"body-link css-168zq96 emevuu60\" rel=\"nofollow noopener\">no habr\u00eda m\u00e1s actualizaciones<\/a> tras la vuelta del par\u00f3n veraniego.<\/p>\n<p data-journey-content=\"true\" data-node-id=\"19\" class=\"css-6wxqfj emevuu60\">La temporada actual a\u00fan tiene una lucha para la escuder\u00eda de la estrella, ya que se est\u00e1n disputando la segunda posici\u00f3n de la<strong data-node-id=\"19.1\"> clasificaci\u00f3n de constructores con Ferrari<\/strong>. No obstante, la recompensa no va m\u00e1s all\u00e1 de vencer a uno de tus rivales hist\u00f3ricos, por lo que Russell y Antonelli tendr\u00e1n que competir con el coche que tienen hasta 2026, en principio, con sus renovaciones ya oficiales.<\/p>\n<p>Contenidos relacionados<img src=\"https:\/\/www.europesays.com\/es\/wp-content\/uploads\/2025\/10\/1759883831_497_d3baca1e-d34f-44ac-842c-f2c50fb6b579_1737539442.file\" alt=\"Headshot of Alejandro Fern\u00e1ndez Montealegre\" title=\"Headshot of Alejandro Fern\u00e1ndez Montealegre\" width=\"100%\" height=\"100%\" decoding=\"async\" loading=\"lazy\" class=\"css-o0wq4v ev8dhu53\"\/><\/p>\n<p>Amante del mundo del motor en todas sus versiones, desde salir tranquilamente de ruta hasta escuchar a Lobato dej\u00e1ndose las cuerdas vocales en una vuelta importante de F1. Que mi abuelo fuera mec\u00e1nico seguramente influyera en que me llamara la atenci\u00f3n todo este mundo. \u00a0<\/p>\n","protected":false},"excerpt":{"rendered":"George Russell ha dado argumentos a Mercedes para demostrar que es el hombre adecuado para el puesto. Constancia,&hellip;\n","protected":false},"author":2,"featured_media":161769,"comment_status":"","ping_status":"","sticky":false,"template":"","format":"standard","meta":{"footnotes":""},"categories":[270],"tags":[168,253,25,24,306,271,272,23,167],"class_list":{"0":"post-161768","1":"post","2":"type-post","3":"status-publish","4":"format-standard","5":"has-post-thumbnail","7":"category-formula-1","8":"tag-deportes","9":"tag-discover","10":"tag-es","11":"tag-espana","12":"tag-f1","13":"tag-formula-1","14":"tag-formula1","15":"tag-spain","16":"tag-sports"},"share_on_mastodon":{"url":"","error":""},"_links":{"self":[{"href":"https:\/\/www.europesays.com\/es\/wp-json\/wp\/v2\/posts\/161768","targetHints":{"allow":["GET"]}}],"collection":[{"href":"https:\/\/www.europesays.com\/es\/wp-json\/wp\/v2\/posts"}],"about":[{"href":"https:\/\/www.europesays.com\/es\/wp-json\/wp\/v2\/types\/post"}],"author":[{"embeddable":true,"href":"https:\/\/www.europesays.com\/es\/wp-json\/wp\/v2\/users\/2"}],"replies":[{"embeddable":true,"href":"https:\/\/www.europesays.com\/es\/wp-json\/wp\/v2\/comments?post=161768"}],"version-history":[{"count":0,"href":"https:\/\/www.europesays.com\/es\/wp-json\/wp\/v2\/posts\/161768\/revisions"}],"wp:featuredmedia":[{"embeddable":true,"href":"https:\/\/www.europesays.com\/es\/wp-json\/wp\/v2\/media\/161769"}],"wp:attachment":[{"href":"https:\/\/www.europesays.com\/es\/wp-json\/wp\/v2\/media?parent=161768"}],"wp:term":[{"taxonomy":"category","embeddable":true,"href":"https:\/\/www.europesays.com\/es\/wp-json\/wp\/v2\/categories?post=161768"},{"taxonomy":"post_tag","embeddable":true,"href":"https:\/\/www.europesays.com\/es\/wp-json\/wp\/v2\/tags?post=161768"}],"curies":[{"name":"wp","href":"https:\/\/api.w.org\/{rel}","templated":true}]}}