{"id":161778,"date":"2025-10-08T00:42:13","date_gmt":"2025-10-08T00:42:13","guid":{"rendered":"https:\/\/www.europesays.com\/es\/161778\/"},"modified":"2025-10-08T00:42:13","modified_gmt":"2025-10-08T00:42:13","slug":"belinda-y-hasta-mayeli-alonso-reaccionan","status":"publish","type":"post","link":"https:\/\/www.europesays.com\/es\/161778\/","title":{"rendered":"Belinda y hasta Mayeli Alonso reaccionan"},"content":{"rendered":"<p>En medio del caos y el horror de los desplazamientos forzados en Gaza, un peque\u00f1o ni\u00f1o descalzo huye desesperado cargando a su hermanito, mientras con la voz ahogada en llanto grita una y otra vez \u201cya ama\u201d, que significa \u201cmam\u00e1\u201d.<\/p>\n<p>El video, captado por el fotoperiodista palestino independiente Ahmed Younis, ha sido visto por millones de personas en el mundo.<\/p>\n<p>Gracias a estas im\u00e1genes, un comit\u00e9 de ayuda egipcio logr\u00f3 encontrar a los ni\u00f1os y reunirlos con sus padres en el sur de Gaza.<\/p>\n<p>Su historia es para muchos otros s\u00edmbolo de la agon\u00eda de los ni\u00f1os palestinos ante los incesantes ataques israel\u00edes.<\/p>\n<p>Qui\u00e9nes son los ni\u00f1os en el video<\/p>\n<p>Jadoua, de 8 a\u00f1os, es quien carga a su hermanito Khaled, de 2. El video capta el momento en que los ni\u00f1os huyen tras quedar separados de sus padres en medio de los bombardeos, luego de la orden del ej\u00e9rcito israel\u00ed de evacuar la Ciudad de Gaza.<\/p>\n<p>El periodista Ahmed Younis se reencontr\u00f3 con los ni\u00f1os en el sur de Gaza y habl\u00f3 con la familia.<\/p>\n<p>Noha Mahmoud Khalil Abu Arar, la madre de los ni\u00f1os, relat\u00f3 a Younis c\u00f3mo se sinti\u00f3 al ver el video viral de los dos hermanitos.<\/p>\n<p>\u201cMe sorprendi\u00f3 cuando me dijeron que mi hijo aparec\u00eda en un video en internet cargando solo a su hermano. Cuando vi el video, no pude soportarlo. Llor\u00e9 y me sent\u00ed asfixiada. Pero luego me alegr\u00e9 de que Jadoua hubiera hecho algo as\u00ed\u201d.<\/p>\n<p>\u201cIncluso los hombres se sienten agotados al cruzar esa ruta, as\u00ed que imag\u00ednense un ni\u00f1o\u201d.<\/p>\n<p>Jadoua camin\u00f3 cargando a su hermano durante 10 kms hasta llegar a Jan Younis.<\/p>\n<p>En la Ciudad de Gaza la familia estaba desplazada en la zona de Tal al-Hawa.<\/p>\n<p>\u201cMi esposo hab\u00eda salido a traer comida para los ni\u00f1os\u201d, relat\u00f3 Noha.<\/p>\n<p>\u201cEl ej\u00e9rcito de ocupaci\u00f3n israel\u00ed comenz\u00f3 a bombardear. Lanzaron bombas incendiarias y usaron robots para atacar. El bombardeo fue extremadamente intenso\u201d.<\/p>\n<p>La madre se encontraba con las ni\u00f1as e intent\u00f3 salvarlas.<\/p>\n<p><img decoding=\"async\" loading=\"lazy\" src=\"https:\/\/www.europesays.com\/es\/wp-content\/uploads\/2025\/10\/55b5cf70-9ad7-11f0-928c-71dbb8619e94.jpg\" alt=\"Gadoua y su hermanito en un campamento de una organizaci\u00f3n de ayuda en Gaza\" width=\"549\" height=\"650\"\/><br \/>\nAhmed Younis @ahmed.ys3Luego de ver el video, una organizaci\u00f3n de ayuda egipcia busc\u00f3 a Jadoua y a su hermanito durante tres d\u00edas hasta encontrarlos y reunirlos con sus padres.<\/p>\n<p>Jassim Abu Arar, el padre de Jadoua, estaba en la calle.<\/p>\n<p>\u201cLos bombardeos comenzaron a sucederse uno tras otro. Me escond\u00ed en la entrada de un edificio. La entrada qued\u00f3 sellada tras de m\u00ed y me qued\u00e9 atrapado all\u00ed. No supe entonces qu\u00e9 pas\u00f3 con mis hijos\u201d, relat\u00f3 el padre.<\/p>\n<p>\u201cJadoua estaba jugando con sus amigos y cuando ocurri\u00f3 una explosi\u00f3n sali\u00f3 corriendo. Cuando regres\u00f3 donde estaba su madre no la encontr\u00f3. Vio a su hermano en el suelo, llorando y gritando, as\u00ed que lo levant\u00f3 y ech\u00f3 a correr\u201d.<\/p>\n<p>Jadoua comenz\u00f3 a andar cargando a su hermanito en la misma direcci\u00f3n en la que hu\u00eda el resto de la gente.<\/p>\n<p>\u201cNo encontr\u00e9 ni a mi madre ni a mi padre. Tom\u00e9 a mi hermano y camin\u00e9, cada tanto me sentaba para descansar\u201d, relat\u00f3 el ni\u00f1o.<\/p>\n<p>\u201cLlegu\u00e9 a mi destino en plena noche. Y segu\u00eda preguntando direcciones a todo aquel que conoc\u00eda\u201d.<\/p>\n<p><img decoding=\"async\" loading=\"lazy\" src=\"https:\/\/www.europesays.com\/es\/wp-content\/uploads\/2025\/10\/e4f6f2f0-9adb-11f0-b741-177e3e2c2fc7.jpg\" alt=\"Jassim, padre de los ni\u00f1os, en un campamento en el sur de Gaza\" width=\"549\" height=\"549\"\/><br \/>\nAhmed Younis @ahmed.ys3Jassim, el padre de los ni\u00f1os, pens\u00f3 que sus hijos hab\u00edan muerto.<\/p>\n<p>Un s\u00edmbolo del sufrimiento<\/p>\n<p>Jassim, el padre del los ni\u00f1os, descubri\u00f3 que sus hijos estaban vivos cuando vio el video viral por internet.<\/p>\n<p>\u201cPens\u00e9 que todos hab\u00edan muerto\u201d, afirm\u00f3.<\/p>\n<p>El Comit\u00e9 Egipcio de Ayuda a los Residentes de Gaza busc\u00f3 a Jadoua y a su hermanito durante tres d\u00edas hasta encontrarlos y reunirlos con sus padres. La familia se encuentra ahora en un campamento de la misma organizaci\u00f3n en Jan Yunis.<\/p>\n<p>Ahmed Younis, el periodista que capt\u00f3 tanto el video viral como el posterior del reencuentro, reflexiona sobre el impacto de su trabajo.<\/p>\n<p>\u201cDesde el comienzo de la agresi\u00f3n hemos documentado diversos sucesos aqu\u00ed en Gaza, ya sean desplazamientos, ataques selectivos u otros incidentes\u201d.<\/p>\n<p>\u201cA menudo nos enfrentamos a desaf\u00edos con la reacci\u00f3n de la gente a nuestras grabaciones, que nos pregunta: \u00bfpara qui\u00e9n grabamos?, \u00bfqui\u00e9n va a ver esto?, \u00bfy por qu\u00e9?\u201d.<\/p>\n<p>\u201cNormalmente filmamos para que el mundo vea lo que est\u00e1 sucediendo y act\u00fae. Gracias a Dios, este video conmovi\u00f3 al mundo entero\u201d.<\/p>\n<p>El padre de Jadoua se\u00f1al\u00f3 que todos sus hijos, \u201ccada uno de ellos, tiene un sue\u00f1o\u201d.<\/p>\n<p>\u201cEl sue\u00f1o de Jadoua es ser maestro o profesor en el futuro\u201d.<\/p>\n<p>Para Ahmed Younis, las l\u00e1grimas del ni\u00f1o en su video simbolizan el inmenso sufrimiento y la carga que soportan los ni\u00f1os de Gaza.<\/p>\n<p>Tess Ingram, vocera de UNICEF, conden\u00f3 el desplazamiento forzado de miles de ni\u00f1os como Jadoua y adultos desde la Ciudad de Gaza, que ten\u00eda hasta hace poco m\u00e1s de un mill\u00f3n de habitantes.<\/p>\n<p>\u201cEl desplazamiento masivo forzado desde la Ciudad de Gaza es una amenaza mortal para los m\u00e1s vulnerables\u201d, se\u00f1al\u00f3 Ingram.<\/p>\n<p>\u201cEs inhumano esperar que medio mill\u00f3n de ni\u00f1os golpeados y traumatizados tras m\u00e1s de 700 d\u00edas de conflicto implacable huyan de un infierno para acabar en otro\u201d.<\/p>\n<p>\u201cS\u00f3lo en la Ciudad de Gaza hab\u00eda al menos 10.000 ni\u00f1os con desnutrici\u00f3n agua y ahora con los bombardeos no pueden acceder a un tercio de los centros de nutrici\u00f3n que pueden salvarles la vida\u201d.<\/p>\n<p><img decoding=\"async\" loading=\"lazy\" src=\"https:\/\/www.europesays.com\/es\/wp-content\/uploads\/2025\/10\/44fd6a30-9ad7-11f0-92db-77261a15b9d2.jpg\" alt=\"Familias con ni\u00f1os amontonados en un cami\u00f3n con escasas pertenencias intentan huir de la Ciudad de Gaza\" width=\"976\" height=\"549\"\/><br \/>\nGetty\u201cEs inhumano esperar que medio mill\u00f3n de ni\u00f1os golpeados y traumatizados tras m\u00e1s de 700 d\u00edas de conflicto implacable huyan de un infierno para acabar en otro\u201d, dijo Tess Ingram, vocera de UNICEF, sobre los bombardeos en la Ciudad de Gaza.<\/p>\n<p>Israel lanz\u00f3 una campa\u00f1a militar en Gaza despu\u00e9s del ataque transfronterizo de Ham\u00e1s el 7 de octubre de 2023 en el que murieron unas 1.200 personas y otras 251 fueron tomadas como rehenes, seg\u00fan autoridades israel\u00edes.<\/p>\n<p>Los ataques israel\u00edes mataron a m\u00e1s de 65.000 personas, incluyendo m\u00e1s de 18.000 ni\u00f1os, e hirieron a m\u00e1s de 167.000, seg\u00fan el Ministerio de Salud de Gaza.<\/p>\n<p>Un comit\u00e9 de Naciones Unidas se\u00f1al\u00f3 que m\u00e1s de 40.000 ni\u00f1os fueron heridos por los ataques israel\u00edes, y de ellos al menos 21.000 est\u00e1n ahora discapacitados.<\/p>\n<p>El 16 de septiembre un comit\u00e9 de investigaci\u00f3n de la ONU, la Comisi\u00f3n Internacional Independiente de Investigaci\u00f3n sobre el Territorio Palestino Ocupado, concluy\u00f3 que Israel cometi\u00f3 y sigue cometiendo genocidio en Gaza.<\/p>\n<p>Lo mismo afirmaron antes la Asociaci\u00f3n Internacional de Expertos en Genocidio, relatores de la ONU, Amnist\u00eda Internacional y Human Rights Watch, entre otros.<\/p>\n<p>El gobierno de Israel niega las acusaciones.<\/p>\n<p>Esta nota fue realizada con material aportado por el Servicio \u00c1rabe de la BBC.<\/p>\n<p><img decoding=\"async\" loading=\"lazy\" src=\"https:\/\/www.europesays.com\/es\/wp-content\/uploads\/2025\/10\/ee8af430-9ad9-11f0-b741-177e3e2c2fc7.png\" alt=\"l\u00ednea gris\" width=\"800\" height=\"100\"\/><br \/>\nBBC<\/p>\n<p><a href=\"https:\/\/www.bbc.com\/mundo\/send\/u184973209?xtor=AL-73-%5Bpartner%5D-%5Banimalpolitico.com%5D-%5Blink%5D-%5Bmundo%5D-%5Bbizdev%5D-%5Bisapi%5D\" rel=\"nofollow noopener\" target=\"_blank\">Suscr\u00edbete aqu\u00ed<\/a> a nuestro nuevo newsletter para recibir cada viernes una selecci\u00f3n de nuestro mejor contenido de la semana.<\/p>\n<p>Y recuerda que puedes recibir notificaciones en nuestra app. Descarga la \u00faltima versi\u00f3n y act\u00edvalas.<\/p>\n","protected":false},"excerpt":{"rendered":"En medio del caos y el horror de los desplazamientos forzados en Gaza, un peque\u00f1o ni\u00f1o descalzo huye&hellip;\n","protected":false},"author":2,"featured_media":161779,"comment_status":"","ping_status":"","sticky":false,"template":"","format":"standard","meta":{"footnotes":""},"categories":[172],"tags":[224,146,147,25,24,225,23],"class_list":{"0":"post-161778","1":"post","2":"type-post","3":"status-publish","4":"format-standard","5":"has-post-thumbnail","7":"category-libros","8":"tag-books","9":"tag-entertainment","10":"tag-entretenimiento","11":"tag-es","12":"tag-espana","13":"tag-libros","14":"tag-spain"},"share_on_mastodon":{"url":"","error":""},"_links":{"self":[{"href":"https:\/\/www.europesays.com\/es\/wp-json\/wp\/v2\/posts\/161778","targetHints":{"allow":["GET"]}}],"collection":[{"href":"https:\/\/www.europesays.com\/es\/wp-json\/wp\/v2\/posts"}],"about":[{"href":"https:\/\/www.europesays.com\/es\/wp-json\/wp\/v2\/types\/post"}],"author":[{"embeddable":true,"href":"https:\/\/www.europesays.com\/es\/wp-json\/wp\/v2\/users\/2"}],"replies":[{"embeddable":true,"href":"https:\/\/www.europesays.com\/es\/wp-json\/wp\/v2\/comments?post=161778"}],"version-history":[{"count":0,"href":"https:\/\/www.europesays.com\/es\/wp-json\/wp\/v2\/posts\/161778\/revisions"}],"wp:featuredmedia":[{"embeddable":true,"href":"https:\/\/www.europesays.com\/es\/wp-json\/wp\/v2\/media\/161779"}],"wp:attachment":[{"href":"https:\/\/www.europesays.com\/es\/wp-json\/wp\/v2\/media?parent=161778"}],"wp:term":[{"taxonomy":"category","embeddable":true,"href":"https:\/\/www.europesays.com\/es\/wp-json\/wp\/v2\/categories?post=161778"},{"taxonomy":"post_tag","embeddable":true,"href":"https:\/\/www.europesays.com\/es\/wp-json\/wp\/v2\/tags?post=161778"}],"curies":[{"name":"wp","href":"https:\/\/api.w.org\/{rel}","templated":true}]}}