{"id":161784,"date":"2025-10-08T00:45:09","date_gmt":"2025-10-08T00:45:09","guid":{"rendered":"https:\/\/www.europesays.com\/es\/161784\/"},"modified":"2025-10-08T00:45:09","modified_gmt":"2025-10-08T00:45:09","slug":"despues-de-20-anos-the-simpsons-regresa-al-cine-esta-es-la-fecha-del-estreno-mundial-teleantioquia","status":"publish","type":"post","link":"https:\/\/www.europesays.com\/es\/161784\/","title":{"rendered":"Despu\u00e9s de 20 a\u00f1os The Simpsons regresa al cine: esta es la fecha del estreno mundial &#8211; Teleantioquia"},"content":{"rendered":"<ol>\n<li><a href=\"https:\/\/news.google.com\/rss\/articles\/CBMi0gFBVV95cUxNSHRROTdDR1h5Wm5lNlF3Skp4eWlOZUJYMmdqRk1IQjFRSE1USjRXWGM4NHV5bHRvLXEwRXZKejczS2N2TVpKb0lIZ1VHczJRUUkzV3JWRTB1LUZGYlVtaXNhSkYtNVVaVDI4dmlNT1lJYmZIS1lucUNodWN0cjhjNzhkMGljMHIyWXg3S01lamZMd1F0VkUwZlQ3R0RtYUZnT2tJX1VSUlFVS1hUWDVxUnZmS2EzNHBfTVdzTVVTVC1sb1l3MUhYcVc4bXF2dDRzdVHSAd4BQVVfeXFMTi1kYUxpa25VVmMyQ295ejRDRjJ1WEpRbFhmU2lqaXJuOC05NEtUZDhXajA5NEVRM0pkdHZrOW03X1M5T0ptT2pIeFk0azk2VFdwSzFFU1JuNnNPeVVHdEhpRkJvTjJtT0cwdGZzNEhCVm1SbXlCNmVKVFhrdHZrTGJCSFROallTa01qN0JVRnJ0enhTbE42TEh4ektTX0cwNXlFT1dlZ3R4TVhWRWxkYzZSdW5abmRDZ1lYSmJJTzBkQVpQSUY5RTBJWGhrQmZWdEJqczExU3oxd0tMLUtR?oc=5\" target=\"_blank\" rel=\"nofollow noopener\">Despu\u00e9s de 20 a\u00f1os The Simpsons regresa al cine: esta es la fecha del estreno mundial<\/a>&nbsp;&nbsp;Teleantioquia<\/li>\n<li><a href=\"https:\/\/news.google.com\/rss\/articles\/CBMizAFBVV95cUxOSWRlSkNIMkZaR1lzQlNxQUk0YVh3ajROZUg3THJ1T1ZzcHYzT2h6Sjl3T1NsYkJTU3lEOENKajlrOVc3SlNwQnpCZGdxSElneC1xU2J1RmxtUFFhWGtuYXBncmg0eFkzTUxTODJnemttQ3ZkS0VHc1ZRVU5PMjUwUjk3S0Q1QzBaSmt3cnZRbXAwUDAwM2U3RC1kSGdRS1FNVk1YN241MElqVENIRmhnaEc4RkpTWWNiWEtXSlJidURJS19GejZ5R1Z2dkM?oc=5\" target=\"_blank\" rel=\"nofollow noopener\">\u2018Los Simpson\u2019 anuncia su secuela justo 20 a\u00f1os despu\u00e9s de la primera pel\u00edcula, como ya predijeron<\/a>&nbsp;&nbsp;EL PA\u00cdS<\/li>\n<li><a href=\"https:\/\/news.google.com\/rss\/articles\/CBMikgFBVV95cUxOVXBRNWZzR3BqRGIzOG00Y1A4TXVUa1ZQVzRNaGRuVHlydHYwQ2MydVJ1YnBtb0dBWkRYano1LTVDYV9fNEdOVjRQd0ItN09WWHdIVnpIU3NIUlFMV0RleHgzemoyMjEtLVYxV0JpNkpZUDhxUmw2WXl5UHhXb2M3cFJkZ0V1U2MwVXBCelNydEhoZw?oc=5\" target=\"_blank\" rel=\"nofollow noopener\">Fans de Los Simpsons estan preocupados por las voces de los personajes tras confirmarse la secuela<\/a>&nbsp;&nbsp;Yahoo en Espa\u00f1ol Vida y Estilo<\/li>\n<li><a href=\"https:\/\/news.google.com\/rss\/articles\/CBMiqwFBVV95cUxPMHFsWU1JYW5KYTZwby1UODZodi1UdjltbXNUdFJJOTFkUkZsQXlEY0xZd0JkWW9fRmcwLXlySnFyaVBXbGlzZ3Y3LURDM3NDQmlOUGRYZE1OQU9iZE5BaU51cFVVbEYtcVYxMjZfVkc4cVkyZjBiMGRxdjF1NEotQm1Vcl9pVVNNd0xiMFhZVnJHeXo4allSZm56UU5BZkRhb0Qyd0VhbTNjUE0?oc=5\" target=\"_blank\" rel=\"nofollow noopener\">Una segunda pel\u00edcula de SIMPSONS se estrenar\u00e1 en 2027<\/a>&nbsp;&nbsp;Movieguide<\/li>\n<li><a href=\"https:\/\/news.google.com\/rss\/articles\/CBMisAFBVV95cUxQZk53bng1MGV2bUlYd1g4VF9wT1A5RTdyUUxzQnUxRFl5VmQxY3hMT0VJUTA2MEdJamdNSTZOTlU2ZnhVLTFPMDBmb29NTlFrZFJNSnpSYjNQd2FXbG9pSnotSmtVTC1FVFFOeUlFbGdPbUx2eDJpUU95RjNpZU1leUVDWGkzTENYMFNVRThsTGt3Nm5XeGFGWkkyOGVfdUdyX0pFVlNtOHI1YzJpY0d6N9IBxAFBVV95cUxQcW13TlNkVWUydEtrcXc1eUpWZTVBVHk1ZFlXSkp5YkdaLXR1b01xZDBNZVZqM3NPY0EtTmwtV1ZjSkFyZE5FT185R1ZfalNuRDFYUUFNVXBsbHI2VjRFWTh1ZHdhUzRQNW05RTdWUl9MWEJCSnhmSnBUNEMzTjJUTUF4Mzc2aS1BNDZfT3ROVDRmMHJCRDJEbjE1dG50LXBod2hZR1Q0T0FxekFtdVN0V3BRRG9RMTI1WHgtSDZwV1UwVThr?oc=5\" target=\"_blank\" rel=\"nofollow noopener\">\u2018Los Simpson\u2019 vuelven al cine con nueva pel\u00edcula: \u00bfcu\u00e1ndo se estrena?<\/a>&nbsp;&nbsp;bloomberglinea.com<\/li>\n<\/ol>\n","protected":false},"excerpt":{"rendered":"Despu\u00e9s de 20 a\u00f1os The Simpsons regresa al cine: esta es la fecha del estreno mundial&nbsp;&nbsp;Teleantioquia \u2018Los Simpson\u2019&hellip;\n","protected":false},"author":2,"featured_media":104797,"comment_status":"","ping_status":"","sticky":false,"template":"","format":"standard","meta":{"footnotes":""},"categories":[169],"tags":[177,168,146,147,25,24,7900,176,175,10,2145,23,5072],"class_list":{"0":"post-161784","1":"post","2":"type-post","3":"status-publish","4":"format-standard","5":"has-post-thumbnail","7":"category-cine","8":"tag-cine","9":"tag-deportes","10":"tag-entertainment","11":"tag-entretenimiento","12":"tag-es","13":"tag-espana","14":"tag-estilo-de-vida","15":"tag-film","16":"tag-movies","17":"tag-noticias","18":"tag-programa","19":"tag-spain","20":"tag-transparencia"},"share_on_mastodon":{"url":"","error":""},"_links":{"self":[{"href":"https:\/\/www.europesays.com\/es\/wp-json\/wp\/v2\/posts\/161784","targetHints":{"allow":["GET"]}}],"collection":[{"href":"https:\/\/www.europesays.com\/es\/wp-json\/wp\/v2\/posts"}],"about":[{"href":"https:\/\/www.europesays.com\/es\/wp-json\/wp\/v2\/types\/post"}],"author":[{"embeddable":true,"href":"https:\/\/www.europesays.com\/es\/wp-json\/wp\/v2\/users\/2"}],"replies":[{"embeddable":true,"href":"https:\/\/www.europesays.com\/es\/wp-json\/wp\/v2\/comments?post=161784"}],"version-history":[{"count":0,"href":"https:\/\/www.europesays.com\/es\/wp-json\/wp\/v2\/posts\/161784\/revisions"}],"wp:featuredmedia":[{"embeddable":true,"href":"https:\/\/www.europesays.com\/es\/wp-json\/wp\/v2\/media\/104797"}],"wp:attachment":[{"href":"https:\/\/www.europesays.com\/es\/wp-json\/wp\/v2\/media?parent=161784"}],"wp:term":[{"taxonomy":"category","embeddable":true,"href":"https:\/\/www.europesays.com\/es\/wp-json\/wp\/v2\/categories?post=161784"},{"taxonomy":"post_tag","embeddable":true,"href":"https:\/\/www.europesays.com\/es\/wp-json\/wp\/v2\/tags?post=161784"}],"curies":[{"name":"wp","href":"https:\/\/api.w.org\/{rel}","templated":true}]}}