{"id":161813,"date":"2025-10-08T01:04:09","date_gmt":"2025-10-08T01:04:09","guid":{"rendered":"https:\/\/www.europesays.com\/es\/161813\/"},"modified":"2025-10-08T01:04:09","modified_gmt":"2025-10-08T01:04:09","slug":"marta-penate-responde-a-oriana-marzoli-momentos-antes-de-su-boda-en-honduras-das-pena","status":"publish","type":"post","link":"https:\/\/www.europesays.com\/es\/161813\/","title":{"rendered":"Marta Pe\u00f1ate responde a Oriana Marzoli momentos antes de su boda en Honduras: \u00abDas pena\u00bb"},"content":{"rendered":"<p class=\"c-paragraph\">El enfrentamiento entre <b><a href=\"https:\/\/www.20minutos.es\/tags\/personas\/marta-penate.html\" title=\"Marta Pe\u00f1ate\" rel=\"nofollow noopener\" target=\"_blank\">Marta Pe\u00f1ate<\/a><\/b> y <b><a href=\"https:\/\/www.20minutos.es\/tags\/personas\/oriana-marzoli.html\" title=\"Oriana Marzoli\" rel=\"nofollow noopener\" target=\"_blank\">Oriana Marzoli<\/a><\/b> ha vuelto a encenderse en <b><a href=\"https:\/\/www.20minutos.es\/tags\/temas\/supervivientes.html\" title=\"Supervivientes\" rel=\"nofollow noopener\" target=\"_blank\">Supervivientes All Stars<\/a><\/b>. Ambas protagonizaron varios <a href=\"https:\/\/www.20minutos.es\/gente\/marta-penate-estalla-contra-oriana-marzoli-redes-destapa-una-pequena-parte-que-ha-vivido-mentirosa-no-me-deja-nadie_6372320_0.html\" title=\"Marta Pe\u00f1ate estalla contra Oriana Marzoli en redes y destapa una &quot;peque\u00f1a parte&quot; de lo que ha vivido: &quot;De mentirosa no me deja nadie&quot;\" rel=\"nofollow noopener\" target=\"_blank\">choques tanto en redes sociales como en el plat\u00f3<\/a>, mantienen una tensi\u00f3n constante que no deja indiferente a nadie. El motivo de fondo sigue siendo el mismo: <b>Tony Spina, actual pareja de Marta y expareja de Oriana<\/b>.<\/p>\n<p class=\"c-paragraph\">Antes de la boda de Pe\u00f1ate y Spina, celebrada en los Cayos Cochinos, Oriana dej\u00f3 grabado un mensaje cargado de reproches. \u00abMe da igual si os cas\u00e1is o no. <b>Ahora, que es un circo, lo es.<\/b> Lo que no puede ser es que <b>en plat\u00f3 digas que no lo haces por falta de dinero<\/b>, porque eres rata, palabras tuyas textuales\u00bb, lanz\u00f3 Marzoli.<\/p>\n<p class=\"c-paragraph\">En el mismo mensaje, la influencer critic\u00f3 lo que considera una <b>incoherencia<\/b> de su excompa\u00f1era: \u00abEn uno de tus momentos de aburrimiento en casa, porque no tienes a nadie con quien pasar el rato, te <b>dedicas a hacer un directo y dices que jam\u00e1s har\u00edas esa payasada<\/b>. Y resulta que cuando <b>te lo ofrecen en directo, en plat\u00f3, decides hacerlo<\/b>. Una incoherencia m\u00e1s, de parte de Incoherencias Pe\u00f1ate\u00bb.<\/p>\n<p class=\"c-paragraph\">La respuesta de Marta no se hizo esperar. Vestida de novia, le contest\u00f3 visiblemente molesta: \u00abA m\u00ed ella me podr\u00eda dar mucha rabia, pero <b>despu\u00e9s de este v\u00eddeo me produce mucha pena<\/b>. En un d\u00eda como hoy, que tengas que enviar este <b>mensaje de reventada y de envidiosa<\/b>\u2026 es porque <b>ning\u00fan hombre se ha casado contigo<\/b>\u00ab.<\/p>\n<p class=\"c-paragraph\">La canaria fue a\u00fan m\u00e1s dura en su r\u00e9plica: \u00abYo no quiero ser la primera ni la segunda novia de Tony, <b>quiero ser la \u00faltima y con la que est\u00e9 para siempre<\/b>. Todo el mundo ha rehusado estar contigo, eres una persona t\u00f3xica. N\u00fatrete por dentro, que te hace mucha falta. Das mucha pena\u00bb.<\/p>\n","protected":false},"excerpt":{"rendered":"El enfrentamiento entre Marta Pe\u00f1ate y Oriana Marzoli ha vuelto a encenderse en Supervivientes All Stars. Ambas protagonizaron&hellip;\n","protected":false},"author":2,"featured_media":161814,"comment_status":"","ping_status":"","sticky":false,"template":"","format":"standard","meta":{"footnotes":""},"categories":[174],"tags":[255,146,147,25,24,256,14494,47965,39045,32154,1259,23],"class_list":{"0":"post-161813","1":"post","2":"type-post","3":"status-publish","4":"format-standard","5":"has-post-thumbnail","7":"category-famosos","8":"tag-celebrities","9":"tag-entertainment","10":"tag-entretenimiento","11":"tag-es","12":"tag-espana","13":"tag-famosos","14":"tag-marta","15":"tag-marzoli","16":"tag-oriana","17":"tag-penate","18":"tag-responde","19":"tag-spain"},"share_on_mastodon":{"url":"","error":""},"_links":{"self":[{"href":"https:\/\/www.europesays.com\/es\/wp-json\/wp\/v2\/posts\/161813","targetHints":{"allow":["GET"]}}],"collection":[{"href":"https:\/\/www.europesays.com\/es\/wp-json\/wp\/v2\/posts"}],"about":[{"href":"https:\/\/www.europesays.com\/es\/wp-json\/wp\/v2\/types\/post"}],"author":[{"embeddable":true,"href":"https:\/\/www.europesays.com\/es\/wp-json\/wp\/v2\/users\/2"}],"replies":[{"embeddable":true,"href":"https:\/\/www.europesays.com\/es\/wp-json\/wp\/v2\/comments?post=161813"}],"version-history":[{"count":0,"href":"https:\/\/www.europesays.com\/es\/wp-json\/wp\/v2\/posts\/161813\/revisions"}],"wp:featuredmedia":[{"embeddable":true,"href":"https:\/\/www.europesays.com\/es\/wp-json\/wp\/v2\/media\/161814"}],"wp:attachment":[{"href":"https:\/\/www.europesays.com\/es\/wp-json\/wp\/v2\/media?parent=161813"}],"wp:term":[{"taxonomy":"category","embeddable":true,"href":"https:\/\/www.europesays.com\/es\/wp-json\/wp\/v2\/categories?post=161813"},{"taxonomy":"post_tag","embeddable":true,"href":"https:\/\/www.europesays.com\/es\/wp-json\/wp\/v2\/tags?post=161813"}],"curies":[{"name":"wp","href":"https:\/\/api.w.org\/{rel}","templated":true}]}}