{"id":161819,"date":"2025-10-08T01:08:08","date_gmt":"2025-10-08T01:08:08","guid":{"rendered":"https:\/\/www.europesays.com\/es\/161819\/"},"modified":"2025-10-08T01:08:08","modified_gmt":"2025-10-08T01:08:08","slug":"piden-seis-anos-de-prision-para-el-rapero-nando-obdc","status":"publish","type":"post","link":"https:\/\/www.europesays.com\/es\/161819\/","title":{"rendered":"Piden seis a\u00f1os de prisi\u00f3n para el rapero Nando OBDC"},"content":{"rendered":"<p class=\"paragraph-atom A-500-300-700-N A-550-300-700-N--md \">La Habana\/Luego de m\u00e1s de nueve meses de estar en prisi\u00f3n sin juicio, la madre del rapero Fernando Almenares Rivera, conocido como Nando OBDC, logr\u00f3 tener en su poder la acusaci\u00f3n formal. \u201cAl final tuve que venir al tribunal para fotografiarlas, porque nunca las pudieron enviar por correo\u201d, se lamenta Eva Rivera con 14ymedio, a quien mostr\u00f3 el documento, fechado el pasado 17 de junio.\n    <\/p>\n<p class=\"paragraph-atom A-500-300-700-N A-550-300-700-N--md \">En \u00e9l, la Fiscal\u00eda pide seis a\u00f1os de prisi\u00f3n por el delito de \u201cpropaganda contra el orden constitucional\u201d. Seg\u00fan el orwelliano relato de los hechos, a finales de agosto del a\u00f1o pasado, Almenares escribi\u00f3 en trozos de s\u00e1bana \u201cutilizando una sustancia de color rosado\u201d las palabras: \u201cCuba Primero en las calles por los derechos humanos\u201d, \u201cQueremos cambios ya Cuba Primero\u201d y \u201cCuba Primero\u201d y luego los colg\u00f3 \u201centre el puente del Combinado del Este y el puente de la localidad de Santa Fe, municipio Guanabacoa, La Habana, v\u00eda esta muy transitada a cualquier hora del d\u00eda, donde incluso circulan \u00f3mnibus del transporte p\u00fablico de la capital\u201d.\n    <\/p>\n<p class=\"paragraph-atom A-500-300-700-N A-550-300-700-N--md \">Para el ministerio fiscal, se trata de \u201cfrases con contenido contrarrevolucionario\u201d, colocadas \u201cen un lugar donde pudieran ser vistas por transe\u00fantes, con el prop\u00f3sito de provocar des\u00f3rdenes sociales, alterar la tranquilidad ciudadana y crear descontento en la poblaci\u00f3n, resaltando, adem\u00e1s, en cada uno de estos, los objetivos perseguidos por una organizaci\u00f3n no reconocida legalmente en territorio cubano, incitando de esta manera contra el orden social establecido en el pa\u00eds mediante la Constituci\u00f3n de la Rep\u00fablica\u201d.\n    <\/p>\n<blockquote class=\"blockquote-atom \">\n<p>                Se trata de \u00abfrases con contenido contrarrevolucionario\u00bb, colocadas \u00aben un lugar donde pudieran ser vistas por transe\u00fantes, con el prop\u00f3sito de provocar des\u00f3rdenes sociales\u00bb<\/p>\n<\/blockquote>\n<p class=\"paragraph-atom A-500-300-700-N A-550-300-700-N--md \">El texto hace hincapi\u00e9 en que el artista \u201cmanten\u00eda relaciones\u201d con \u201cmiembros de la organizaci\u00f3n contrarrevolucionaria Cuba Primero\u201d \u2013organizaci\u00f3n a la que pertenecen Daniel Alfaro Fr\u00edas, Jos\u00e9 Antonio Pompa L\u00f3pez y L\u00e1zaro Mendoza Garc\u00eda, a quienes condenaron a nueve, ocho y cinco a\u00f1os de prisi\u00f3n <a href=\"https:\/\/www.14ymedio.com\/cuba\/dan-cinco-nueve-anos-prision_1_1118831.html\" rel=\"nofollow noopener\" target=\"_blank\">esta semana<\/a>\u2013, y asegura que fue esa organizaci\u00f3n, a trav\u00e9s del \u201cciudadano cubanoamericano Armando Labrador Coro\u201d, quien le envi\u00f3 a Nando OBDC \u201cla suma de 200 d\u00f3lares\u201d a principios de septiembre de 2024.\n    <\/p>\n<p class=\"paragraph-atom A-500-300-700-N A-550-300-700-N--md \">La acusaci\u00f3n formal contradice la primera versi\u00f3n de las autoridades, quienes justificaron que la <a href=\"https:\/\/www.14ymedio.com\/cuba\/exigen-inmediata-liberacion-rapero-nando_1_1110062.html\" rel=\"nofollow noopener\" target=\"_blank\">detenci\u00f3n<\/a> de Almenares Rivera, el 31 de diciembre del a\u00f1o pasado en su casa, en La Lisa, era por actos de \u201cterrorismo\u201d por \u201cun incendio ocurrido en el parque Lenin, el pasado 30 de diciembre\u201d, en el que presuntamente hab\u00eda participado.\n    <\/p>\n<p class=\"paragraph-atom A-500-300-700-N A-550-300-700-N--md \">En el documento jur\u00eddico figura, adem\u00e1s, las propiedades confiscadas al rapero, que constituir\u00edan pruebas del delito: un tel\u00e9fono m\u00f3vil \u201cmarca Samsung de color azul con protector de color negro\u201d, 545 pesos que \u201cfueron depositados a disposici\u00f3n del Tribunal en la agencia bancaria del Banco Metropolitano\u201d y \u201ccuatro pedazos de s\u00e1bana con los textos contrarrevolucionarios pintados, que se adjuntan a las actuaciones como pieza de convicci\u00f3n\u201d.\n    <\/p>\n<p class=\"paragraph-atom A-500-300-700-N A-550-300-700-N--md \">Tambi\u00e9n se dice en la petici\u00f3n fiscal que Almenares se encuentra en el Combinado del Este, aunque en estos momentos est\u00e1 en la prisi\u00f3n Cuba Panam\u00e1, ubicada en G\u00fcines, Mayabeque, destinada a enfermos de VIH\/sida. Su madre <a href=\"https:\/\/www.14ymedio.com\/cuba\/opositor-cubano-felix-navarro-aislado_1_1117719.html\" rel=\"nofollow noopener\" target=\"_blank\">ha denunciado p\u00fablicamente<\/a> que lo mantengan recluido en ese lugar, cuando \u00e9l no tiene este padecimiento.\n    <\/p>\n<p class=\"paragraph-atom A-500-300-700-N A-550-300-700-N--md \">\u201cAll\u00e1 adentro hay tuberculosis, hay chinches, sarna, todo tipo de enfermedades y le dije a Fernando que no se dejara pinchar por nadie porque pod\u00edan inocularle el virus\u201d, declar\u00f3 Eva Rivera a Mart\u00ed Noticias el pasado septiembre. La mujer explic\u00f3 que el director del penal le reproch\u00f3 que su hijo se negara a recibir la terapia que le dan al resto de presos. \u201cUna terapia que le dan a los pacientes esos, que tienen su tratamiento, su medicina\u201d, aclaraba Rivera, que aseveraba haberle dicho al funcionario: \u201cBajo mi responsabilidad, yo no permito que Fernando se pinche ni tome ning\u00fan tipo de terapia, porque Fernando no tiene ning\u00fan tipo de enfermedad\u201d.\n    <\/p>\n<p class=\"paragraph-atom A-500-300-700-N A-550-300-700-N--md \">A finales de julio, el rapero estuvo en huelga de hambre, para protestar por hab\u00e9rsele incomunicado en la prisi\u00f3n.\n    <\/p>\n<p class=\"paragraph-atom A-500-300-700-N A-550-300-700-N--md \">El activismo del m\u00fasico ya estaba en la mira de las autoridades desde hace un tiempo. En noviembre de 2021, fue citado a la S\u00e9ptima Unidad de la Polic\u00eda Nacional Revolucionaria por sus publicaciones en redes sociales.\n    <\/p>\n<blockquote class=\"blockquote-atom \">\n<p>                Tan solo en septiembre pasado hubo al menos 212 acciones represivas en Cuba contra la poblaci\u00f3n civil, de las cuales 39 fueron detenciones arbitrarias<\/p>\n<\/blockquote>\n<p class=\"paragraph-atom A-500-300-700-N A-550-300-700-N--md \">Las penas y represi\u00f3n contra la libertad de expresi\u00f3n, en un pa\u00eds en el que los ciudadanos solo exigen un piso m\u00ednimo para vivir, se han endurecido en los \u00faltimos a\u00f1os. El <a href=\"https:\/\/observacuba.org\/informe-septiembre-acciones-represivas-cuba-sentencias-por-protestar-publicar-redes-sociales\/\" target=\"_blank\" rel=\"nofollow noopener\">Observatorio Cubano de Derechos Humanos<\/a> (Ocdh), con sede en Madrid, report\u00f3 este martes que tan solo en septiembre pasado hubo al menos 212 acciones represivas en Cuba contra la poblaci\u00f3n civil, de las cuales 39 fueron detenciones arbitrarias.\n    <\/p>\n<p class=\"paragraph-atom A-500-300-700-N A-550-300-700-N--md \">La mayor\u00eda estos casos fueron \u201cde corta duraci\u00f3n (27)\u201d y estuvieron relacionados con la manifestaci\u00f3n pac\u00edfica en Gibara (Holgu\u00edn), el 13 de septiembre, donde los vecinos salieron a las calles con gritos de reclamo como \u201c\u00a1Corriente y comida!\u201d, \u201c\u00a1El pueblo unido jam\u00e1s ser\u00e1 vencido!\u201d y \u201c\u00a1Libertad, libertad!\u201d.\n    <\/p>\n<p class=\"paragraph-atom A-500-300-700-N A-550-300-700-N--md \">\u201cHa sido un mes negro para la libertad de expresi\u00f3n, debido a las condenas y juicios. El r\u00e9gimen quiere infundir terror ante su estrepitoso fracaso socioecon\u00f3mico y su incapacidad para buscar soluciones\u201d, indic\u00f3 el Ocdh.\n    <\/p>\n<p class=\"paragraph-atom A-500-300-700-N A-550-300-700-N--md \">Seg\u00fan el informe, en septiembre, \u201cel r\u00e9gimen cubano profundiz\u00f3 la penalizaci\u00f3n de la libertad de expresi\u00f3n en redes sociales y de la manifestaci\u00f3n pac\u00edfica. Hemos conocido la sentencia contra Ana Ibis Trista Padilla y Jarol Varona Ag\u00fcero, que les condena a 14 y 13 a\u00f1os de c\u00e1rcel, respectivamente, por \u2018propaganda contra el orden constitucional\u2019 y \u2018otros actos contra la seguridad del Estado\u2019. Y por \u2018propaganda contra el orden constitucional\u2019 a F\u00e9lix Daniel P\u00e9rez Ruiz (cinco a\u00f1os) y a Cristhian de Jes\u00fas Pe\u00f1a Aguilera (cuatro a\u00f1os), todo por compartir en las redes sociales la convocatoria a una manifestaci\u00f3n pac\u00edfica que, de hecho, no se realiz\u00f3\u201d, record\u00f3 el observatorio.\n    <\/p>\n<p class=\"paragraph-atom A-500-300-700-N A-550-300-700-N--md \">En el pa\u00eds, desde enero pasado, ya son 2.462 acciones represivas contra la poblaci\u00f3n \u201ccon el fin de impedir o limitar el ejercicio de derechos civiles y pol\u00edticos en Cuba. De estas, 461 han sido detenciones arbitrarias\u201d.\n    <\/p>\n","protected":false},"excerpt":{"rendered":"La Habana\/Luego de m\u00e1s de nueve meses de estar en prisi\u00f3n sin juicio, la madre del rapero Fernando&hellip;\n","protected":false},"author":2,"featured_media":161820,"comment_status":"","ping_status":"","sticky":false,"template":"","format":"standard","meta":{"footnotes":""},"categories":[170],"tags":[47969,146,147,25,24,47968,184,185,47967,47971,2577,23,47970],"class_list":{"0":"post-161819","1":"post","2":"type-post","3":"status-publish","4":"format-standard","5":"has-post-thumbnail","7":"category-musica","8":"tag-cuba-primero","9":"tag-entertainment","10":"tag-entretenimiento","11":"tag-es","12":"tag-espana","13":"tag-fernando-almenares-rivera","14":"tag-music","15":"tag-musica","16":"tag-nando-obdc","17":"tag-observatorio-cubano-de-derechos-humanos","18":"tag-presos-politicos","19":"tag-spain","20":"tag-tribunal-de-la-habana"},"share_on_mastodon":{"url":"","error":""},"_links":{"self":[{"href":"https:\/\/www.europesays.com\/es\/wp-json\/wp\/v2\/posts\/161819","targetHints":{"allow":["GET"]}}],"collection":[{"href":"https:\/\/www.europesays.com\/es\/wp-json\/wp\/v2\/posts"}],"about":[{"href":"https:\/\/www.europesays.com\/es\/wp-json\/wp\/v2\/types\/post"}],"author":[{"embeddable":true,"href":"https:\/\/www.europesays.com\/es\/wp-json\/wp\/v2\/users\/2"}],"replies":[{"embeddable":true,"href":"https:\/\/www.europesays.com\/es\/wp-json\/wp\/v2\/comments?post=161819"}],"version-history":[{"count":0,"href":"https:\/\/www.europesays.com\/es\/wp-json\/wp\/v2\/posts\/161819\/revisions"}],"wp:featuredmedia":[{"embeddable":true,"href":"https:\/\/www.europesays.com\/es\/wp-json\/wp\/v2\/media\/161820"}],"wp:attachment":[{"href":"https:\/\/www.europesays.com\/es\/wp-json\/wp\/v2\/media?parent=161819"}],"wp:term":[{"taxonomy":"category","embeddable":true,"href":"https:\/\/www.europesays.com\/es\/wp-json\/wp\/v2\/categories?post=161819"},{"taxonomy":"post_tag","embeddable":true,"href":"https:\/\/www.europesays.com\/es\/wp-json\/wp\/v2\/tags?post=161819"}],"curies":[{"name":"wp","href":"https:\/\/api.w.org\/{rel}","templated":true}]}}