{"id":161823,"date":"2025-10-08T01:10:11","date_gmt":"2025-10-08T01:10:11","guid":{"rendered":"https:\/\/www.europesays.com\/es\/161823\/"},"modified":"2025-10-08T01:10:11","modified_gmt":"2025-10-08T01:10:11","slug":"los-2-equipos-de-laliga-que-solicitaran-al-real-madrid-la-cesion-de-endrick","status":"publish","type":"post","link":"https:\/\/www.europesays.com\/es\/161823\/","title":{"rendered":"Los 2 equipos de LaLiga que solicitar\u00e1n al Real Madrid la cesi\u00f3n de Endrick"},"content":{"rendered":"<p>Tal y como como contamos en <a title=\"LAOTRALIGA\" href=\"https:\/\/www.larazon.es\/deportes\/laotraliga\/motivo-que-endrick-fichado-este-equipo-laliga_202508056891e6d25f8fa325be2042e1.html\" target=\"_blank\" rel=\"nofollow noopener\">LAOTRALIGA<\/a>, la <b>Real Sociedad<\/b> alcanz\u00f3 en verano un acuerdo con el <b>Real Madrid<\/b> para hacerse con <b>Endrick <\/b>en calidad de cedido. No obstante, la operaci\u00f3n se fue al traste cuando el brasile\u00f1o cay\u00f3 lesionado. A\u00fan as\u00ed el cuadro txuri-urdin tiene previsto volver a la carga por el delantero de <b>19 a\u00f1os<\/b> en el mercado invernal, algo que tambi\u00e9n tiene previsto hacer el <b>Valencia <\/b>en LaLiga EA Sports y el <b>West Ham<\/b> en la Premier League.<\/p>\n<p>El Mundial, la baza de Real Sociedad y Valencia para reclutar a Endrick en sus filas<\/p>\n<p>As\u00ed lo asegura SPORT, que coloca a estos tres equipos tras los pasos de Endrick. Tanto la Real Sociedad como el Valencia y el West Ham quiere aprovechar que en verano hay Mundial para acoger en sus filas al brasile\u00f1o, que saldr\u00eda del Real Madrid en busca de los minutos necesarios como para tener opciones de ser convocado por <b>Carlo Ancelotti<\/b> para el torneo.<\/p>\n<p>El que a\u00fan no le ha brindado minutos todav\u00eda es <a title=\"Xabi Alonso\" href=\"https:\/\/www.larazon.es\/deportes\/laotraliga\/futbolista-valencia-que-xabi-alonso-querria-llevar-real-madrid_20250507681b606c319ae75da4c471b7.html\" target=\"_blank\" rel=\"nofollow noopener\">Xabi Alonso<\/a>, que recientemente confirmaba que Endrick estaba recuperado de su lesi\u00f3n. \u201c<b>Se est\u00e1 entrenando muy bien tras la lesi\u00f3n y s\u00f3lo se trata de encontrar el momento adecuado en un partido para que pueda salir al campo. Tiene instinto goleador, un remate potente. La competencia es alta, pero su momento llegar\u00e1<\/b>\u201d, declar\u00f3 el entrenador del Real Madrid.<\/p>\n<p>Desde su llegada al cuadro merengue, Endrick ha disputado un total de 37 partidos con el conjunto blanco, con el que ha anotado 7 goles y repartido una asistencia.<\/p>\n","protected":false},"excerpt":{"rendered":"Tal y como como contamos en LAOTRALIGA, la Real Sociedad alcanz\u00f3 en verano un acuerdo con el Real&hellip;\n","protected":false},"author":2,"featured_media":161824,"comment_status":"","ping_status":"","sticky":false,"template":"","format":"standard","meta":{"footnotes":""},"categories":[93],"tags":[168,25,24,23,167],"class_list":{"0":"post-161823","1":"post","2":"type-post","3":"status-publish","4":"format-standard","5":"has-post-thumbnail","7":"category-deportes","8":"tag-deportes","9":"tag-es","10":"tag-espana","11":"tag-spain","12":"tag-sports"},"share_on_mastodon":{"url":"","error":""},"_links":{"self":[{"href":"https:\/\/www.europesays.com\/es\/wp-json\/wp\/v2\/posts\/161823","targetHints":{"allow":["GET"]}}],"collection":[{"href":"https:\/\/www.europesays.com\/es\/wp-json\/wp\/v2\/posts"}],"about":[{"href":"https:\/\/www.europesays.com\/es\/wp-json\/wp\/v2\/types\/post"}],"author":[{"embeddable":true,"href":"https:\/\/www.europesays.com\/es\/wp-json\/wp\/v2\/users\/2"}],"replies":[{"embeddable":true,"href":"https:\/\/www.europesays.com\/es\/wp-json\/wp\/v2\/comments?post=161823"}],"version-history":[{"count":0,"href":"https:\/\/www.europesays.com\/es\/wp-json\/wp\/v2\/posts\/161823\/revisions"}],"wp:featuredmedia":[{"embeddable":true,"href":"https:\/\/www.europesays.com\/es\/wp-json\/wp\/v2\/media\/161824"}],"wp:attachment":[{"href":"https:\/\/www.europesays.com\/es\/wp-json\/wp\/v2\/media?parent=161823"}],"wp:term":[{"taxonomy":"category","embeddable":true,"href":"https:\/\/www.europesays.com\/es\/wp-json\/wp\/v2\/categories?post=161823"},{"taxonomy":"post_tag","embeddable":true,"href":"https:\/\/www.europesays.com\/es\/wp-json\/wp\/v2\/tags?post=161823"}],"curies":[{"name":"wp","href":"https:\/\/api.w.org\/{rel}","templated":true}]}}