{"id":161837,"date":"2025-10-08T01:19:07","date_gmt":"2025-10-08T01:19:07","guid":{"rendered":"https:\/\/www.europesays.com\/es\/161837\/"},"modified":"2025-10-08T01:19:07","modified_gmt":"2025-10-08T01:19:07","slug":"triunfadora-espanola-miriam-cabas-toreara-en-yuriria-este-16-de-noviembre","status":"publish","type":"post","link":"https:\/\/www.europesays.com\/es\/161837\/","title":{"rendered":"Triunfadora espa\u00f1ola Miriam Cabas torear\u00e1 en Yuriria este 16 de noviembre."},"content":{"rendered":"<p><strong>YURIRIA.- <\/strong>La joven novillera espa\u00f1ola <strong>Miriam Cabas<\/strong>, quien debut\u00f3 recientemente en M\u00e9xico con gran \u00e9xito, tendr\u00e1 su segundo compromiso en tierras nacionales el pr\u00f3ximo <strong>16 de noviembre en Yuriria, Guanajuato<\/strong>, como parte del festejo taurino <strong>\u201cEn Defensa de Nuestras Tradiciones\u201d<\/strong>, organizado por la empresa <strong>Redondeles \u2013 Casa de Tauromaquia<\/strong>.<\/p>\n<p>Cabas, quien es apoderada desde agosto por la se\u00f1ora <strong>Tomasina<\/strong>, debut\u00f3 el pasado <strong>7 de septiembre<\/strong> en la <strong>Monumental Zacatecas<\/strong>, donde se alz\u00f3 como triunfadora al cortar <strong>dos orejas<\/strong> y salir en hombros ante la ovaci\u00f3n del p\u00fablico. Ahora, la joven torera regresar\u00e1 al ruedo mexicano para alternar con los novilleros nacionales <strong>Andr\u00e9s Origel<\/strong> y <strong>\u00c1ngel Gabriel<\/strong>, lidiando un <strong>encierro de la ganader\u00eda Huichapan<\/strong>, en punto de las <strong>3 de la tarde<\/strong>.<\/p>\n<p>Durante su estancia en el pa\u00eds, la novillera ha participado en <strong>labores camperas<\/strong> en reconocidas ganader\u00edas como <strong>Pastej\u00e9<\/strong> y <strong>Torre\u00f3n de Ca\u00f1as<\/strong>, puliendo su t\u00e9cnica y adapt\u00e1ndose al estilo taurino mexicano.<\/p>\n<p>El evento, que se realizar\u00e1 en Yuriria, busca <strong>revalorar y preservar la tradici\u00f3n taurina<\/strong> dentro de un contexto cultural y familiar, fomentando la convivencia y el respeto por una de las expresiones m\u00e1s antiguas de la identidad mexicana y espa\u00f1ola.<\/p>\n<p>Con esta presentaci\u00f3n, Yuriria se consolida una vez m\u00e1s como <strong>sede importante para el arte taurino<\/strong> en Guanajuato, al atraer a figuras emergentes de talla internacional y mantener vivas las costumbres que forman parte de su herencia cultural.<\/p>\n","protected":false},"excerpt":{"rendered":"YURIRIA.- La joven novillera espa\u00f1ola Miriam Cabas, quien debut\u00f3 recientemente en M\u00e9xico con gran \u00e9xito, tendr\u00e1 su segundo&hellip;\n","protected":false},"author":2,"featured_media":161838,"comment_status":"","ping_status":"","sticky":false,"template":"","format":"standard","meta":{"footnotes":""},"categories":[277],"tags":[373,168,25,24,23,167,374],"class_list":{"0":"post-161837","1":"post","2":"type-post","3":"status-publish","4":"format-standard","5":"has-post-thumbnail","7":"category-toreo","8":"tag-bullfighting","9":"tag-deportes","10":"tag-es","11":"tag-espana","12":"tag-spain","13":"tag-sports","14":"tag-toreo"},"share_on_mastodon":{"url":"","error":""},"_links":{"self":[{"href":"https:\/\/www.europesays.com\/es\/wp-json\/wp\/v2\/posts\/161837","targetHints":{"allow":["GET"]}}],"collection":[{"href":"https:\/\/www.europesays.com\/es\/wp-json\/wp\/v2\/posts"}],"about":[{"href":"https:\/\/www.europesays.com\/es\/wp-json\/wp\/v2\/types\/post"}],"author":[{"embeddable":true,"href":"https:\/\/www.europesays.com\/es\/wp-json\/wp\/v2\/users\/2"}],"replies":[{"embeddable":true,"href":"https:\/\/www.europesays.com\/es\/wp-json\/wp\/v2\/comments?post=161837"}],"version-history":[{"count":0,"href":"https:\/\/www.europesays.com\/es\/wp-json\/wp\/v2\/posts\/161837\/revisions"}],"wp:featuredmedia":[{"embeddable":true,"href":"https:\/\/www.europesays.com\/es\/wp-json\/wp\/v2\/media\/161838"}],"wp:attachment":[{"href":"https:\/\/www.europesays.com\/es\/wp-json\/wp\/v2\/media?parent=161837"}],"wp:term":[{"taxonomy":"category","embeddable":true,"href":"https:\/\/www.europesays.com\/es\/wp-json\/wp\/v2\/categories?post=161837"},{"taxonomy":"post_tag","embeddable":true,"href":"https:\/\/www.europesays.com\/es\/wp-json\/wp\/v2\/tags?post=161837"}],"curies":[{"name":"wp","href":"https:\/\/api.w.org\/{rel}","templated":true}]}}