{"id":161861,"date":"2025-10-08T01:34:16","date_gmt":"2025-10-08T01:34:16","guid":{"rendered":"https:\/\/www.europesays.com\/es\/161861\/"},"modified":"2025-10-08T01:34:16","modified_gmt":"2025-10-08T01:34:16","slug":"brote-sarampion-salut-muestra-su-preocupacion-por-un-brote-de-sarampion-en-el-garraf-con-ocho-contagiados-seis-de-ellos-sin-vacunar","status":"publish","type":"post","link":"https:\/\/www.europesays.com\/es\/161861\/","title":{"rendered":"BROTE SARAMPI\u00d3N | Salut muestra su \u00abpreocupaci\u00f3n\u00bb por un brote de sarampi\u00f3n en el Garraf con ocho contagiados, seis de ellos sin vacunar"},"content":{"rendered":"<p class=\"ft-text\">El secretario de Salut P\u00fablica, Esteve Fern\u00e1ndez, ha mostrado este martes su \u00abpreocupaci\u00f3n\u00bb por un brote de<strong> sarampi\u00f3n detectado en el Garraf,<\/strong> que afecta a ocho contagiados, seis de los cuales son personas sin <strong>vacunar<\/strong>. El primer infectado empez\u00f3 a mostrar s\u00edntomas el d\u00eda 4 de septiembre y los \u00faltimos casos el 29 del mismo mes. Por tanto, el <strong>brote contin\u00faa activo <\/strong>y el portavoz de Salut ha informado de que podr\u00eda haber <strong>tres contagiados m\u00e1s<\/strong>, que podr\u00edan confirmarse en los pr\u00f3ximos d\u00edas.<\/p>\n<p class=\"ft-text\">Entre los afectados hay <strong>varios miembros de la misma familia, <\/strong>de varias edades, entre 7 y 44 a\u00f1os, pero con predominio de adolescentes y j\u00f3venes adultos. Tres de los afectados han requerido ingreso hospitalario, dos de los cuales han sido ya dados de alta y un tercero contin\u00faa <strong>ingresado<\/strong>, pero por un proceso independiente no relacionado con la enfermedad, seg\u00fan la administraci\u00f3n sanitaria.<\/p>\n<p class=\"ft-text\">La Conselleria ha explicado, adem\u00e1s, que el brote ha afectado a varios \u00e1mbitos: tanto al familiar como a los centros asistenciales, de ocio y universitarios a los que han asistido los contagiados. Como consecuencia, <strong>se han producido exposici\u00f3n a otras personas<\/strong> y, por ello, se sigue de cerca a un <strong>centenar de individuos por si presentan s\u00edntomas<\/strong>. Estas personas han sido contactadas desde el Servicio de Vigilancia Territorial para explicarles las medidas de contenci\u00f3n del brote, as\u00ed como que contin\u00faan bajo seguimiento para evitar la diseminaci\u00f3n de la enfermedad.<\/p>\n<p class=\"ft-text\">Dado que los afectados, la mayor\u00eda inmunizados, han tenido una movilidad e interacci\u00f3n social \u201celevadas\u201d, seg\u00fan Salud, el <strong>riesgo de diseminaci\u00f3n en el Garraf es \u201calto\u201d<\/strong>. Ante esta situaci\u00f3n, Salut P\u00fablica ha estudiado <strong>315 contactos <\/strong>y ha dado indicaciones a un centenar de personas, dentro de las actuaciones para controlar la diseminaci\u00f3n de la enfermedad.<\/p>\n<p>Los grupos antivacunas<\/p>\n<p class=\"ft-text\">Fern\u00e1ndez ha explicado este martes que se trata, en consecuencia, de un \u00ab<strong>brote importante\u00bb, <\/strong>el primero de estas dimensiones en Catalunya. \u00abHemos doblado el n\u00famero de casos respecto al a\u00f1o pasado y, por tanto, estamos preocupados, sobre todo porque son personas no vacunadas y se trata de una enfermedad del todo prevenible\u00bb, ha indicado en Catalunya R\u00e0dio.<\/p>\n<p class=\"ft-text\">\u00abPor suerte, tenemos unas tasas de vacunaci\u00f3n muy elevadas, lo que har\u00e1 que la enfermedad<strong> no se extienda <\/strong>como podr\u00eda ser en otro contexto\u00bb, ha pronosticado. En cualquier caso, ha remachado que es \u00abpreocupante\u00bb que una vacuna que no tiene complicaciones, que se administra en la infancia, \u00abhaya personas que no se la ponen a sus hijos\u00bb. El secretario de Salut P\u00fablica ha achacado esta situaci\u00f3n a los <strong>grupos antivacunas<\/strong>, que han ganado fuerza desde que gobierna en EEUU Donald Trump. \u00abTienen un cierto calado entre sectores de la poblaci\u00f3n que tienen dudas sobre la evidencia y c\u00f3mo funcionan las vacunas\u00bb.<\/p>\n<p>Un 110% m\u00e1s que en 2024<\/p>\n<p class=\"ft-text\">En este escenario, hasta el 3 de octubre se han confirmado 71 contagios de sarampi\u00f3n en Catalunya, un 110% m\u00e1s que en 2024, cuando hubo 34. El 58% de los casos ten\u00edan entre 16 y 45 a\u00f1os, mientras que el 21% (15 casos) tienen menos de 5. Los afectados son 47 hombres (66%) y 24 mujeres (34%). La mayor\u00eda de los casos <strong>no estaban vacunados <\/strong>o lo estaban de manera incompleta.<\/p>\n<p class=\"ft-text\">El sarampi\u00f3n es una enfermedad v\u00edrica muy contagiosa que <strong>empieza con s\u00edntomas similares a los de un resfriado para pasar a generar una erupci\u00f3n rojiza caracter\u00edstica<\/strong> que se inicia en la cabeza y se va extendiendo al resto del cuerpo. Puede ser grave especialmente en ni\u00f1os, personas inmunodeprimidas, embarazadas y en adultos o personas con d\u00e9ficits nutricionales no vacunadas. En algunos casos puede ser mortal.<\/p>\n<p class=\"ft-text\">Salut recuerda que para prevenir la afecci\u00f3n se dispone de una <strong>vacuna combinada \u201cmuy eficaz y segura<\/strong>\u201d. La vacunaci\u00f3n est\u00e1 incluida en el calendario de vacunaciones sistem\u00e1ticas para todos los ni\u00f1os a los 12 meses y a los 3 a\u00f1os (se aplica junto con las vacunas de la rub\u00e9ola y las paperas, la triple v\u00edrica). Adicionalmente, tambi\u00e9n se recomienda la vacunaci\u00f3n a todas las personas adultas que no est\u00e9n vacunadas o que no hayan padecido la enfermedad.<\/p>\n<p class=\"ft-text\">La recomendaci\u00f3n de la Organizaci\u00f3n Mundial de la Salud (OMS) y de otros organismos internacionales en relaci\u00f3n con la vacunaci\u00f3n contra el sarampi\u00f3n, para lograr la protecci\u00f3n comunitaria, es alcanzar una cobertura vacunal del 95%.<\/p>\n<p class=\"ft-text\">En Catalunya, la cobertura de vacunaci\u00f3n en el <strong>a\u00f1o 2024 con una dosis en ni\u00f1os de dos a\u00f1os fue del 95,8<\/strong>%, y con dos dosis a los cuatro a\u00f1os, del 90,2%, de tal manera que la tasa a los cinco a\u00f1os era del 92,7%, seg\u00fan datos del Departament.<\/p>\n","protected":false},"excerpt":{"rendered":"El secretario de Salut P\u00fablica, Esteve Fern\u00e1ndez, ha mostrado este martes su \u00abpreocupaci\u00f3n\u00bb por un brote de sarampi\u00f3n&hellip;\n","protected":false},"author":2,"featured_media":161862,"comment_status":"","ping_status":"","sticky":false,"template":"","format":"standard","meta":{"footnotes":""},"categories":[92],"tags":[11335,47979,42845,1293,8995,25,24,47978,165,2799,166,3829,23],"class_list":{"0":"post-161861","1":"post","2":"type-post","3":"status-publish","4":"format-standard","5":"has-post-thumbnail","7":"category-salud","8":"tag-brote","9":"tag-contagiados-sin-vacunar","10":"tag-detectado","11":"tag-enfermedades","12":"tag-enfermedades-infecciosas","13":"tag-es","14":"tag-espana","15":"tag-garraf","16":"tag-health","17":"tag-ocho","18":"tag-salud","19":"tag-sarampion","20":"tag-spain"},"share_on_mastodon":{"url":"","error":""},"_links":{"self":[{"href":"https:\/\/www.europesays.com\/es\/wp-json\/wp\/v2\/posts\/161861","targetHints":{"allow":["GET"]}}],"collection":[{"href":"https:\/\/www.europesays.com\/es\/wp-json\/wp\/v2\/posts"}],"about":[{"href":"https:\/\/www.europesays.com\/es\/wp-json\/wp\/v2\/types\/post"}],"author":[{"embeddable":true,"href":"https:\/\/www.europesays.com\/es\/wp-json\/wp\/v2\/users\/2"}],"replies":[{"embeddable":true,"href":"https:\/\/www.europesays.com\/es\/wp-json\/wp\/v2\/comments?post=161861"}],"version-history":[{"count":0,"href":"https:\/\/www.europesays.com\/es\/wp-json\/wp\/v2\/posts\/161861\/revisions"}],"wp:featuredmedia":[{"embeddable":true,"href":"https:\/\/www.europesays.com\/es\/wp-json\/wp\/v2\/media\/161862"}],"wp:attachment":[{"href":"https:\/\/www.europesays.com\/es\/wp-json\/wp\/v2\/media?parent=161861"}],"wp:term":[{"taxonomy":"category","embeddable":true,"href":"https:\/\/www.europesays.com\/es\/wp-json\/wp\/v2\/categories?post=161861"},{"taxonomy":"post_tag","embeddable":true,"href":"https:\/\/www.europesays.com\/es\/wp-json\/wp\/v2\/tags?post=161861"}],"curies":[{"name":"wp","href":"https:\/\/api.w.org\/{rel}","templated":true}]}}