{"id":161863,"date":"2025-10-08T01:35:13","date_gmt":"2025-10-08T01:35:13","guid":{"rendered":"https:\/\/www.europesays.com\/es\/161863\/"},"modified":"2025-10-08T01:35:13","modified_gmt":"2025-10-08T01:35:13","slug":"trump-tilda-de-locura-que-bad-bunny-actue-en-el-descanso-de-la-superbowl-nunca-he-oido-hablar-de-el-no-se-quien-es","status":"publish","type":"post","link":"https:\/\/www.europesays.com\/es\/161863\/","title":{"rendered":"Trump tilda de \u00ablocura\u00bb que Bad Bunny act\u00fae en el descanso de la Superbowl:\u00a0\u00abNunca he o\u00eddo hablar de \u00e9l, no s\u00e9 qui\u00e9n es\u00bb"},"content":{"rendered":"<p class=\"paragraph\" id=\"paragraph_1\">El presidente de Estados Unidos, Donald <strong>Trump<\/strong>, critic\u00f3 a la NFL por elegir a la estrella puertorrique\u00f1a<strong> Bad Bunny<\/strong> como <a href=\"https:\/\/www.elespanol.com\/deportes\/otros-deportes\/20250929\/artista-puertorriqueno-bad-bunny-actuara-descanso-super-bowl\/1003743945229_0.html?utm_cmp_rs=linksinline\" rel=\"nofollow noopener\" target=\"_blank\">artista principal en el descanso del Super Bowl,<\/a> una decisi\u00f3n que tild\u00f3 de <strong>\u00ababsolutamente rid\u00edcula\u00bb.<\/strong><\/p>\n<p class=\"paragraph\" id=\"paragraph_2\">\u00ab<strong>Nunca he o\u00eddo hablar de \u00e9l (&#8230;) No s\u00e9 qui\u00e9n es, no s\u00e9 por qu\u00e9 lo hacen. Es una locura.<\/strong> Me parece absolutamente rid\u00edculo\u00bb, indic\u00f3 el presidente durante su intervenci\u00f3n en el programa Greg Kelly Reports\u00a0que se emiti\u00f3 anoche en Newsmax.<\/p>\n<p class=\"paragraph\" id=\"paragraph_3\">El mandatario republicano <strong>expres\u00f3 su desacuerdo con algunas de las normas t\u00e9cnicas de la NFL<\/strong> y agreg\u00f3 que le gustar\u00eda cambiar algunas, como la patada inicial (kickoff, en ingl\u00e9s) que se realiza para dar comienzo al juego.<\/p>\n<p><img loading=\"lazy\" decoding=\"async\" alt=\"La Secretaria del DHS, Kristi Noem, en un operativo del ICE.\" height=\"180\" src=\"https:\/\/www.europesays.com\/es\/wp-content\/uploads\/2025\/10\/1003743916143_258535984_320x180.jpg\" width=\"320\" data-lazy-status=\"processed\" data-lazy-info=\"remove loading item 1\"\/><\/p>\n<p class=\"paragraph\" id=\"paragraph_4\">\u00abEs rid\u00edculo. No es m\u00e1s seguro que la patada inicial normal. Se ve terrible. Creo que realmente denigra el f\u00fatbol americano\u00bb, asever\u00f3.<\/p>\n<p class=\"paragraph\" id=\"paragraph_5\">La elecci\u00f3n de Bad Bunny para actuar como artista principal en el Super Bowl del pr\u00f3ximo 7 de febrero en Santa Clara, en el estado de California (EE.UU.), ha generado una <strong>ola de cr\u00edticas entre las filas republicanas, que reprochan que su m\u00fasica sea en espa\u00f1ol.<\/strong><\/p>\n<p class=\"paragraph\" id=\"paragraph_6\">Poco despu\u00e9s de que la NFL anunciara al puertorrique\u00f1o para su mayor evento, uno de los asesores del Departamento de Seguridad Nacional, Corey Lewandowski, advirti\u00f3 que<strong> el Gobierno de Estados Unidos desplegar\u00e1 a los agentes del Servicio de Inmigraci\u00f3n y Control de Aduanas<\/strong> (ICE, en ingl\u00e9s) mientras se desarrolla el espect\u00e1culo.<\/p>\n<p class=\"paragraph\" id=\"paragraph_7\">Sin embargo, la <strong>Casa Blanca precis\u00f3 d\u00edas despu\u00e9s que no hab\u00eda planes de redadas migratorias<\/strong> en el Super Bowl de Bad Bunny por el momento.<\/p>\n<p class=\"paragraph\" id=\"paragraph_8\">El pasado s\u00e1bado, el m\u00fasico respondi\u00f3 a las cr\u00edticas que ha generado su presencia en uno de los espect\u00e1culos m\u00e1s populares y televisados del mundo en su mon\u00f3logo como artista invitado en el programa Saturday Night Live (SNL), en el que habl\u00f3 mayoritariamente en ingl\u00e9s.<\/p>\n<p class=\"paragraph\" id=\"paragraph_9\"><strong>\u00abSi no han entendido lo que acabo de decir, tienen cuatro meses para aprender (espa\u00f1ol)\u00bb<\/strong>, sentenci\u00f3 el artista, quien adem\u00e1s protagoniz\u00f3 varias escenas c\u00f3micas, como una adaptaci\u00f3n de la famosa serie infantil mexicana El Chavo del Ocho.<\/p>\n","protected":false},"excerpt":{"rendered":"El presidente de Estados Unidos, Donald Trump, critic\u00f3 a la NFL por elegir a la estrella puertorrique\u00f1a Bad&hellip;\n","protected":false},"author":2,"featured_media":161864,"comment_status":"","ping_status":"","sticky":false,"template":"","format":"standard","meta":{"footnotes":""},"categories":[91],"tags":[352,115,146,147,25,24,23],"class_list":{"0":"post-161863","1":"post","2":"type-post","3":"status-publish","4":"format-standard","5":"has-post-thumbnail","7":"category-entretenimiento","8":"tag-donald-trump","9":"tag-eeuu","10":"tag-entertainment","11":"tag-entretenimiento","12":"tag-es","13":"tag-espana","14":"tag-spain"},"share_on_mastodon":{"url":"","error":""},"_links":{"self":[{"href":"https:\/\/www.europesays.com\/es\/wp-json\/wp\/v2\/posts\/161863","targetHints":{"allow":["GET"]}}],"collection":[{"href":"https:\/\/www.europesays.com\/es\/wp-json\/wp\/v2\/posts"}],"about":[{"href":"https:\/\/www.europesays.com\/es\/wp-json\/wp\/v2\/types\/post"}],"author":[{"embeddable":true,"href":"https:\/\/www.europesays.com\/es\/wp-json\/wp\/v2\/users\/2"}],"replies":[{"embeddable":true,"href":"https:\/\/www.europesays.com\/es\/wp-json\/wp\/v2\/comments?post=161863"}],"version-history":[{"count":0,"href":"https:\/\/www.europesays.com\/es\/wp-json\/wp\/v2\/posts\/161863\/revisions"}],"wp:featuredmedia":[{"embeddable":true,"href":"https:\/\/www.europesays.com\/es\/wp-json\/wp\/v2\/media\/161864"}],"wp:attachment":[{"href":"https:\/\/www.europesays.com\/es\/wp-json\/wp\/v2\/media?parent=161863"}],"wp:term":[{"taxonomy":"category","embeddable":true,"href":"https:\/\/www.europesays.com\/es\/wp-json\/wp\/v2\/categories?post=161863"},{"taxonomy":"post_tag","embeddable":true,"href":"https:\/\/www.europesays.com\/es\/wp-json\/wp\/v2\/tags?post=161863"}],"curies":[{"name":"wp","href":"https:\/\/api.w.org\/{rel}","templated":true}]}}