{"id":161871,"date":"2025-10-08T01:39:09","date_gmt":"2025-10-08T01:39:09","guid":{"rendered":"https:\/\/www.europesays.com\/es\/161871\/"},"modified":"2025-10-08T01:39:09","modified_gmt":"2025-10-08T01:39:09","slug":"hallan-dos-cadaveres-tiroteados-y-con-senales-de-ajustes-de-cuentas-en-lorca","status":"publish","type":"post","link":"https:\/\/www.europesays.com\/es\/161871\/","title":{"rendered":"Hallan dos cad\u00e1veres tiroteados y con se\u00f1ales de ajustes de cuentas en Lorca"},"content":{"rendered":"<p class=\"v-mdl-ath__p v-mdl-ath__p--6\">\nMartes, 7 de octubre 2025, 19:09<\/p>\n<p>| Actualizado 23:36h.<\/p>\n<p class=\"v-p\">La Guardia Civil investiga el hallazgo este martes por la tarde de dos cad\u00e1veres con signos de ajustes de cuentas en Lorca. El primero de ellos fue localizado en una vivienda en el paraje de El Cantal y presentaba se\u00f1ales de violencia. El otro apareci\u00f3 en el interior del maletero de un Peugeot blanco estacionado frente a un bar de la pedan\u00eda de Ramonete. Este hallazgo provoc\u00f3 un amplio despliegue de la Guardia Civil, que mantuvo acordonada la zona y un helic\u00f3ptero del Cuerpo sobrevol\u00f3 la poblaci\u00f3n durante gran parte de la tarde.<\/p>\n<p class=\"v-p\">Seg\u00fan fuentes vecinales, el veh\u00edculo llevaba aparcado desde la una del mediod\u00eda frente al establecimiento, sin que nadie hubiera advertido nada extra\u00f1o hasta que la Guardia Civil descubri\u00f3 el cad\u00e1ver, supuestamente, tras el aviso dado por un vecino. <\/p>\n<p class=\"v-p\">El cuerpo sin vida de un hombre con signos de violencia por arma de fuego, maniatado, amordazado y sin identificar, se encontraba dentro del maletero del turismo. La Benem\u00e9rita mantiene abiertas varias l\u00edneas de investigaci\u00f3n y a\u00fan no ha confirmado oficialmente la identidad ni la nacionalidad del fallecido. \u00abLo que nos ha llamado la atenci\u00f3n es que los guardias iban con mascarillas y estaban registrando todo el coche\u00bb, relat\u00f3 uno de los vecinos que se acerc\u00f3 al lugar. <\/p>\n<p>Tiroteado en la sierra<\/p>\n<p class=\"v-p\">El suceso pr\u00e1ctiamente coincidi\u00f3 con el hallazgo poco antes de otro cad\u00e1ver en una casa situada en el paraje de El Cantal, una zona de sierra apartada de Lorca. El cuerpo presentaba tambi\u00e9n impactos de bala. La Benem\u00e9rita trata de determinar si ambos casos est\u00e1n relacionados entre s\u00ed o se trata de hechos independientes. \u00abSe est\u00e1 investigando la supuesta relaci\u00f3n entre ambos sucesos. Diligencias declaradas secretas\u00bb, se\u00f1alaron desde el Instituto Armado.<\/p>\n<p class=\"v-p\">Fuentes pr\u00f3ximas a la investigaci\u00f3n se\u00f1alan que, por el momento, no se descarta ninguna hip\u00f3tesis, aunque los agentes especializados del equipo de Polic\u00eda Judicial de Lorca trabajaron sobre el terreno para esclarecer las circunstancias de ambas muertes. \u00abYo ven\u00eda de trabajar y he visto el helic\u00f3ptero y varias patrullas de la Guardia Civil dando vueltas por todo el pueblo\u00bb, comentaba otro residente. \u00abAqu\u00ed no pasa nada nunca, as\u00ed que esto ha sido un revuelo tremendo\u00bb.<\/p>\n<p class=\"v-p\">El lugar donde apareci\u00f3 el coche se encuentra en el n\u00facleo urbano de la pedan\u00eda, mientras que la cala El Cantal est\u00e1 situada a varios kil\u00f3metros, en una zona de dif\u00edcil acceso en la sierra.<\/p>\n<p class=\"v-p\">La Guardia Civil ha asumido la investigaci\u00f3n y tras el levantamiento del cad\u00e1ver ordenado este martes por el juez de guardia, los cuerpos fueron trasladados al Instituto de Medicina Legal, donde se les practicar\u00e1 la autopsia en las pr\u00f3ximas horas.<\/p>\n<p>Reporta un error<\/p>\n","protected":false},"excerpt":{"rendered":"Martes, 7 de octubre 2025, 19:09 | Actualizado 23:36h. La Guardia Civil investiga el hallazgo este martes por&hellip;\n","protected":false},"author":2,"featured_media":161872,"comment_status":"","ping_status":"","sticky":false,"template":"","format":"standard","meta":{"footnotes":""},"categories":[8],"tags":[39019,6172,17,18,6247,3075,25,24,13,14,3419,10000,11,19,20,20174,36894,47980,9,10,15,16,23,12,21,22],"class_list":{"0":"post-161871","1":"post","2":"type-post","3":"status-publish","4":"format-standard","5":"has-post-thumbnail","7":"category-espana","8":"tag-aparcado","9":"tag-bar","10":"tag-breaking-news","11":"tag-breakingnews","12":"tag-cadaver","13":"tag-coche","14":"tag-es","15":"tag-espana","16":"tag-featured-news","17":"tag-featurednews","18":"tag-frente","19":"tag-hallan","20":"tag-headlines","21":"tag-latest-news","22":"tag-latestnews","23":"tag-lorca","24":"tag-maletero","25":"tag-maniatado","26":"tag-news","27":"tag-noticias","28":"tag-noticias-destacadas","29":"tag-noticiasdestacadas","30":"tag-spain","31":"tag-titulares","32":"tag-ultimas-noticias","33":"tag-ultimasnoticias"},"share_on_mastodon":{"url":"","error":""},"_links":{"self":[{"href":"https:\/\/www.europesays.com\/es\/wp-json\/wp\/v2\/posts\/161871","targetHints":{"allow":["GET"]}}],"collection":[{"href":"https:\/\/www.europesays.com\/es\/wp-json\/wp\/v2\/posts"}],"about":[{"href":"https:\/\/www.europesays.com\/es\/wp-json\/wp\/v2\/types\/post"}],"author":[{"embeddable":true,"href":"https:\/\/www.europesays.com\/es\/wp-json\/wp\/v2\/users\/2"}],"replies":[{"embeddable":true,"href":"https:\/\/www.europesays.com\/es\/wp-json\/wp\/v2\/comments?post=161871"}],"version-history":[{"count":0,"href":"https:\/\/www.europesays.com\/es\/wp-json\/wp\/v2\/posts\/161871\/revisions"}],"wp:featuredmedia":[{"embeddable":true,"href":"https:\/\/www.europesays.com\/es\/wp-json\/wp\/v2\/media\/161872"}],"wp:attachment":[{"href":"https:\/\/www.europesays.com\/es\/wp-json\/wp\/v2\/media?parent=161871"}],"wp:term":[{"taxonomy":"category","embeddable":true,"href":"https:\/\/www.europesays.com\/es\/wp-json\/wp\/v2\/categories?post=161871"},{"taxonomy":"post_tag","embeddable":true,"href":"https:\/\/www.europesays.com\/es\/wp-json\/wp\/v2\/tags?post=161871"}],"curies":[{"name":"wp","href":"https:\/\/api.w.org\/{rel}","templated":true}]}}