{"id":161873,"date":"2025-10-08T01:42:10","date_gmt":"2025-10-08T01:42:10","guid":{"rendered":"https:\/\/www.europesays.com\/es\/161873\/"},"modified":"2025-10-08T01:42:10","modified_gmt":"2025-10-08T01:42:10","slug":"ruiz-de-velasco-combinar-los-estudios-con-el-toreo-se-me-hacia-muy-complicado-gracias-a-dios-ya-lo-termine","status":"publish","type":"post","link":"https:\/\/www.europesays.com\/es\/161873\/","title":{"rendered":"Ruiz de Velasco:\u00a0\u201cCombinar los estudios con el toreo se me hac\u00eda muy complicado. Gracias a Dios ya lo termin\u00e9\u201d"},"content":{"rendered":"<p>            <a href=\"https:\/\/www.lascosasdeltoro.com\/wp-content\/uploads\/2025\/10\/Ruiz-de-Velasco.jpg\" data-caption=\"\" rel=\"nofollow noopener\" target=\"_blank\"><img loading=\"lazy\" decoding=\"async\" width=\"696\" height=\"1045\" class=\"entry-thumb td-modal-image\" src=\"https:\/\/www.europesays.com\/es\/wp-content\/uploads\/2025\/10\/Ruiz-de-Velasco-696x1045.jpg\"   alt=\"\" title=\"Ruiz de Velasco\"\/><\/a><\/p>\n<p><strong>El novillero burgal\u00e9s de la Escuela Taurina de Palencia\u00a0ha debutado con picadores en el Circuito de Castilla y Le\u00f3n. Por delante tiene la Final de la Liga ocupando el puesto de Julio Norte tras terminar temporada debido a la cogida sufrida<\/strong>.<\/p>\n<p>Antes de vestirse de luces,\u00a0<strong>Ruiz de Velasco<\/strong>\u00a0se enfundaba la bata de laboratorio. El joven nacido en Burgos pero afincado en Madrid\u00a0acaba de finalizar sus estudios de Ingenier\u00eda Biom\u00e9dica, una carrera exigente que ha compaginado con su sue\u00f1o de ser torero.\u00a0\u201cGracias a Dios ya la termin\u00e9. Se me hizo muy complicado y muy duro en muchos momentos, pero tambi\u00e9n me ha aportado muchas cosas que llevar\u00e9 siempre conmigo, tanto en lo profesional como en lo personal\u201d, confiesa.<\/p>\n<p>Con esa misma disciplina con la que afront\u00f3 sus estudios, ha encarado una temporada que lo ha colocado entre los nombres m\u00e1s destacados del escalaf\u00f3n. Su participaci\u00f3n en e<strong>l Circuito de Castilla y Le\u00f3n\u00a0<\/strong>ha sido clave para su evoluci\u00f3n:\u00a0\u201cHa sido muy importante para m\u00ed porque, lo primero, pude debutar con caballos y son novilladas que, con la televisi\u00f3n y el ambiente que se crea, nos permiten mostrarnos ante la afici\u00f3n\u201d.<\/p>\n<p>El\u00a0<strong>balance<\/strong>\u00a0no puede ser m\u00e1s positivo. Ruiz de Velasco finaliz\u00f3 como segundo clasificado del certamen, dejando una gran impresi\u00f3n tanto por su entrega como por su concepto. \u201cCreo que todo lo que se ha visto es bueno. Poco a poco voy creciendo y asentando mi toreo\u201d, asegura.<\/p>\n<p>El novillero ha sido\u00a0<strong>incluido en la Final de la Liga Nacional de Novilladas<\/strong>, que se celebrar\u00e1 el pr\u00f3ximo 27 de octubre en Sanl\u00facar de Barrameda, tras la baja por lesi\u00f3n del triunfador Julio Norte.\u00a0\u201cEstar acartelado en esta final es muy importante. En el Circuito de Castilla y Le\u00f3n dej\u00e9 una imagen muy buena y ahora quiero reafirmarlo en una plaza tan torera como Sanl\u00facar\u201d,\u00a0explica.<\/p>\n<p>Respecto al<strong>\u00a0cartel<\/strong>, Ruiz de Velasco destaca el nivel y la competencia:\u00a0\u201cRe\u00fane muchas cosas. Somos cinco novilleros en un momento muy bueno y la ganader\u00eda es de garant\u00edas. La plaza tiene una historia y un ambiente especial, donde se respira toreo por los cuatro costados\u201d.<\/p>\n<p>Sin una\u00a0<strong>preparaci\u00f3n<\/strong>\u00a0espec\u00edfica para la cita, afronta el compromiso con confianza y madurez.\u00a0\u201cMe preparo para toda la temporada, para las tardes que vengan. Ya estoy preparado\u201d, afirma con convicci\u00f3n.<\/p>\n<p>\u201cEstos cert\u00e1menes son un trampol\u00edn para nosotros. No hay muchas novilladas, y gracias a los circuitos podemos entrar en ferias y seguir toreando\u201d, reconoce el joven, que encara la cita de Sanl\u00facar con la ilusi\u00f3n intacta.\u00a0\u201cQuiero que el p\u00fablico vea mi forma de sentir el toreo y demostrar que estoy preparado para seguir creciendo\u201d.<\/p>\n<p><a href=\"#\"><img decoding=\"async\" src=\"https:\/\/www.lascosasdeltoro.com\/wp-content\/uploads\/2016\/10\/rec728.jpg\"\/><\/a>        <\/p>\n","protected":false},"excerpt":{"rendered":"El novillero burgal\u00e9s de la Escuela Taurina de Palencia\u00a0ha debutado con picadores en el Circuito de Castilla y&hellip;\n","protected":false},"author":2,"featured_media":161874,"comment_status":"","ping_status":"","sticky":false,"template":"","format":"standard","meta":{"footnotes":""},"categories":[277],"tags":[373,168,25,24,23,167,374],"class_list":{"0":"post-161873","1":"post","2":"type-post","3":"status-publish","4":"format-standard","5":"has-post-thumbnail","7":"category-toreo","8":"tag-bullfighting","9":"tag-deportes","10":"tag-es","11":"tag-espana","12":"tag-spain","13":"tag-sports","14":"tag-toreo"},"share_on_mastodon":{"url":"","error":""},"_links":{"self":[{"href":"https:\/\/www.europesays.com\/es\/wp-json\/wp\/v2\/posts\/161873","targetHints":{"allow":["GET"]}}],"collection":[{"href":"https:\/\/www.europesays.com\/es\/wp-json\/wp\/v2\/posts"}],"about":[{"href":"https:\/\/www.europesays.com\/es\/wp-json\/wp\/v2\/types\/post"}],"author":[{"embeddable":true,"href":"https:\/\/www.europesays.com\/es\/wp-json\/wp\/v2\/users\/2"}],"replies":[{"embeddable":true,"href":"https:\/\/www.europesays.com\/es\/wp-json\/wp\/v2\/comments?post=161873"}],"version-history":[{"count":0,"href":"https:\/\/www.europesays.com\/es\/wp-json\/wp\/v2\/posts\/161873\/revisions"}],"wp:featuredmedia":[{"embeddable":true,"href":"https:\/\/www.europesays.com\/es\/wp-json\/wp\/v2\/media\/161874"}],"wp:attachment":[{"href":"https:\/\/www.europesays.com\/es\/wp-json\/wp\/v2\/media?parent=161873"}],"wp:term":[{"taxonomy":"category","embeddable":true,"href":"https:\/\/www.europesays.com\/es\/wp-json\/wp\/v2\/categories?post=161873"},{"taxonomy":"post_tag","embeddable":true,"href":"https:\/\/www.europesays.com\/es\/wp-json\/wp\/v2\/tags?post=161873"}],"curies":[{"name":"wp","href":"https:\/\/api.w.org\/{rel}","templated":true}]}}