{"id":161881,"date":"2025-10-08T01:49:14","date_gmt":"2025-10-08T01:49:14","guid":{"rendered":"https:\/\/www.europesays.com\/es\/161881\/"},"modified":"2025-10-08T01:49:14","modified_gmt":"2025-10-08T01:49:14","slug":"el-barca-arrolla-al-bayern-y-manda-un-mensaje-a-europa","status":"publish","type":"post","link":"https:\/\/www.europesays.com\/es\/161881\/","title":{"rendered":"El Bar\u00e7a arrolla al Bayern y manda un mensaje a Europa"},"content":{"rendered":"<p class=\"ft-text\">El Bar\u00e7a ten\u00eda ganas de callar bocas. Desde Lisboa lleva meses escuchando que su ciclo se ha acabado, que ya no es el favorito, que el Arsenal le hab\u00eda bajado del trono. <strong>Pero no hay nada que alimente m\u00e1s a una bestia que el ruido. Y este Bar\u00e7a, herido en el orgullo, sali\u00f3 al Johan Cruyff a rugir. \u201cYo no tengo que hacer nada para motivarlas. Estas t\u00edas est\u00e1n motivad\u00edsimas. Tienen hambre\u201d<\/strong>, hab\u00eda dicho Pere Romeu en la previa. Solo faltaban los focos, las lucecitas y las estrellas para que el Bar\u00e7a se reencontrara con su territorio natural: las noches grandes de Europa.<\/p>\n<p class=\"ft-text\">El estreno en la Champions, el primer paso hacia Oslo, era de altura. <strong>El Bayern de M\u00fanich llegaba invicto, sin un solo gol encajado, con un once de lujo \u2014B\u00fchl, Sch\u00fcller, Harder, Stanway, Tanikawa\u2014 y un mensaje claro: competir sin miedo. Pero el Johan ten\u00eda otro plan<\/strong>. Las primeras jornadas de Liga hab\u00edan sido una buena prueba, s\u00ed, pero el term\u00f3metro real era este. Y el Bar\u00e7a, fiel a su esencia, sali\u00f3 a devorar desde el primer minuto.<\/p>\n<p class=\"ft-text\">Con su once de gala \u2014solo una novedad: Salma por Pina, que regresaba de molestias\u2014, las azulgranas marcaron el ritmo desde el arranque. Sab\u00edan que el Bayern no se encerrar\u00eda, as\u00ed que decidieron encerrarlo ellas. Y golpear pronto. <strong>A los tres minutos, un error de B\u00fchl dej\u00f3 el bal\u00f3n suelto en la frontal. Alexia lo caz\u00f3, lo mim\u00f3 y lo envi\u00f3 a la escuadra con una rosca de museo. Golazo, beso al escudo y reverencia al p\u00fablico mientras sonaba \u2018L\u2019escut al pit\u2019<\/strong> y Raphinha, en el palco, la aplaud\u00eda. Pura poes\u00eda. La Reina es cul\u00e9.<\/p>\n<p class=\"ft-text\">El Bar\u00e7a oli\u00f3 la sangre. Aitana, omnipresente, oblig\u00f3 a Mahmutovic a despejar a c\u00f3rner, y en la siguiente acci\u00f3n <strong>Mapi centr\u00f3, Paredes cabece\u00f3 al larguero y Pajor, atenta, empuj\u00f3 el segundo. Era un mon\u00f3logo azulgrana: ritmo, fluidez y presi\u00f3n alta que asfixiaba. <\/strong>Ona Batlle sec\u00f3 a B\u00fchl, Patri manej\u00f3 los tiempos y el Bayern se deshizo entre las l\u00edneas. <strong>Lleg\u00f3 el tercero, obra de Brugts, con un disparo sereno y potente desde el \u00e1rea. <\/strong>En media hora, el campe\u00f3n alem\u00e1n no hab\u00eda tocado la puerta de Cata Coll.<\/p>\n<p>Vendabal ofensivo<\/p>\n<p class=\"ft-text\">El Bayern, superado, apenas encontraba aire. Harder y Stanway buscaban la espalda de las defensas sin \u00e9xito, mientras Sch\u00fcller chocaba una y otra vez con Paredes. <strong>Patri, en su versi\u00f3n m\u00e1s elegante, organizaba el juego con pases que romp\u00edan l\u00edneas, y Aitana \u2014una vez m\u00e1s\u2014 convert\u00eda el caos en arte. <\/strong>Este Bar\u00e7a jugaba con la autoridad de quien se sabe superior, pero con la humildad del que no olvida lo que es perder.<\/p>\n<p class=\"ft-text\"><strong>B\u00fchl, curiosamente la que estuvo a punto de fichar por el Bar\u00e7a, marc\u00f3 el tanto del honor con un derechazo cruzado. <\/strong>Un detalle de orgullo. Pero ni eso fren\u00f3 el cicl\u00f3n. El Bar\u00e7a sali\u00f3 con bal\u00f3n controlado ante la presi\u00f3n b\u00e1vara, con la serenidad que no tuvo en Manchester un a\u00f1o atr\u00e1s. <strong>Antes del descanso, Salma Paralluelo puso el cuarto tras una jugada deliciosa de Aitana.<\/strong> Cuatro a uno. Y a\u00fan quedaba medio partido.<\/p>\n<p><img decoding=\"async\" src=\"https:\/\/www.europesays.com\/es\/wp-content\/uploads\/2025\/10\/eff1cd97-91ae-45a9-8189-b128231248b4_alta-libre-aspect-ratio_default_0.jpg\" width=\"1200\" height=\"800\" alt=\"Salma Paralluelo, celebrando su gol\" class=\"ft-helper-img-rd\" loading=\"lazy\" hasdataaida=\"true\"\/><\/p>\n<p class=\"ft-helper-fontColor-quaternary ft-helper-fontSize-body-S ft-helper-spacer-t-xxs\">Salma Paralluelo, celebrando su gol  \/ Dani Barbeito<\/p>\n<p>Siempre m\u00e1s<\/p>\n<p class=\"ft-text\">El Bayern intent\u00f3 recomponerse, pero se encontr\u00f3 con una avalancha. La colegiada anul\u00f3 un gol por fuera de juego a Stanway y otro a Paredes, aunque nada pod\u00eda cambiar el guion. El Bar\u00e7a jugaba como quer\u00eda: r\u00e1pido, vertical, con una convicci\u00f3n contagiosa. Patri, Alexia y Aitana dominaban el centro del campo como si el tiempo se detuviera a su paso. <strong>El quinto fue de Pajor, que firm\u00f3 su doblete tras una recuperaci\u00f3n de Alexia y una asistencia de cabeza. <\/strong>La manita desat\u00f3 la euforia en el Johan. Entraron Pina, Vicky L\u00f3pez, Sydney Schertenleib y debut\u00f3 Clara Serrajordi, confirmando que la cantera sigue siendo el alma del proyecto. <strong>Faltaba la guinda. \u00bfPor qu\u00e9 conformarse con cinco si pueden ser seis (o siete)? Lleg\u00f3 por partida doble: Pina, la m\u00e1xima goleadora de la pasada Champions, volvi\u00f3 con dos goles que cerraron la goleada y completaron una noche perfecta. <\/strong><\/p>\n<p class=\"ft-text\">El Johan fue una fiesta. Las gradas cantaban, las jugadoras se divert\u00edan, y en el aire flotaba una sensaci\u00f3n inconfundible: la de un equipo que ha vuelto. Que sigue hambriento. Que no olvida Lisboa, pero la usa como combustible. <strong>No es c\u00f3mo se empieza, sino c\u00f3mo se acaba. Pero qu\u00e9 manera de empezar. Qu\u00e9 manera de responder a los prejuicios, a las dudas y a las comparaciones. Este Bar\u00e7a juega, convence y arrasa.<\/strong> Este Bar\u00e7a no ha terminado su historia: acaba de escribir el primer cap\u00edtulo de su reconquista<\/p>\n","protected":false},"excerpt":{"rendered":"El Bar\u00e7a ten\u00eda ganas de callar bocas. Desde Lisboa lleva meses escuchando que su ciclo se ha acabado,&hellip;\n","protected":false},"author":2,"featured_media":161882,"comment_status":"","ping_status":"","sticky":false,"template":"","format":"standard","meta":{"footnotes":""},"categories":[268],"tags":[1548,18515,2296,24836,168,25,24,44460,5039,280,282,11787,8079,7517,281,23,167],"class_list":{"0":"post-161881","1":"post","2":"type-post","3":"status-publish","4":"format-standard","5":"has-post-thumbnail","7":"category-futbol","8":"tag-alexia-putellas","9":"tag-arrolla","10":"tag-barca","11":"tag-bayern","12":"tag-deportes","13":"tag-es","14":"tag-espana","15":"tag-ewa-pajor","16":"tag-fc-barcelona-femenino","17":"tag-football","18":"tag-futbol","19":"tag-manda","20":"tag-mensaje","21":"tag-salma-paralluelo","22":"tag-soccer","23":"tag-spain","24":"tag-sports"},"share_on_mastodon":{"url":"","error":""},"_links":{"self":[{"href":"https:\/\/www.europesays.com\/es\/wp-json\/wp\/v2\/posts\/161881","targetHints":{"allow":["GET"]}}],"collection":[{"href":"https:\/\/www.europesays.com\/es\/wp-json\/wp\/v2\/posts"}],"about":[{"href":"https:\/\/www.europesays.com\/es\/wp-json\/wp\/v2\/types\/post"}],"author":[{"embeddable":true,"href":"https:\/\/www.europesays.com\/es\/wp-json\/wp\/v2\/users\/2"}],"replies":[{"embeddable":true,"href":"https:\/\/www.europesays.com\/es\/wp-json\/wp\/v2\/comments?post=161881"}],"version-history":[{"count":0,"href":"https:\/\/www.europesays.com\/es\/wp-json\/wp\/v2\/posts\/161881\/revisions"}],"wp:featuredmedia":[{"embeddable":true,"href":"https:\/\/www.europesays.com\/es\/wp-json\/wp\/v2\/media\/161882"}],"wp:attachment":[{"href":"https:\/\/www.europesays.com\/es\/wp-json\/wp\/v2\/media?parent=161881"}],"wp:term":[{"taxonomy":"category","embeddable":true,"href":"https:\/\/www.europesays.com\/es\/wp-json\/wp\/v2\/categories?post=161881"},{"taxonomy":"post_tag","embeddable":true,"href":"https:\/\/www.europesays.com\/es\/wp-json\/wp\/v2\/tags?post=161881"}],"curies":[{"name":"wp","href":"https:\/\/api.w.org\/{rel}","templated":true}]}}