{"id":161883,"date":"2025-10-08T01:50:13","date_gmt":"2025-10-08T01:50:13","guid":{"rendered":"https:\/\/www.europesays.com\/es\/161883\/"},"modified":"2025-10-08T01:50:13","modified_gmt":"2025-10-08T01:50:13","slug":"emma-watson-reaparece-y-hace-una-entrada-iconica-en-el-desfile-de-miu-miu-en-paris","status":"publish","type":"post","link":"https:\/\/www.europesays.com\/es\/161883\/","title":{"rendered":"Emma Watson reaparece y hace una entrada ic\u00f3nica en el desfile de Miu Miu en Par\u00eds"},"content":{"rendered":"<p id=\"eI7thz7qND2\" data-wc=\"54\"><strong>Emma Watson<\/strong> ha vuelto a robar miradas \u2014y no en un set de filmaci\u00f3n\u2014 sino desde la Semana de la Moda de Par\u00eds. La protagonista de Harry Potter fue una de las invitadas m\u00e1s esperadas en el desfile de Miu Miu, donde hizo una entrada inesperada y cinematogr\u00e1fica al llegar montada en una motocicleta.<\/p>\n<p id=\"edDM6FvU1DA\" data-wc=\"42\">La actriz, conocida por su elegancia natural y su compromiso con la moda sustentable, en esta ocasi\u00f3n Emma eligi\u00f3 un conjunto que sintetiza a la perfecci\u00f3n su estilo personal, mismo que se caracteriza por ser sofisticado pero sin caer en lo pretencioso.\u00a0<\/p>\n<p> <img src=\"https:\/\/www.europesays.com\/es\/wp-content\/uploads\/2025\/10\/42f4c8fd9186-gettyimages-2239551365.jpg\"   width=\"682\" height=\"1024\" loading=\"lazy\" decoding=\"async\" alt=\"Emma Watson llega en moto al desfile de Miu Miu.\" fetchpriority=\"auto\" class=\"image ho-image\"\/>\u00a9 Getty ImagesEmma Watson llega en moto al desfile de Miu Miu.<br \/>\nEl look de Emma Watson para el desfile<\/p>\n<p id=\"eq46H8B2H3T\" data-wc=\"49\">La actriz luci\u00f3 un mini vestido en tono rosa palo de silueta estructurada, que acompa\u00f1\u00f3 con una chaqueta de ante color camello con botones dorados, un gui\u00f1o evidente a la est\u00e9tica mod de los a\u00f1os sesenta, que se ha convertido en una constante en el universo de Miu Miu.\u00a0<\/p>\n<p id=\"eCO-dTgBWih\" data-wc=\"48\">La actriz complement\u00f3 el look\u00a0con <a class=\"hm-link ho-link\" href=\"https:\/\/www.hola.com\/us-es\/moda\/20240826714717\/kitten-heels-los-favoritos-de-las-amantes-de-la-moda\/\" rel=\"noopener nofollow\" target=\"_blank\" data-mrf-recirculation=\"article-body-link\">un par de kitten heels de punta afilada con peque\u00f1o mo\u00f1o en la punta<\/a>, y termin\u00f3 el conjunto con un bolso negro de estructura r\u00edgida y las ic\u00f3nicas gafas redondas de la maison con las que aport\u00f3 un aire intelectual y retro.<\/p>\n<p> <img src=\"https:\/\/www.europesays.com\/es\/wp-content\/uploads\/2025\/10\/cc4aa076e74d-gettyimages-2239560599.jpg\"   width=\"682\" height=\"1024\" loading=\"lazy\" decoding=\"async\" alt=\"Watson tras llegar al desfile de Miu Miu Spring\/Summer 2026.\" fetchpriority=\"auto\" class=\"image ho-image\"\/>\u00a9 Getty ImagesWatson tras llegar al desfile de Miu Miu Spring\/Summer 2026.<\/p>\n<p id=\"eYfpj6-YwmJ\" data-wc=\"50\">Este atuendo refleja a la perfecci\u00f3n la personalidad de Emma quien es conocida por ser equilibrada, inteligente y con una feminidad natural.<strong>\u00a0En tiempos donde la moda apuesta por ser extravagante y dram\u00e1tica, la actriz reafirm\u00f3 que una apuesta sencilla y sutil sigue puede ser una declaraci\u00f3n igual de poderosa.<\/strong><\/p>\n<p>Emma Watson y su relaci\u00f3n con la vida p\u00fablica<\/p>\n<p id=\"ec1-kYmaVqL\" data-wc=\"46\">La presencia de Watson en la capital francesa cobra relevancia por lo raro que es verla en eventos p\u00fablicos del calibre de este desfile. En los \u00faltimos a\u00f1os, la actriz ha optado por alejarse del ojo p\u00fablico, dedic\u00e1ndose a proyectos personales, activismo ambiental y direcci\u00f3n creativa.\u00a0<\/p>\n<p> <img src=\"https:\/\/www.europesays.com\/es\/wp-content\/uploads\/2025\/10\/7ce3f3140ff4-gettyimages-2239549610.jpg\"   width=\"682\" height=\"1024\" loading=\"lazy\" decoding=\"async\" alt=\"Emma Watson luce impecable en las calles de Mil\u00e1n.\" fetchpriority=\"auto\" class=\"image ho-image\"\/>\u00a9 Getty ImagesEmma Watson luce impecable en las calles de Par\u00eds.<\/p>\n<p id=\"e93SQBRCd7XJ\" data-wc=\"46\">Hace unas semanas, la actriz fue una de las invitadas al podcast de<strong>\u00a0Jay Shetty<\/strong> y esta marc\u00f3 su primera intervenci\u00f3n medi\u00e1tica despu\u00e9s de meses. Ahora, con su paso por la Fashion Week confirma que sigue eligiendo cuidadosamente cu\u00e1ndo y c\u00f3mo regresar a la vida p\u00fablica.<\/p>\n<p>La m\u00e1s reciente entrega de Miu Miu<\/p>\n<p id=\"edGN2IaZA7X2\" data-wc=\"42\"><strong>Miu Miu<\/strong> se ha convertido en una marca emblema del nuevo lujo intelectual, combinando coqueter\u00eda con rebeld\u00eda. Que <strong>Emma Watson\u00a0<\/strong>se siente en su front row parece inevitable pues ambas representan una misma filosof\u00eda: una feminidad moderna, pensante y libre de excesos.\u00a0<\/p>\n<p>  <img src=\"https:\/\/www.europesays.com\/es\/wp-content\/uploads\/2025\/10\/49c8765a7727-miu-miu-s26-059.jpg\"   width=\"682\" height=\"1024\" loading=\"lazy\" decoding=\"async\" alt=\"Media Image\" fetchpriority=\"auto\" class=\"image ho-image\"\/>\u00a9 Launchmetrics Spotlight<\/p>\n<p>  <img src=\"https:\/\/www.europesays.com\/es\/wp-content\/uploads\/2025\/10\/bbc63348f03b-miu-miu-s26-042a.jpg\"   width=\"682\" height=\"1024\" loading=\"lazy\" decoding=\"async\" alt=\"Media Image\" fetchpriority=\"auto\" class=\"image ho-image\"\/>\u00a9 Launchmetrics Spotlight<\/p>\n<p id=\"ebbFLGc6RUsR\" data-wc=\"36\">En esta \u00faltima entrega vemos una explosi\u00f3n de colores, layering de piezas en diferentes tonos y conjuntos que balancean a la perfecci\u00f3n la dualidad entre femenino y masculino, pero siempre con un toque sofisticado y moderno.\u00a0<\/p>\n","protected":false},"excerpt":{"rendered":"Emma Watson ha vuelto a robar miradas \u2014y no en un set de filmaci\u00f3n\u2014 sino desde la Semana&hellip;\n","protected":false},"author":2,"featured_media":161884,"comment_status":"","ping_status":"","sticky":false,"template":"","format":"standard","meta":{"footnotes":""},"categories":[174],"tags":[517,255,146,147,25,24,256,1023,22110,23],"class_list":{"0":"post-161883","1":"post","2":"type-post","3":"status-publish","4":"format-standard","5":"has-post-thumbnail","7":"category-famosos","8":"tag-actualidad","9":"tag-celebrities","10":"tag-entertainment","11":"tag-entretenimiento","12":"tag-es","13":"tag-espana","14":"tag-famosos","15":"tag-moda","16":"tag-paris-fashion-week","17":"tag-spain"},"share_on_mastodon":{"url":"","error":""},"_links":{"self":[{"href":"https:\/\/www.europesays.com\/es\/wp-json\/wp\/v2\/posts\/161883","targetHints":{"allow":["GET"]}}],"collection":[{"href":"https:\/\/www.europesays.com\/es\/wp-json\/wp\/v2\/posts"}],"about":[{"href":"https:\/\/www.europesays.com\/es\/wp-json\/wp\/v2\/types\/post"}],"author":[{"embeddable":true,"href":"https:\/\/www.europesays.com\/es\/wp-json\/wp\/v2\/users\/2"}],"replies":[{"embeddable":true,"href":"https:\/\/www.europesays.com\/es\/wp-json\/wp\/v2\/comments?post=161883"}],"version-history":[{"count":0,"href":"https:\/\/www.europesays.com\/es\/wp-json\/wp\/v2\/posts\/161883\/revisions"}],"wp:featuredmedia":[{"embeddable":true,"href":"https:\/\/www.europesays.com\/es\/wp-json\/wp\/v2\/media\/161884"}],"wp:attachment":[{"href":"https:\/\/www.europesays.com\/es\/wp-json\/wp\/v2\/media?parent=161883"}],"wp:term":[{"taxonomy":"category","embeddable":true,"href":"https:\/\/www.europesays.com\/es\/wp-json\/wp\/v2\/categories?post=161883"},{"taxonomy":"post_tag","embeddable":true,"href":"https:\/\/www.europesays.com\/es\/wp-json\/wp\/v2\/tags?post=161883"}],"curies":[{"name":"wp","href":"https:\/\/api.w.org\/{rel}","templated":true}]}}